{"id":24450,"date":"2020-01-17T16:34:16","date_gmt":"2020-01-17T14:34:16","guid":{"rendered":"http:\/\/www.portaldelolleria.es\/?p=24450"},"modified":"2020-01-17T16:36:39","modified_gmt":"2020-01-17T14:36:39","slug":"riesgo-de-nieve-en-lolleria-a-partir-del-domingo","status":"publish","type":"post","link":"http:\/\/www.portaldelolleria.es\/?p=24450","title":{"rendered":"Riesgo de nieve  en l&#8217;Olleria, a partir del domingo"},"content":{"rendered":"<p><a href=\"http:\/\/www.portaldelolleria.es\/wp-content\/uploads\/2020\/01\/nieve.jpg\"><img loading=\"lazy\" class=\"aligncenter size-full wp-image-24454\" title=\"nieve\" src=\"http:\/\/www.portaldelolleria.es\/wp-content\/uploads\/2020\/01\/nieve.jpg\" alt=\"\" width=\"598\" height=\"396\" srcset=\"http:\/\/www.portaldelolleria.es\/wp-content\/uploads\/2020\/01\/nieve.jpg 598w, http:\/\/www.portaldelolleria.es\/wp-content\/uploads\/2020\/01\/nieve-300x198.jpg 300w\" sizes=\"(max-width: 598px) 100vw, 598px\" \/><\/a><\/p>\n<p>El departamento de <strong>112 <\/strong>Emergencias de la Generalitat ha emitido un <a href=\"https:\/\/www.lasprovincias.es\/comunitat\/masa-aire-polar-nieve-valencia-20200116204448-nt.html\" data-voc-vtm-id=\"in-text-traffic\">aviso de temporal en la Comunitat Valenciana<\/a>, en el que advierte de la <strong>alta posibilidad de nevadas en el interior y de fuerte temporal de viento y oleaje en parte de la costa<\/strong>.<\/p>\n<p>Seg\u00fan informa el 112, el Centro de Coordinaci\u00f3n de Emergencias \u00abemite aviso por temporal en la Comunidad. A partir del domingo 19 casi todas las zonas de interior se ver\u00e1n afectadas por la nieve; y las del litoral, por viento, lluvia y fen\u00f3menos costeros\u00bb. La previsi\u00f3n de nieve afecta al interior de la Comunitat, en general, y se recuerda la comprobaci\u00f3n del estado de las carreteras antes de hacer trayectos por la zona.<\/p>\n<p>Aemet ha alertado de que cotas de nieve muy bajas en el interior de Castell\u00f3n:<strong> podr\u00eda nevar a 500 metros e incluso a 300 m de altitud<\/strong>.<\/p>\n<p>Sobre el fuerte oleaje y viento, el aviso concreta que se prev\u00e9 especialmente en el litoral sur de Valencia y norte de Alicante, con riesgo de fuertes lluvias y riesgo en los paseos mar\u00edtimos.<\/p>\n<p>Debido al viento, el 112 recuerda que se deben tomar precauciones en las hogueras de San Ant\u00f3n, a causa de la previsi\u00f3n de rachas de viento de m\u00e1s de 60 km\/h.<\/p>\n<p>Desde la Agencia Valenciana de Seguridad y Respuesta a las Emergencias, de la que depende el Centro de Coordinaci\u00f3n de Emergencias, \u00ab<strong>se recomienda a los municipios y organismos con competencias en la gesti\u00f3n de las emergencias que mantengan la necesaria atenci\u00f3n<\/strong> y seguimiento de todos los avisos que emita durante esos d\u00edas el Centro de Coordinaci\u00f3n de Emergencias de la Generalitat, <strong>con la finalidad de activar con antelaci\u00f3n sus protocolos de actuaci\u00f3n y establecer las pertinentes medidas preventivas <\/strong>en sus respectivos \u00e1mbitos\u00bb.<\/p>\n<p>El Ayuntamiento de Morella, por ejemplo, ya ha activado su protocolo ante las nevadas, seg\u00fan informaron fuentes municipales.<\/p>\n<h3>Mapa de nevadas<\/h3>\n<p>En este mapa de Windy se pueden apreciar las zonas donde se prev\u00e9 que puede nevar en los pr\u00f3ximos d\u00edas y la cantidad de nieve acumulada<br \/>\n<iframe loading=\"lazy\" src=\"https:\/\/embed.windy.com\/embed2.html?lat=38.238&amp;lon=-0.560&amp;zoom=8&amp;level=surface&amp;overlay=wind&amp;menu=&amp;message=&amp;marker=&amp;calendar=&amp;pressure=&amp;type=map&amp;location=coordinates&amp;detail=true&amp;detailLat=38.430&amp;detailLon=-0.544&amp;metricWind=km%2Fh&amp;metricTemp=%C2%B0C&amp;radarRange=-1\" frameborder=\"0\" width=\"598\" height=\"500\"><\/iframe><br \/>\nver noticia original en <a href=\"https:\/\/www.lasprovincias.es\/comunitat\/nevadas-temporal-valencia-20200117122516-nt.html\" target=\"_blank\">Las Provincias<\/a><\/p>\n<p>Ver\u00a0 mapa windy directo de<a href=\"https:\/\/www.windy.com\/38.915\/-0.545?38.900,-0.545,13,m:eJ0af8g\" target=\"_blank\"> l&#8217;Olleria<\/a><\/p>\n<p>&nbsp;<\/p>\n<p><a href=\"http:\/\/www.portaldelolleria.es\/wp-content\/uploads\/2020\/01\/82370190.jpg\"><img loading=\"lazy\" class=\"aligncenter size-full wp-image-24451\" title=\"82370190\" src=\"http:\/\/www.portaldelolleria.es\/wp-content\/uploads\/2020\/01\/82370190.jpg\" alt=\"\" width=\"598\" height=\"845\" srcset=\"http:\/\/www.portaldelolleria.es\/wp-content\/uploads\/2020\/01\/82370190.jpg 598w, http:\/\/www.portaldelolleria.es\/wp-content\/uploads\/2020\/01\/82370190-212x300.jpg 212w\" sizes=\"(max-width: 598px) 100vw, 598px\" \/><\/a><\/p>\n<p><a href=\"http:\/\/www.portaldelolleria.es\/wp-content\/uploads\/2020\/01\/84016789.jpg\"><img loading=\"lazy\" class=\"aligncenter size-full wp-image-24452\" title=\"84016789\" src=\"http:\/\/www.portaldelolleria.es\/wp-content\/uploads\/2020\/01\/84016789.jpg\" alt=\"\" width=\"598\" height=\"845\" srcset=\"http:\/\/www.portaldelolleria.es\/wp-content\/uploads\/2020\/01\/84016789.jpg 598w, http:\/\/www.portaldelolleria.es\/wp-content\/uploads\/2020\/01\/84016789-212x300.jpg 212w\" sizes=\"(max-width: 598px) 100vw, 598px\" \/><\/a><\/p>\n","protected":false},"excerpt":{"rendered":"<p>El departamento de 112 Emergencias de la Generalitat ha emitido un aviso de temporal en la Comunitat Valenciana, en el que advierte de la alta posibilidad de nevadas en el interior y de fuerte temporal de viento y oleaje en parte de la costa. Seg\u00fan informa el 112, el Centro de Coordinaci\u00f3n de Emergencias \u00abemite [&hellip;]<\/p>\n","protected":false},"author":1,"featured_media":0,"comment_status":"closed","ping_status":"open","sticky":false,"template":"","format":"standard","meta":{"_monsterinsights_skip_tracking":false,"_monsterinsights_sitenote_active":false,"_monsterinsights_sitenote_note":"","_monsterinsights_sitenote_category":0},"categories":[3,12],"tags":[],"_links":{"self":[{"href":"http:\/\/www.portaldelolleria.es\/index.php?rest_route=\/wp\/v2\/posts\/24450"}],"collection":[{"href":"http:\/\/www.portaldelolleria.es\/index.php?rest_route=\/wp\/v2\/posts"}],"about":[{"href":"http:\/\/www.portaldelolleria.es\/index.php?rest_route=\/wp\/v2\/types\/post"}],"author":[{"embeddable":true,"href":"http:\/\/www.portaldelolleria.es\/index.php?rest_route=\/wp\/v2\/users\/1"}],"replies":[{"embeddable":true,"href":"http:\/\/www.portaldelolleria.es\/index.php?rest_route=%2Fwp%2Fv2%2Fcomments&post=24450"}],"version-history":[{"count":3,"href":"http:\/\/www.portaldelolleria.es\/index.php?rest_route=\/wp\/v2\/posts\/24450\/revisions"}],"predecessor-version":[{"id":24456,"href":"http:\/\/www.portaldelolleria.es\/index.php?rest_route=\/wp\/v2\/posts\/24450\/revisions\/24456"}],"wp:attachment":[{"href":"http:\/\/www.portaldelolleria.es\/index.php?rest_route=%2Fwp%2Fv2%2Fmedia&parent=24450"}],"wp:term":[{"taxonomy":"category","embeddable":true,"href":"http:\/\/www.portaldelolleria.es\/index.php?rest_route=%2Fwp%2Fv2%2Fcategories&post=24450"},{"taxonomy":"post_tag","embeddable":true,"href":"http:\/\/www.portaldelolleria.es\/index.php?rest_route=%2Fwp%2Fv2%2Ftags&post=24450"}],"curies":[{"name":"wp","href":"https:\/\/api.w.org\/{rel}","templated":true}]}}