{"id":2447,"date":"2013-03-06T12:41:37","date_gmt":"2013-03-06T11:41:37","guid":{"rendered":"http:\/\/www.portaldelolleria.es\/?p=2447"},"modified":"2013-03-06T12:41:37","modified_gmt":"2013-03-06T11:41:37","slug":"l%e2%80%99olleria-clausura-el-mig-any-fester-con-un-concierto-de-lujo","status":"publish","type":"post","link":"http:\/\/www.portaldelolleria.es\/?p=2447","title":{"rendered":"L\u2019Olleria clausura el Mig Any Fester con un concierto de lujo"},"content":{"rendered":"<p><a href=\"http:\/\/www.portaldelolleria.es\/wp-content\/uploads\/2013\/03\/miganyfes.jpg\"><img loading=\"lazy\" class=\"aligncenter size-full wp-image-2448\" title=\"miganyfes\" src=\"http:\/\/www.portaldelolleria.es\/wp-content\/uploads\/2013\/03\/miganyfes.jpg\" alt=\"\" width=\"598\" height=\"398\" srcset=\"http:\/\/www.portaldelolleria.es\/wp-content\/uploads\/2013\/03\/miganyfes.jpg 598w, http:\/\/www.portaldelolleria.es\/wp-content\/uploads\/2013\/03\/miganyfes-300x199.jpg 300w\" sizes=\"(max-width: 598px) 100vw, 598px\" \/><\/a><\/p>\n<p>L\u2019Olleria acog\u00eda el pasado domingo el concierto del Mig Any Fester, un acto que llen\u00f3 el Teatro Goya de un p\u00fablico entregado que pudo disfrutar de un concierto irrepetible.<\/p>\n<p>El alcalde de L\u2019Olleria, Jos\u00e9 Vidal subrayaba en su bienvenida \u201cel orgullo que es para todos nosotros el poder contar hoy con la presencia de estos cinco directores de gran prestigio que vienen a engrandecer nuestra riqueza cultural y musical, y su presencia es gracias al trabajo y el esfuerzo que ha realizado la <em>Agrupaci\u00f3n Escola Musical La Nova de L\u2019Olleria<\/em>, por lo que les felicito, especialmente a su presidente, Javier Sanz, por vuestra ilusi\u00f3n y ganas de superarse y por este concierto que estoy seguro va\u00a0 a ser inolvidable\u201d.<\/p>\n<p><em>La Nova<\/em> fue la encargada de interpretar las 9 piezas de las que const\u00f3 el concierto y entre las que se pudo disfrutar de un estreno, la obra <em>Davdrian<\/em> de Jos\u00e9 Ure\u00f1a, director de <em>La Nova <\/em>que dedic\u00f3 esta pieza a dos percusionistas de la banda, una marcha muy en\u00e9rgica y con mucha presencia de los instrumentos de percusi\u00f3n que arranc\u00f3 el aplauso del p\u00fablico antes incluso de su finalizaci\u00f3n.<\/p>\n<p>Adem\u00e1s, se pudo disfrutar de la obra <em>Ra\u00eds Kabir<\/em> de Daniel Juan Ferrero, obra que fue dirigida por \u00e9l mismo, tambi\u00e9n subi\u00f3 al escenario Jos\u00e9 Rafael Pascual para dirigir <em>Archaeus<\/em>, ya en la segunda parte, Rafael Mullor ofreci\u00f3 la pieza <em>Alcoi, Escata i Destral<\/em> y Ram\u00f3n Garc\u00eda la marcha mora <em>Serrana<\/em>. La sorpresa llegaba al final cuando Jos\u00e9 Ure\u00f1a, daba paso al maestro Enrique Garc\u00eda Asensio para dirigir el <em>Himno de la Fiesta<\/em>, pieza compuesta por el autor olleriense Francesc Cerd\u00e0 que siempre cierra los actos de las Fiestas de Moros y Cristianos.<\/p>\n<p>Previamente al concierto, Maria Dolores Gil, Presidenta de la Junta Gestora de Moros y Cristianos entregaba los premios de los diferentes concursos del <em>Mig Any,<\/em> poes\u00eda, redacci\u00f3n, dibujo as\u00ed como de las competiciones de dardos, futbol\u00edn, domin\u00f3, parch\u00eds, truc, concurso de paellas y de la \u00a0Cabalgata Humor\u00edstica 2012, premio que fue para la \u00a0<em>fil\u00e0 \u00cdberes<\/em>, escuadras 2012, por el bando cristiano fue para \u00a0la <em>fil\u00e0 bandolers<\/em>, primera escuadra traje oficial siendo el cabo Miguel \u00c1ngel P\u00e9rez, y por el bando moro para la <em>fil\u00e0 abencerrajes<\/em> para la escuadra de traje especial siendo el cabo Margarita Borr\u00e1s.<\/p>\n","protected":false},"excerpt":{"rendered":"<p>L\u2019Olleria acog\u00eda el pasado domingo el concierto del Mig Any Fester, un acto que llen\u00f3 el Teatro Goya de un p\u00fablico entregado que pudo disfrutar de un concierto irrepetible. El alcalde de L\u2019Olleria, Jos\u00e9 Vidal subrayaba en su bienvenida \u201cel orgullo que es para todos nosotros el poder contar hoy con la presencia de estos [&hellip;]<\/p>\n","protected":false},"author":2,"featured_media":0,"comment_status":"closed","ping_status":"open","sticky":false,"template":"","format":"standard","meta":{"_monsterinsights_skip_tracking":false,"_monsterinsights_sitenote_active":false,"_monsterinsights_sitenote_note":"","_monsterinsights_sitenote_category":0},"categories":[17,12],"tags":[495,169,20,559],"_links":{"self":[{"href":"http:\/\/www.portaldelolleria.es\/index.php?rest_route=\/wp\/v2\/posts\/2447"}],"collection":[{"href":"http:\/\/www.portaldelolleria.es\/index.php?rest_route=\/wp\/v2\/posts"}],"about":[{"href":"http:\/\/www.portaldelolleria.es\/index.php?rest_route=\/wp\/v2\/types\/post"}],"author":[{"embeddable":true,"href":"http:\/\/www.portaldelolleria.es\/index.php?rest_route=\/wp\/v2\/users\/2"}],"replies":[{"embeddable":true,"href":"http:\/\/www.portaldelolleria.es\/index.php?rest_route=%2Fwp%2Fv2%2Fcomments&post=2447"}],"version-history":[{"count":1,"href":"http:\/\/www.portaldelolleria.es\/index.php?rest_route=\/wp\/v2\/posts\/2447\/revisions"}],"predecessor-version":[{"id":2449,"href":"http:\/\/www.portaldelolleria.es\/index.php?rest_route=\/wp\/v2\/posts\/2447\/revisions\/2449"}],"wp:attachment":[{"href":"http:\/\/www.portaldelolleria.es\/index.php?rest_route=%2Fwp%2Fv2%2Fmedia&parent=2447"}],"wp:term":[{"taxonomy":"category","embeddable":true,"href":"http:\/\/www.portaldelolleria.es\/index.php?rest_route=%2Fwp%2Fv2%2Fcategories&post=2447"},{"taxonomy":"post_tag","embeddable":true,"href":"http:\/\/www.portaldelolleria.es\/index.php?rest_route=%2Fwp%2Fv2%2Ftags&post=2447"}],"curies":[{"name":"wp","href":"https:\/\/api.w.org\/{rel}","templated":true}]}}