{"id":2450,"date":"2013-03-14T14:55:52","date_gmt":"2013-03-14T13:55:52","guid":{"rendered":"http:\/\/www.portaldelolleria.es\/?p=2450"},"modified":"2013-04-30T17:24:40","modified_gmt":"2013-04-30T16:24:40","slug":"concurso-cartel-anunciador-fiestas-2013","status":"publish","type":"post","link":"http:\/\/www.portaldelolleria.es\/?p=2450","title":{"rendered":"Concurso Cartel Anunciador Fiestas 2013."},"content":{"rendered":"<p>&nbsp;<\/p>\n<p><a href=\"http:\/\/www.portaldelolleria.es\/wp-content\/uploads\/2013\/03\/1.jpg\"><img loading=\"lazy\" class=\"aligncenter size-full wp-image-2451\" title=\"1\" src=\"http:\/\/www.portaldelolleria.es\/wp-content\/uploads\/2013\/03\/1.jpg\" alt=\"\" width=\"598\" height=\"398\" srcset=\"http:\/\/www.portaldelolleria.es\/wp-content\/uploads\/2013\/03\/1.jpg 598w, http:\/\/www.portaldelolleria.es\/wp-content\/uploads\/2013\/03\/1-300x199.jpg 300w\" sizes=\"(max-width: 598px) 100vw, 598px\" \/><\/a><\/p>\n<div>Primer premio: ganador: Jorge Crespo Gabald\u00f3n con el lema \u00ablluiten els capitans\u00bb<\/div>\n<div>Premio local: ganador: Juan Jos\u00e9 Garc\u00eda Ens con el lema \u00abBombolles d\u00b4Il.lusi\u00f3\u00bb<\/div>\n<div>\n<div>En total fueron 7 participantes tanto de L\u00b4Olleria como de fuera del pueblo.<\/div>\n<div>El jurado estaba formado por los 15 presidentes o representantes de las Filaes (15 Filaes) y por el concejal de fiestas: D. Juan Ricardo Ruano Corts.<\/div>\n<\/div>\n<p>La exposici\u00f3n\u00a0 (sin carteles ganadores)\u00a0 est\u00e1 cara al p\u00fablico en el cine\u00a0 Goya,\u00a0 del 4 al 9 de Marzo.\u00a0\u00a0 Se a\u00f1aden fotos de su ubicaci\u00f3n en el teatro para su localizaci\u00f3n.<\/p>\n<p>&nbsp;<\/p>\n<p>&nbsp;<\/p>\n<p><a href=\"http:\/\/www.portaldelolleria.es\/wp-content\/uploads\/2013\/03\/expo3.jpg\"><img loading=\"lazy\" class=\"aligncenter size-full wp-image-2459\" title=\"expo3\" src=\"http:\/\/www.portaldelolleria.es\/wp-content\/uploads\/2013\/03\/expo3.jpg\" alt=\"\" width=\"598\" height=\"399\" srcset=\"http:\/\/www.portaldelolleria.es\/wp-content\/uploads\/2013\/03\/expo3.jpg 598w, http:\/\/www.portaldelolleria.es\/wp-content\/uploads\/2013\/03\/expo3-300x200.jpg 300w\" sizes=\"(max-width: 598px) 100vw, 598px\" \/><\/a><\/p>\n<p>&nbsp;<\/p>\n<p>&nbsp;<\/p>\n<p><a href=\"http:\/\/www.portaldelolleria.es\/wp-content\/uploads\/2013\/03\/3.jpg\"><img loading=\"lazy\" class=\"aligncenter size-full wp-image-2453\" title=\"3\" src=\"http:\/\/www.portaldelolleria.es\/wp-content\/uploads\/2013\/03\/3.jpg\" alt=\"\" width=\"598\" height=\"840\" srcset=\"http:\/\/www.portaldelolleria.es\/wp-content\/uploads\/2013\/03\/3.jpg 598w, http:\/\/www.portaldelolleria.es\/wp-content\/uploads\/2013\/03\/3-213x300.jpg 213w\" sizes=\"(max-width: 598px) 100vw, 598px\" \/><\/a><\/p>\n<p>&nbsp;<\/p>\n<p><a href=\"http:\/\/www.portaldelolleria.es\/wp-content\/uploads\/2013\/03\/2.jpg\"><img loading=\"lazy\" class=\"aligncenter size-full wp-image-2452\" title=\"2\" src=\"http:\/\/www.portaldelolleria.es\/wp-content\/uploads\/2013\/03\/2.jpg\" alt=\"\" width=\"598\" height=\"840\" srcset=\"http:\/\/www.portaldelolleria.es\/wp-content\/uploads\/2013\/03\/2.jpg 598w, http:\/\/www.portaldelolleria.es\/wp-content\/uploads\/2013\/03\/2-213x300.jpg 213w\" sizes=\"(max-width: 598px) 100vw, 598px\" \/><\/a><\/p>\n<p>&nbsp;<\/p>\n<p><a href=\"http:\/\/www.portaldelolleria.es\/wp-content\/uploads\/2013\/03\/4.jpg\"><img loading=\"lazy\" class=\"aligncenter size-full wp-image-2454\" title=\"4\" src=\"http:\/\/www.portaldelolleria.es\/wp-content\/uploads\/2013\/03\/4.jpg\" alt=\"\" width=\"598\" height=\"840\" srcset=\"http:\/\/www.portaldelolleria.es\/wp-content\/uploads\/2013\/03\/4.jpg 598w, http:\/\/www.portaldelolleria.es\/wp-content\/uploads\/2013\/03\/4-213x300.jpg 213w\" sizes=\"(max-width: 598px) 100vw, 598px\" \/><\/a><\/p>\n<p><a href=\"http:\/\/www.portaldelolleria.es\/wp-content\/uploads\/2013\/03\/5.jpg\"><img loading=\"lazy\" class=\"aligncenter size-full wp-image-2455\" title=\"5\" src=\"http:\/\/www.portaldelolleria.es\/wp-content\/uploads\/2013\/03\/5.jpg\" alt=\"\" width=\"598\" height=\"840\" srcset=\"http:\/\/www.portaldelolleria.es\/wp-content\/uploads\/2013\/03\/5.jpg 598w, http:\/\/www.portaldelolleria.es\/wp-content\/uploads\/2013\/03\/5-213x300.jpg 213w\" sizes=\"(max-width: 598px) 100vw, 598px\" \/><\/a><\/p>\n<p><a href=\"http:\/\/www.portaldelolleria.es\/wp-content\/uploads\/2013\/03\/6.jpg\"><img loading=\"lazy\" class=\"aligncenter size-full wp-image-2456\" title=\"6\" src=\"http:\/\/www.portaldelolleria.es\/wp-content\/uploads\/2013\/03\/6.jpg\" alt=\"\" width=\"598\" height=\"840\" srcset=\"http:\/\/www.portaldelolleria.es\/wp-content\/uploads\/2013\/03\/6.jpg 598w, http:\/\/www.portaldelolleria.es\/wp-content\/uploads\/2013\/03\/6-213x300.jpg 213w\" sizes=\"(max-width: 598px) 100vw, 598px\" \/><\/a><\/p>\n<p style=\"text-align: center;\"><a href=\"http:\/\/www.portaldelolleria.es\/wp-content\/uploads\/2013\/03\/expo1.jpg\"><img loading=\"lazy\" class=\"aligncenter size-full wp-image-2457\" title=\"expo1\" src=\"http:\/\/www.portaldelolleria.es\/wp-content\/uploads\/2013\/03\/expo1.jpg\" alt=\"\" width=\"598\" height=\"399\" srcset=\"http:\/\/www.portaldelolleria.es\/wp-content\/uploads\/2013\/03\/expo1.jpg 1000w, http:\/\/www.portaldelolleria.es\/wp-content\/uploads\/2013\/03\/expo1-300x200.jpg 300w\" sizes=\"(max-width: 598px) 100vw, 598px\" \/><\/a><a href=\"http:\/\/www.portaldelolleria.es\/wp-content\/uploads\/2013\/03\/expo2.jpg\"><img loading=\"lazy\" class=\"aligncenter size-full wp-image-2458\" title=\"expo2\" src=\"http:\/\/www.portaldelolleria.es\/wp-content\/uploads\/2013\/03\/expo2.jpg\" alt=\"\" width=\"598\" height=\"399\" srcset=\"http:\/\/www.portaldelolleria.es\/wp-content\/uploads\/2013\/03\/expo2.jpg 1000w, http:\/\/www.portaldelolleria.es\/wp-content\/uploads\/2013\/03\/expo2-300x200.jpg 300w\" sizes=\"(max-width: 598px) 100vw, 598px\" \/><\/a><\/p>\n<p>&nbsp;<\/p>\n","protected":false},"excerpt":{"rendered":"<p>&nbsp; Primer premio: ganador: Jorge Crespo Gabald\u00f3n con el lema \u00ablluiten els capitans\u00bb Premio local: ganador: Juan Jos\u00e9 Garc\u00eda Ens con el lema \u00abBombolles d\u00b4Il.lusi\u00f3\u00bb En total fueron 7 participantes tanto de L\u00b4Olleria como de fuera del pueblo. El jurado estaba formado por los 15 presidentes o representantes de las Filaes (15 Filaes) y por [&hellip;]<\/p>\n","protected":false},"author":2,"featured_media":0,"comment_status":"closed","ping_status":"open","sticky":false,"template":"","format":"standard","meta":{"_monsterinsights_skip_tracking":false,"_monsterinsights_sitenote_active":false,"_monsterinsights_sitenote_note":"","_monsterinsights_sitenote_category":0},"categories":[17,12],"tags":[495,578,298,318,20,579,42],"_links":{"self":[{"href":"http:\/\/www.portaldelolleria.es\/index.php?rest_route=\/wp\/v2\/posts\/2450"}],"collection":[{"href":"http:\/\/www.portaldelolleria.es\/index.php?rest_route=\/wp\/v2\/posts"}],"about":[{"href":"http:\/\/www.portaldelolleria.es\/index.php?rest_route=\/wp\/v2\/types\/post"}],"author":[{"embeddable":true,"href":"http:\/\/www.portaldelolleria.es\/index.php?rest_route=\/wp\/v2\/users\/2"}],"replies":[{"embeddable":true,"href":"http:\/\/www.portaldelolleria.es\/index.php?rest_route=%2Fwp%2Fv2%2Fcomments&post=2450"}],"version-history":[{"count":15,"href":"http:\/\/www.portaldelolleria.es\/index.php?rest_route=\/wp\/v2\/posts\/2450\/revisions"}],"predecessor-version":[{"id":2888,"href":"http:\/\/www.portaldelolleria.es\/index.php?rest_route=\/wp\/v2\/posts\/2450\/revisions\/2888"}],"wp:attachment":[{"href":"http:\/\/www.portaldelolleria.es\/index.php?rest_route=%2Fwp%2Fv2%2Fmedia&parent=2450"}],"wp:term":[{"taxonomy":"category","embeddable":true,"href":"http:\/\/www.portaldelolleria.es\/index.php?rest_route=%2Fwp%2Fv2%2Fcategories&post=2450"},{"taxonomy":"post_tag","embeddable":true,"href":"http:\/\/www.portaldelolleria.es\/index.php?rest_route=%2Fwp%2Fv2%2Ftags&post=2450"}],"curies":[{"name":"wp","href":"https:\/\/api.w.org\/{rel}","templated":true}]}}