{"id":24514,"date":"2020-01-27T15:50:03","date_gmt":"2020-01-27T13:50:03","guid":{"rendered":"http:\/\/www.portaldelolleria.es\/?p=24514"},"modified":"2020-01-27T15:51:48","modified_gmt":"2020-01-27T13:51:48","slug":"ya-se-conocen-las-obras-finalistas-de-la-xvi-edicion-del-cmf-francesc-cerda","status":"publish","type":"post","link":"http:\/\/www.portaldelolleria.es\/?p=24514","title":{"rendered":"Ya se conocen las obras finalistas de la XVI edici\u00f3n del CMF Francesc Cerd\u00e0"},"content":{"rendered":"<p style=\"text-align: justify;\" align=\"center\"><a href=\"http:\/\/www.portaldelolleria.es\/wp-content\/uploads\/2020\/01\/francescerda.jpg\"><img loading=\"lazy\" class=\"aligncenter size-full wp-image-24516\" title=\"francescerda\" src=\"http:\/\/www.portaldelolleria.es\/wp-content\/uploads\/2020\/01\/francescerda.jpg\" alt=\"\" width=\"598\" height=\"396\" srcset=\"http:\/\/www.portaldelolleria.es\/wp-content\/uploads\/2020\/01\/francescerda.jpg 598w, http:\/\/www.portaldelolleria.es\/wp-content\/uploads\/2020\/01\/francescerda-300x198.jpg 300w\" sizes=\"(max-width: 598px) 100vw, 598px\" \/><\/a><\/p>\n<p style=\"text-align: justify;\" align=\"center\"><span style=\"color: #333333;\"><em>Ajuntament de l&#8217;Olleria, 27 de gener de 2020<\/em><\/span><\/p>\n<p style=\"text-align: justify;\" align=\"center\"><strong>Finalistas del 16\u00ba Concurso de M\u00fasica Fiestera \u201cFrancesc Cerd\u00e0\u201d de l&#8217;Olleria<\/strong><\/p>\n<p style=\"text-align: justify;\">Un total de 29 obras se han presentado en esta 16 edici\u00f3n del Concurso de M\u00fasica Fiestera \u201cFrancesc Cerd\u00e0\u201d de l&#8217;Olleria en la modalidad de pasodoble, 9 m\u00e1s que en la pasada edici\u00f3n de esta modalidad celebrada en 2017 y la segunda convocatoria con m\u00e1s obras presentadas de la historia del concurso.<\/p>\n<p style=\"text-align: justify;\">De estas 29 obras, el jurado ha escogido un total de 4 como finalistas. Las obras elegidas han sido las que llevan por lema: Ad terram, Embrujo, En Clarejar y Pecli. Una vez hecho el sorteo, la orden de interpretaci\u00f3n al concierto ser\u00e1: 1.\u00ba Pecli, 2.\u00ba Ad terram, 3.\u00ba En Clarejar y 4.\u00ba Embrujo.<\/p>\n<p style=\"text-align: justify;\">El concierto de presentaci\u00f3n de las obras finalistas de esta 16 edici\u00f3n del Concurso Francesc Cerd\u00e0 ser\u00e1 el 29 de febrero a las 19 horas al Teatro Goya de l&#8217;Olleria.<\/p>\n<p style=\"text-align: justify;\">El Concejal de Cultura del Ayuntamiento de l&#8217;Olleria, Juan Ruano, ha querido \u201crealzar el valor, la importancia y la consolidaci\u00f3n de este concurso en l&#8217;Olleria, demostrable por el n\u00famero de obras presentadas, el n\u00famero de ediciones que lleva el concurso en funcionamiento y sobretodo por el gran nivel que tienen las obras presentadas y que han hecho muy dif\u00edcil la tarea de elecci\u00f3n de los finalistas al jurado de esta edici\u00f3n\u201d.<\/p>\n<p style=\"text-align: justify;\">___________________________<\/p>\n<p style=\"text-align: justify;\" align=\"center\"><span style=\"color: #003366;\"><strong>Finalistes del 16\u00e9 Concurs de M\u00fasica Festera \u201cFrancesc Cerd\u00e0\u201d de l\u2019Olleria<\/strong><\/span><\/p>\n<p style=\"text-align: justify;\"><span style=\"color: #003366;\">Un total de 29 obres s\u2019han presentat en aquesta 16 edici\u00f3 del Concurs de M\u00fasica Festera \u201cFrancesc Cerd\u00e0\u201d de l\u2019Olleria en la modalitat de pasdoble, 9 m\u00e9s que en la passada edici\u00f3 d\u2019aquesta modalitat celebrada en 2017 i la segon convocat\u00f2ria amb m\u00e9s obres presentades de la hist\u00f2ria del concurs.<\/span><\/p>\n<p style=\"text-align: justify;\"><span style=\"color: #003366;\">D\u2019aquestes 29 obres, el jurat ha escollit un total de 4 com a finalistes. Les obres elegides han sigut les que porten per lema: Ad terram, Embrujo, En Clarejar i Pecli. Una vegada fet el sorteig, l\u2019ordre d\u2019interpretaci\u00f3 al concert ser\u00e0: 1r Pecli, 2n Ad terram, 3r En Clarejar i 4t Embrujo.<\/span><\/p>\n<p style=\"text-align: justify;\"><span style=\"color: #003366;\">El concert de presentaci\u00f3 de les obres finalistes d\u2019aquesta 16 edici\u00f3 del Concurs Francesc Cerd\u00e0 ser\u00e0 el 29 de febrer a les 19 hores al Teatre Goya de l\u2019Olleria.<\/span><\/p>\n<p style=\"text-align: justify;\"><span style=\"color: #003366;\">El Regidor de Cultura de l\u2019Ajuntament de l\u2019Olleria, Juan Ruano, ha volgut \u201creal\u00e7ar el valor, la import\u00e0ncia i la consolidaci\u00f3 d\u2019aquest concurs a l\u2019Olleria, demostrable pel nombre d\u2019obres presentades, el nombre d\u2019edicions que du el concurs en funcionament i sobretot pel gran nivell que tenen les obres presentades i que han fet molt dif\u00edcil la tasca d\u2019elecci\u00f3 dels finalistes al jurat d\u2019aquesta edici\u00f3\u201d.<\/span><\/p>\n<div id=\"attachment_24515\" style=\"width: 510px\" class=\"wp-caption aligncenter\"><a href=\"http:\/\/www.portaldelolleria.es\/wp-content\/uploads\/2020\/01\/CERD\u00c0-2020.jpg\"><img aria-describedby=\"caption-attachment-24515\" loading=\"lazy\" class=\"size-full wp-image-24515\" title=\"CERD\u00c0 2020\" src=\"http:\/\/www.portaldelolleria.es\/wp-content\/uploads\/2020\/01\/CERD\u00c0-2020.jpg\" alt=\"\" width=\"500\" height=\"707\" srcset=\"http:\/\/www.portaldelolleria.es\/wp-content\/uploads\/2020\/01\/CERD\u00c0-2020.jpg 500w, http:\/\/www.portaldelolleria.es\/wp-content\/uploads\/2020\/01\/CERD\u00c0-2020-212x300.jpg 212w\" sizes=\"(max-width: 500px) 100vw, 500px\" \/><\/a><p id=\"caption-attachment-24515\" class=\"wp-caption-text\">cartel ayuntamiento<\/p><\/div>\n<p>&nbsp;<\/p>\n","protected":false},"excerpt":{"rendered":"<p>Ajuntament de l&#8217;Olleria, 27 de gener de 2020 Finalistas del 16\u00ba Concurso de M\u00fasica Fiestera \u201cFrancesc Cerd\u00e0\u201d de l&#8217;Olleria Un total de 29 obras se han presentado en esta 16 edici\u00f3n del Concurso de M\u00fasica Fiestera \u201cFrancesc Cerd\u00e0\u201d de l&#8217;Olleria en la modalidad de pasodoble, 9 m\u00e1s que en la pasada edici\u00f3n de esta modalidad [&hellip;]<\/p>\n","protected":false},"author":1,"featured_media":0,"comment_status":"closed","ping_status":"open","sticky":false,"template":"","format":"standard","meta":{"_monsterinsights_skip_tracking":false,"_monsterinsights_sitenote_active":false,"_monsterinsights_sitenote_note":"","_monsterinsights_sitenote_category":0},"categories":[3,12],"tags":[],"_links":{"self":[{"href":"http:\/\/www.portaldelolleria.es\/index.php?rest_route=\/wp\/v2\/posts\/24514"}],"collection":[{"href":"http:\/\/www.portaldelolleria.es\/index.php?rest_route=\/wp\/v2\/posts"}],"about":[{"href":"http:\/\/www.portaldelolleria.es\/index.php?rest_route=\/wp\/v2\/types\/post"}],"author":[{"embeddable":true,"href":"http:\/\/www.portaldelolleria.es\/index.php?rest_route=\/wp\/v2\/users\/1"}],"replies":[{"embeddable":true,"href":"http:\/\/www.portaldelolleria.es\/index.php?rest_route=%2Fwp%2Fv2%2Fcomments&post=24514"}],"version-history":[{"count":2,"href":"http:\/\/www.portaldelolleria.es\/index.php?rest_route=\/wp\/v2\/posts\/24514\/revisions"}],"predecessor-version":[{"id":24518,"href":"http:\/\/www.portaldelolleria.es\/index.php?rest_route=\/wp\/v2\/posts\/24514\/revisions\/24518"}],"wp:attachment":[{"href":"http:\/\/www.portaldelolleria.es\/index.php?rest_route=%2Fwp%2Fv2%2Fmedia&parent=24514"}],"wp:term":[{"taxonomy":"category","embeddable":true,"href":"http:\/\/www.portaldelolleria.es\/index.php?rest_route=%2Fwp%2Fv2%2Fcategories&post=24514"},{"taxonomy":"post_tag","embeddable":true,"href":"http:\/\/www.portaldelolleria.es\/index.php?rest_route=%2Fwp%2Fv2%2Ftags&post=24514"}],"curies":[{"name":"wp","href":"https:\/\/api.w.org\/{rel}","templated":true}]}}