{"id":24519,"date":"2020-01-28T21:16:04","date_gmt":"2020-01-28T19:16:04","guid":{"rendered":"http:\/\/www.portaldelolleria.es\/?p=24519"},"modified":"2020-01-28T21:21:05","modified_gmt":"2020-01-28T19:21:05","slug":"concierto-harmonia-del-parnas","status":"publish","type":"post","link":"http:\/\/www.portaldelolleria.es\/?p=24519","title":{"rendered":"Concierto de Harmonia del Parn\u00e0s"},"content":{"rendered":"<p><a href=\"http:\/\/www.portaldelolleria.es\/wp-content\/uploads\/2020\/01\/8481.jpg\"><img loading=\"lazy\" class=\"aligncenter size-full wp-image-24525\" title=\"848\" src=\"http:\/\/www.portaldelolleria.es\/wp-content\/uploads\/2020\/01\/8481.jpg\" alt=\"\" width=\"598\" height=\"426\" srcset=\"http:\/\/www.portaldelolleria.es\/wp-content\/uploads\/2020\/01\/8481.jpg 598w, http:\/\/www.portaldelolleria.es\/wp-content\/uploads\/2020\/01\/8481-300x213.jpg 300w\" sizes=\"(max-width: 598px) 100vw, 598px\" \/><\/a><\/p>\n<p>&nbsp;<\/p>\n<div>\n<div style=\"text-align: justify;\">El <strong>s\u00e1bado, 1 de febrero, a las 19:00 horas,<\/strong> la agrupaci\u00f3n valenciana<strong> Harmonia del Parn\u00e0s<\/strong> ofrecer\u00e1 en el Teatro Goya,\u00a0 un concierto compuesto de una\u00a0 selecci\u00f3n de piezas de m\u00fasica barroca.<\/div>\n<div style=\"text-align: justify;\">\n<div>Esta formaci\u00f3n pondr\u00e1 en escena el espect\u00e1culo titulado <strong><em>Desde la c\u00e1rcel de Cupido<\/em><\/strong>, que pretende transportarnos al barroco musical valenciano y a un \u00e1mbito hispano enmarcado en el contexto internacional. Se trata de obras instrumentales cercanas a nuestro patrimonio mediante las cuales viajaremos en el tiempo, ya que se interpretar\u00e1n obras desde el Barroco incipiente de los primeros a\u00f1os del sigo XVII, con la <em>Danza del pistolet<\/em> y <em>Cadena<\/em>, una de las pocas piezas instrumentales valencianas conservadas en la actualidad, en la Catedral de Valencia, hasta el Barroco ya pleno de la primera mitad del XVIII.<\/div>\n<div>Junto a obras de los ilustres compositores Jos\u00e9 Pradas o Pere Rabassa, ambos maestros de capilla de la Catedral de Valencia en las primeras d\u00e9cadas del siglo XVIII, se dar\u00e1n a conocer piezas de algunos compositores menos estudiados. Este es el caso de Francisco Hern\u00e1ndez Illana, quien fue maestro de la capilla de m\u00fasica del Real Colegio Corpus Christi en la misma \u00e9poca, o de Manuel Ferreira, un m\u00fasico que destac\u00f3 en el campo de la \u00f3pera y del que se muestra, precisamente, una de las arias m\u00e1s \u00edntimas de su \u00f3pera <em>El mayor triunfo de la mayor guerra<\/em> de 1710. Tambi\u00e9n se interpretar\u00e1n obras del m\u00fasico napolitano Francisco Corradini, que pas\u00f3 un tiempo en Valencia y trajo a nuestra tierra un estilo italiano que comporta un mayor protagonismo instrumental y un virtuosismo m\u00e1s destacado de la voz, como se podr\u00e1 apreciar en las obras de tem\u00e1tica amorosa que se interpretar\u00e1n.<\/div>\n<div>\n<h3 id=\"title1\">Formaci\u00f3n<\/h3>\n<p><strong>Carmen Romeu<\/strong> soprano \/ <strong>Leo Rossi<\/strong> viol\u00edn barroco \/ <strong>Guillermo Mart\u00ednez<\/strong> violoncchelo \/ <strong>Marian Rosa Montagut<\/strong> clave, direcci\u00f3n<\/p>\n<\/div>\n<div>\n<h4 id=\"title2\">El grupo<\/h4>\n<p>Harmonia del Parn\u00e0s interpreta obras anteriores al 1800 con instrumentos y criterios hist\u00f3ricos, respetando las particularidades est\u00e9ticas y te\u00f3ricas de cada lugar y periodo concreto. Su repertorio, escogido a partir de la investigaci\u00f3n musicol\u00f3gica de fuentes musicales y documentales de archivos y bibliotecas de todo el mundo, recoge diferentes g\u00e9neros y autores hisp\u00e1nicos de los siglos XV al XVIII, siendo sus interpretaciones el resultado de un estudiado ejercicio de equilibrio entre la musicolog\u00eda hist\u00f3rica y la creatividad musical. El grupo ha sido invitado por importantes festivales, instituciones y auditorios como el Festival Internacional de Santander, M\u00fasica Antigua de Aranjuez, Palau de la M\u00fasica de Valencia, Auditorio de Le\u00f3n, Casa Cord\u00f3n de Burgos, Festival Internacional de M\u00fasica Antigua y Barroca de Pe\u00f1\u00edscola, Auditorio Nacional de Madrid, entre otros, y ha realizado giras por Europa y Am\u00e9rica. Sus conciertos han sido emitidos en varias ocasiones por la UER, RTVE, RNE y Catalu\u00f1a M\u00fasica. Harmonia del Parn\u00e0s ha recuperado, interpretando por vez primera en concierto, m\u00e1s de setenta piezas de m\u00fasica espa\u00f1ola y grabado los CDs \u00abArda el Ayre\u00bb (Jos\u00e9 Escorihuela), \u00abRequiem\u00bb (Pedro Rabassa), \u00abLa tierra llora afligida\u00bb (Jos\u00e9 Pradas), \u00abSalve Regina\u00bb (P. Rabassa y Pascual Fuentes), \u00abB\u00e1rbaro\u00bb (Fco. Hern\u00e1ndez Illana y Francisco Corradini), \u00abLa Dorinda\u00bb (Fco. Corradini) y \u201cHarmonia 15\u201d que resume sus 15 a\u00f1os de trayectoria.<\/p>\n<\/div>\n<\/div>\n<\/div>\n<p><iframe loading=\"lazy\" src=\"https:\/\/www.youtube.com\/embed\/Te-KDlsJsIw\" frameborder=\"0\" width=\"598\" height=\"369\"><\/iframe><\/p>\n<p>&nbsp;<\/p>\n<p><a href=\"http:\/\/www.portaldelolleria.es\/wp-content\/uploads\/2020\/01\/8482.jpg\"><img loading=\"lazy\" class=\"aligncenter size-full wp-image-24523\" title=\"8482\" src=\"http:\/\/www.portaldelolleria.es\/wp-content\/uploads\/2020\/01\/8482.jpg\" alt=\"\" width=\"500\" height=\"707\" srcset=\"http:\/\/www.portaldelolleria.es\/wp-content\/uploads\/2020\/01\/8482.jpg 500w, http:\/\/www.portaldelolleria.es\/wp-content\/uploads\/2020\/01\/8482-212x300.jpg 212w\" sizes=\"(max-width: 500px) 100vw, 500px\" \/><\/a><\/p>\n","protected":false},"excerpt":{"rendered":"<p>&nbsp; El s\u00e1bado, 1 de febrero, a las 19:00 horas, la agrupaci\u00f3n valenciana Harmonia del Parn\u00e0s ofrecer\u00e1 en el Teatro Goya,\u00a0 un concierto compuesto de una\u00a0 selecci\u00f3n de piezas de m\u00fasica barroca. Esta formaci\u00f3n pondr\u00e1 en escena el espect\u00e1culo titulado Desde la c\u00e1rcel de Cupido, que pretende transportarnos al barroco musical valenciano y a un [&hellip;]<\/p>\n","protected":false},"author":1,"featured_media":0,"comment_status":"closed","ping_status":"open","sticky":false,"template":"","format":"standard","meta":{"_monsterinsights_skip_tracking":false,"_monsterinsights_sitenote_active":false,"_monsterinsights_sitenote_note":"","_monsterinsights_sitenote_category":0},"categories":[15,12],"tags":[],"_links":{"self":[{"href":"http:\/\/www.portaldelolleria.es\/index.php?rest_route=\/wp\/v2\/posts\/24519"}],"collection":[{"href":"http:\/\/www.portaldelolleria.es\/index.php?rest_route=\/wp\/v2\/posts"}],"about":[{"href":"http:\/\/www.portaldelolleria.es\/index.php?rest_route=\/wp\/v2\/types\/post"}],"author":[{"embeddable":true,"href":"http:\/\/www.portaldelolleria.es\/index.php?rest_route=\/wp\/v2\/users\/1"}],"replies":[{"embeddable":true,"href":"http:\/\/www.portaldelolleria.es\/index.php?rest_route=%2Fwp%2Fv2%2Fcomments&post=24519"}],"version-history":[{"count":6,"href":"http:\/\/www.portaldelolleria.es\/index.php?rest_route=\/wp\/v2\/posts\/24519\/revisions"}],"predecessor-version":[{"id":24547,"href":"http:\/\/www.portaldelolleria.es\/index.php?rest_route=\/wp\/v2\/posts\/24519\/revisions\/24547"}],"wp:attachment":[{"href":"http:\/\/www.portaldelolleria.es\/index.php?rest_route=%2Fwp%2Fv2%2Fmedia&parent=24519"}],"wp:term":[{"taxonomy":"category","embeddable":true,"href":"http:\/\/www.portaldelolleria.es\/index.php?rest_route=%2Fwp%2Fv2%2Fcategories&post=24519"},{"taxonomy":"post_tag","embeddable":true,"href":"http:\/\/www.portaldelolleria.es\/index.php?rest_route=%2Fwp%2Fv2%2Ftags&post=24519"}],"curies":[{"name":"wp","href":"https:\/\/api.w.org\/{rel}","templated":true}]}}