{"id":24571,"date":"2020-02-04T18:51:14","date_gmt":"2020-02-04T16:51:14","guid":{"rendered":"http:\/\/www.portaldelolleria.es\/?p=24571"},"modified":"2020-02-04T18:52:20","modified_gmt":"2020-02-04T16:52:20","slug":"la-mancomunidad-concreta-las-primeras-reuniones-a-raiz-de-la-presencia-en-fitur","status":"publish","type":"post","link":"http:\/\/www.portaldelolleria.es\/?p=24571","title":{"rendered":"La Mancomunidad  concreta las primeras reuniones a ra\u00edz de la presencia en FITUR"},"content":{"rendered":"<p><a href=\"http:\/\/www.portaldelolleria.es\/wp-content\/uploads\/2020\/02\/manco1.jpg\"><img loading=\"lazy\" class=\"aligncenter size-full wp-image-24572\" title=\"manco1\" src=\"http:\/\/www.portaldelolleria.es\/wp-content\/uploads\/2020\/02\/manco1.jpg\" alt=\"\" width=\"598\" height=\"396\" srcset=\"http:\/\/www.portaldelolleria.es\/wp-content\/uploads\/2020\/02\/manco1.jpg 598w, http:\/\/www.portaldelolleria.es\/wp-content\/uploads\/2020\/02\/manco1-300x198.jpg 300w\" sizes=\"(max-width: 598px) 100vw, 598px\" \/><\/a><em>Mancomunitat de Municipis de la Vall d&#8217;Albaida 02\/03\/2020<\/em><\/p>\n<p style=\"text-align: justify;\"><strong>La Mancomunidad de la Vall d&#8217;Albaida concreta las primeras reuniones a ra\u00edz de la presencia en FITUR<\/strong><br \/>\nEl Departamento de Turismo aprovecha la presencia en IFEMA contacto con las empresas que ayudas a redefinir la estrategia de promoci\u00f3n de la comarca<\/p>\n<p style=\"text-align: justify;\">M\u00e1s all\u00e1 de la presencia en FITUR para la promoci\u00f3n del territorio dentro del espacio de la Diputaci\u00f3n de Valencia, el Departamento de Turismo de la Mancomunidad de municipios de la Vall d&#8217; Albaida aprovech\u00f3 la presencia en Madrid para contactar con empresas tecnol\u00f3gicas que ayudan a redefinir la estrategia de promoci\u00f3n de la comarca. Fruto de esta investigaci\u00f3n, d\u00edas posteriores a la finalizaci\u00f3n del certamen tuvo lugar en la sede del ente una primera reuni\u00f3n de trabajo para conocer en mayor profundidad las novedades que est\u00e1n implementando los destinos m\u00e1s punteros.<\/p>\n<p style=\"text-align: justify;\">El objetivo de trabajo fundamental del Departamento de Turismo consiste en trabajar \u00abel uso de la tecnolog\u00eda como eine que defina un producto potente que unifique la diversidad de atractivos de nuestro territorio\u00bb. Es m\u00e1s, desde la Mancomunidad se constata que \u00abnuestra riqueza frente a otras zonas es la variedad de recursos del que disponen cada uno de nuestros 34 municipios; pero, al mismo tiempo, esto dificulta la concreci\u00f3n de una idea fuerza que nos identifique, por lo que creemos que la apuesta por las nuevas herramientas de promoci\u00f3n nos ayudar\u00e1 en gran medida \u00ab.<\/p>\n<p style=\"text-align: justify;\">De hecho, durante la estancia en FITUR se realizaron un total de 10 reuniones con empresas especializadas de la industria tur\u00edstica con el fin de enfocar los nuevos proyectos tur\u00edsticos comarcales que se est\u00e1n gestando, de entre los que destacan las empresas de 3D , nuevas tecnolog\u00edas, tours virtuales, gamificaci\u00f3n, realidad aumentada.<\/p>\n<p style=\"text-align: justify;\">______________________________<\/p>\n<p style=\"text-align: justify;\"><span style=\"color: #003366;\"><strong>La Mancomunitat de la Vall d\u2019Albaida concreta les primeres reunions arran de la pres\u00e8ncia a FITUR<\/strong><\/span><\/p>\n<p style=\"text-align: justify;\"><span style=\"color: #003366;\"><em>El Departament de Turisme aprofita la pres\u00e8ncia a IFEMA per contactar amb empreses que ajudes a redifinir l\u2019estrat\u00e8gia de promoci\u00f3 de la comarca<\/em><\/span><\/p>\n<p style=\"text-align: justify;\"><span style=\"color: #003366;\"><strong>03\/02\/2020<\/strong><\/span><\/p>\n<p style=\"text-align: justify;\"><span style=\"color: #003366;\">M\u00e9s enll\u00e0 de la pres\u00e8ncia a FITUR per a la promoci\u00f3 del territori dins de l\u2019espai de la Diputaci\u00f3 de Val\u00e8ncia, el Departament de Turisme de la Mancomunitat de municipis de la Vall d\u2019Albaida va aprofitar la pres\u00e8ncia a Madrid per contactar amb empreses tecnol\u00f2giques que ajuden a redifinir l\u2019estrat\u00e8gia de promoci\u00f3 de la comarca. Fruit d\u2019aquesta recerca, dies posteriors a la finalitzaci\u00f3 del certamen va tenir lloc a la seu de l\u2019ens una primera reuni\u00f3 de treball per a con\u00e8ixer en major profunditat les novetats que estan implementant els destins m\u00e9s punters.<\/span><\/p>\n<p style=\"text-align: justify;\"><span style=\"color: #003366;\">L\u2019objectiu de treball fonamental del Departament de Turisme consisteix a treballar \u201cl\u2019\u00fas de la tecnologia com a eine que definisca un producte potent que unifique la diversitat d\u2019atractius del nostre territori\u201d. \u00c9s m\u00e9s, des de la Mancomunitat es constata que \u201cla nostra riquesa front a altres zones \u00e9s la varietat de recursos del que disposen cadascun dels nostres 34 municipis; per\u00f2, al mateix temps, aix\u00f2 dificulta la concreci\u00f3 d\u2019una idea for\u00e7a que ens identifique, motiu pel qual cre\u00efem que l\u2019aposta per les noves eines de promoci\u00f3 ens ajudar\u00e0 en gran mesura\u201d.<\/span><\/p>\n<p style=\"text-align: justify;\"><span style=\"color: #003366;\">De fet, durant l\u2019estada a FITUR es van realitzar un total de 10 reunions amb empreses especialitzades de la ind\u00fastria tur\u00edstica per tal d\u2019enfocar els nous projectes tur\u00edstics comarcals que s\u2019estan gestant, d\u2019entre els quals destaquen les empreses de 3D, noves tecnologies, tours virtuals, gamificaci\u00f3, realitat augmentada.<\/span><\/p>\n","protected":false},"excerpt":{"rendered":"<p>Mancomunitat de Municipis de la Vall d&#8217;Albaida 02\/03\/2020 La Mancomunidad de la Vall d&#8217;Albaida concreta las primeras reuniones a ra\u00edz de la presencia en FITUR El Departamento de Turismo aprovecha la presencia en IFEMA contacto con las empresas que ayudas a redefinir la estrategia de promoci\u00f3n de la comarca M\u00e1s all\u00e1 de la presencia en [&hellip;]<\/p>\n","protected":false},"author":1,"featured_media":0,"comment_status":"closed","ping_status":"open","sticky":false,"template":"","format":"standard","meta":{"_monsterinsights_skip_tracking":false,"_monsterinsights_sitenote_active":false,"_monsterinsights_sitenote_note":"","_monsterinsights_sitenote_category":0},"categories":[171,12],"tags":[],"_links":{"self":[{"href":"http:\/\/www.portaldelolleria.es\/index.php?rest_route=\/wp\/v2\/posts\/24571"}],"collection":[{"href":"http:\/\/www.portaldelolleria.es\/index.php?rest_route=\/wp\/v2\/posts"}],"about":[{"href":"http:\/\/www.portaldelolleria.es\/index.php?rest_route=\/wp\/v2\/types\/post"}],"author":[{"embeddable":true,"href":"http:\/\/www.portaldelolleria.es\/index.php?rest_route=\/wp\/v2\/users\/1"}],"replies":[{"embeddable":true,"href":"http:\/\/www.portaldelolleria.es\/index.php?rest_route=%2Fwp%2Fv2%2Fcomments&post=24571"}],"version-history":[{"count":2,"href":"http:\/\/www.portaldelolleria.es\/index.php?rest_route=\/wp\/v2\/posts\/24571\/revisions"}],"predecessor-version":[{"id":24574,"href":"http:\/\/www.portaldelolleria.es\/index.php?rest_route=\/wp\/v2\/posts\/24571\/revisions\/24574"}],"wp:attachment":[{"href":"http:\/\/www.portaldelolleria.es\/index.php?rest_route=%2Fwp%2Fv2%2Fmedia&parent=24571"}],"wp:term":[{"taxonomy":"category","embeddable":true,"href":"http:\/\/www.portaldelolleria.es\/index.php?rest_route=%2Fwp%2Fv2%2Fcategories&post=24571"},{"taxonomy":"post_tag","embeddable":true,"href":"http:\/\/www.portaldelolleria.es\/index.php?rest_route=%2Fwp%2Fv2%2Ftags&post=24571"}],"curies":[{"name":"wp","href":"https:\/\/api.w.org\/{rel}","templated":true}]}}