{"id":24590,"date":"2020-02-05T20:34:56","date_gmt":"2020-02-05T18:34:56","guid":{"rendered":"http:\/\/www.portaldelolleria.es\/?p=24590"},"modified":"2020-02-05T20:34:56","modified_gmt":"2020-02-05T18:34:56","slug":"viernes-7-de-febrero-sopar-de-la-fam-2020","status":"publish","type":"post","link":"http:\/\/www.portaldelolleria.es\/?p=24590","title":{"rendered":"Viernes 7 de febrero:  Sopar de la Fam 2020"},"content":{"rendered":"<p><a href=\"http:\/\/www.portaldelolleria.es\/wp-content\/uploads\/2020\/02\/SOPARDELAFAM1.jpg\"><img loading=\"lazy\" class=\"aligncenter size-full wp-image-24593\" title=\"SOPARDELAFAM\" src=\"http:\/\/www.portaldelolleria.es\/wp-content\/uploads\/2020\/02\/SOPARDELAFAM1.jpg\" alt=\"\" width=\"598\" height=\"396\" srcset=\"http:\/\/www.portaldelolleria.es\/wp-content\/uploads\/2020\/02\/SOPARDELAFAM1.jpg 598w, http:\/\/www.portaldelolleria.es\/wp-content\/uploads\/2020\/02\/SOPARDELAFAM1-300x198.jpg 300w\" sizes=\"(max-width: 598px) 100vw, 598px\" \/><\/a><\/p>\n<p>El pr\u00f3ximo viernes 7 de febrero se celebrar\u00e1 el \u201csopar de la fam\u201d,\u00a0 evento de Manos Unidas organizado por la Parroquia que tiene como objetivo la recaudaci\u00f3n de fondos para alguno de los proyectos de ayuda que la agrupaci\u00f3n internacional est\u00e1 llevando a cabo y que se explicaran durante el evento.\u00a0\u00a0\u00a0 El acto comenzar\u00e1 a las 21 h en el Centro Social\u00a0 con la presentaci\u00f3n de la campa\u00f1a y el \u201csopar\u201d. A las 22 h \u201csainet\u201d a cargo del grupo de teatro El Bunyol.\u00a0 y a las 22:30 h\u00a0 Rifa y canciones Scouts.<\/p>\n<p>La venda de tickets en:<br \/>\n\u2022 Mauri fot\u00f3grafos.<br \/>\n\u2022 Cafeter\u00eda el Ravalet.<br \/>\n\u2022 Horno \u201cDol\u00e7os i Pa\u201d (junto a la parada del bus).<br \/>\nPrecio: 5 euros.<\/p>\n<p>Se puede colaborar con la campa\u00f1a, comprando tickets aunque no se pueda asistir a la cena.<\/p>\n<p>__________________________<\/p>\n<p><span style=\"color: #003366;\">El proper divendres 7 de febrer es celebrar\u00e0 el \u00absopar de la fam\u00bb, esdeveniment de Mans Unides organitzat per la Parr\u00f2quia que t\u00e9 com a objectiu la recaptaci\u00f3 de fons per a algun dels projectes d&#8217;ajuda que l&#8217;agrupaci\u00f3 internacional est\u00e0 duent a terme i que es expliquessin durant l&#8217;esdeveniment. L&#8217;acte comen\u00e7ar\u00e0 a les 21 h al Centre Social amb la presentaci\u00f3 de la campanya i el \u00absopar\u00bb. A les 22 h \u00absainet\u00bb a c\u00e0rrec del grup de teatre El Bunyol. i a les 22:30 h Rifa i can\u00e7ons Scouts.<\/span><\/p>\n<p><span style=\"color: #003366;\">La venda de tiquets a:<\/span><br \/>\n<span style=\"color: #003366;\">\u2022 Mauri fot\u00f2grafs.<\/span><br \/>\n<span style=\"color: #003366;\">\u2022 Cafeteria el Ravalet.<\/span><br \/>\n<span style=\"color: #003366;\">\u2022 Forn \u00abDol\u00e7os i Pa\u00bb (al costat de la parada d&#8217;el bus).<\/span><br \/>\n<span style=\"color: #003366;\">Preu: 5 euros.<\/span><\/p>\n<p><span style=\"color: #003366;\">Es pot col\u00b7laborar amb la campanya, comprant tiquets encara que no es pugui assistir al sopar.<\/span><\/p>\n<p><a href=\"http:\/\/www.portaldelolleria.es\/wp-content\/uploads\/2020\/02\/cartel_2020_din_a4.jpg\"><img loading=\"lazy\" class=\"aligncenter size-full wp-image-24591\" title=\"Maquetaci\u00c3\u00b3n 1\" src=\"http:\/\/www.portaldelolleria.es\/wp-content\/uploads\/2020\/02\/cartel_2020_din_a4.jpg\" alt=\"\" width=\"598\" height=\"846\" srcset=\"http:\/\/www.portaldelolleria.es\/wp-content\/uploads\/2020\/02\/cartel_2020_din_a4.jpg 598w, http:\/\/www.portaldelolleria.es\/wp-content\/uploads\/2020\/02\/cartel_2020_din_a4-212x300.jpg 212w\" sizes=\"(max-width: 598px) 100vw, 598px\" \/><\/a><\/p>\n","protected":false},"excerpt":{"rendered":"<p>El pr\u00f3ximo viernes 7 de febrero se celebrar\u00e1 el \u201csopar de la fam\u201d,\u00a0 evento de Manos Unidas organizado por la Parroquia que tiene como objetivo la recaudaci\u00f3n de fondos para alguno de los proyectos de ayuda que la agrupaci\u00f3n internacional est\u00e1 llevando a cabo y que se explicaran durante el evento.\u00a0\u00a0\u00a0 El acto comenzar\u00e1 a [&hellip;]<\/p>\n","protected":false},"author":1,"featured_media":0,"comment_status":"closed","ping_status":"open","sticky":false,"template":"","format":"standard","meta":{"_monsterinsights_skip_tracking":false,"_monsterinsights_sitenote_active":false,"_monsterinsights_sitenote_note":"","_monsterinsights_sitenote_category":0},"categories":[3,12],"tags":[],"_links":{"self":[{"href":"http:\/\/www.portaldelolleria.es\/index.php?rest_route=\/wp\/v2\/posts\/24590"}],"collection":[{"href":"http:\/\/www.portaldelolleria.es\/index.php?rest_route=\/wp\/v2\/posts"}],"about":[{"href":"http:\/\/www.portaldelolleria.es\/index.php?rest_route=\/wp\/v2\/types\/post"}],"author":[{"embeddable":true,"href":"http:\/\/www.portaldelolleria.es\/index.php?rest_route=\/wp\/v2\/users\/1"}],"replies":[{"embeddable":true,"href":"http:\/\/www.portaldelolleria.es\/index.php?rest_route=%2Fwp%2Fv2%2Fcomments&post=24590"}],"version-history":[{"count":1,"href":"http:\/\/www.portaldelolleria.es\/index.php?rest_route=\/wp\/v2\/posts\/24590\/revisions"}],"predecessor-version":[{"id":24594,"href":"http:\/\/www.portaldelolleria.es\/index.php?rest_route=\/wp\/v2\/posts\/24590\/revisions\/24594"}],"wp:attachment":[{"href":"http:\/\/www.portaldelolleria.es\/index.php?rest_route=%2Fwp%2Fv2%2Fmedia&parent=24590"}],"wp:term":[{"taxonomy":"category","embeddable":true,"href":"http:\/\/www.portaldelolleria.es\/index.php?rest_route=%2Fwp%2Fv2%2Fcategories&post=24590"},{"taxonomy":"post_tag","embeddable":true,"href":"http:\/\/www.portaldelolleria.es\/index.php?rest_route=%2Fwp%2Fv2%2Ftags&post=24590"}],"curies":[{"name":"wp","href":"https:\/\/api.w.org\/{rel}","templated":true}]}}