{"id":24595,"date":"2020-02-05T21:08:42","date_gmt":"2020-02-05T19:08:42","guid":{"rendered":"http:\/\/www.portaldelolleria.es\/?p=24595"},"modified":"2020-02-05T21:08:42","modified_gmt":"2020-02-05T19:08:42","slug":"rutes-turistiques-entre-comarques-2020","status":"publish","type":"post","link":"http:\/\/www.portaldelolleria.es\/?p=24595","title":{"rendered":"Rutes Tur\u00edstiques Entre Comarques 2020"},"content":{"rendered":"<p><a href=\"http:\/\/www.portaldelolleria.es\/wp-content\/uploads\/2020\/02\/entrecomarcas.jpg\"><img loading=\"lazy\" class=\"aligncenter size-full wp-image-24596\" title=\"entrecomarcas\" src=\"http:\/\/www.portaldelolleria.es\/wp-content\/uploads\/2020\/02\/entrecomarcas.jpg\" alt=\"\" width=\"598\" height=\"396\" srcset=\"http:\/\/www.portaldelolleria.es\/wp-content\/uploads\/2020\/02\/entrecomarcas.jpg 598w, http:\/\/www.portaldelolleria.es\/wp-content\/uploads\/2020\/02\/entrecomarcas-300x198.jpg 300w\" sizes=\"(max-width: 598px) 100vw, 598px\" \/><\/a><\/p>\n<p><span style=\"color: #888888;\"><em>Mancomunitat de la Vall d&#8217;Albaida, 4\/2\/2020<\/em><\/span><\/p>\n<p style=\"text-align: justify;\"><strong>TORNA L\u2019ENTRECOMARQUES 2020<\/strong><\/p>\n<p style=\"text-align: justify;\"><strong>Les rutes culturals guiades Entre Comarques organitzades per les mancomunitats de la Vall d\u2019Albaida, la Ribera Alta, la Ribera Baixa i la Safor, continuen aquest cap de setmana amb quatre municipis de la Vall d\u2019Albaida.<\/strong><\/p>\n<p style=\"text-align: justify;\">&#8211;\u00a0\u00a0\u00a0\u00a0\u00a0\u00a0\u00a0\u00a0 Benicolet, dissabte 8 de febrer, realitzar\u00e0 ruta de mat\u00ed.<\/p>\n<p style=\"text-align: justify;\">&#8211;\u00a0\u00a0\u00a0\u00a0\u00a0\u00a0\u00a0\u00a0 Pinet, dissabte 8 de febrer, realitzar\u00e0 ruta de vesprada.<\/p>\n<p style=\"text-align: justify;\">&#8211;\u00a0\u00a0\u00a0\u00a0\u00a0\u00a0\u00a0\u00a0 Benissoda, diumenge 9 de febrer, realitzar\u00e0 ruta de mat\u00ed.<\/p>\n<p style=\"text-align: justify;\">&#8211;\u00a0\u00a0\u00a0\u00a0\u00a0\u00a0\u00a0\u00a0 Bufali, diumenge 9 de febrer, realitzar\u00e0 ruta de vesprada.<\/p>\n<p style=\"text-align: justify;\">Entre comarques, entre cultures, entre hist\u00f2ries, entre tradicions, entre l&#8217;interior i la costa\u2026<\/p>\n<p style=\"text-align: justify;\"><strong>Dissabte 8 i diumenge 9 de febrer.<\/strong> El programa Entre Comarques, que celebra la s\u00e8ptima edici\u00f3, continua aquest cap de setmana visitant la Vall d\u2019Albaida. El president de la Mancomunitat de Municipis de la Vall d\u2019Albaida assenyala &lt;&lt;aquest \u00e9s un programa que afavoreix enormement el turisme a la prov\u00edncia de Val\u00e8ncia ja que,\u00a0 gr\u00e0cies a la uni\u00f3 de les comarques de la Safor, la Ribera Alta, la Ribera Baixa i La Vall d\u2019Albaida es vertebra la prov\u00edncia de Val\u00e8ncia per donar a con\u00e9ixer la diversitat patrimonial del nostre territori&gt;&gt;.<\/p>\n<p style=\"text-align: justify;\"><strong>El mat\u00ed del dissabte 8 de febrer, a Benicolet. <\/strong>Passejarem pel nucli urb\u00e0 de Benicolet, propi d\u2019un poble humil i llaurador d\u2019origen andalus\u00ed, envoltat de serra, camps i rius, i visitarem l\u2019Esgl\u00e9sia, fundada el 1535 i refeta a finals del segle XVIII, fou regida durant tres segles pels frares dominics del convent de Llutxent. De cam\u00ed a la part m\u00e9s alta del terme veurem els riuraus, on antigament hi treballaven la pansa. Tamb\u00e9 veurem la Font Vella, lloc on antigament les dones del poble feien beguda i recollien aigua per a \u00fas dom\u00e8stic, i el Mol\u00ed Magre.<\/p>\n<p style=\"text-align: justify;\"><strong>La vesprada del dissabte 8 de febrer, a Pinet. <\/strong>Visitarem el Jard\u00ed bot\u00e0nic o \u2018Rac\u00f3 Verd\u2019 de Pinet, un espai dedicat especialment a la flora i vegetaci\u00f3 del nostre territori. Descobrirem les plantes i arbres que el constitueixen, les varietats m\u00e9s caracter\u00edstiques i les distintes esp\u00e8cies de flora que fan d\u2019aquest jard\u00ed un lloc m\u00e0gic i encisador, al que de segur tindr\u00e0s ganes de tornar.<\/p>\n<p style=\"text-align: justify;\"><strong>El mat\u00ed del diumenge 9 de febrer, a Benissoda. <\/strong>Descobrirem l\u2019encant d\u2019un poble menut, per\u00f2 amb molts recursos per a visitar. El primer d\u2019ells la seua riquesa natural, junt amb el seu passat musulm\u00e0, us parlem dels diversos llavadors i fonts que hi ha arreu del municipi, com el llavador de dalt, que recull l\u2019aigua provinent de la font de l\u2019Olivera, aix\u00ed com el llavador de baix i la font de baix, s\u00f3n hui en dia testimoni de les infraestructures hidr\u00e0uliques heretades dels musulmans. Per con\u00e9ixer les tradicions, farem un viatge en el temps, visitarem el Museu Etnol\u00f2gic de la Vall d\u2019Albaida, un espai on interpretar el nostre present i imaginar com pot ser el nostre futur.<\/p>\n<p style=\"text-align: justify;\"><strong>La vesprada del diumenge 9 de febrer, a Bufali.<\/strong>\u00a0 Al nostre pas pel nucli urb\u00e0 de Bufali trobarem antics camins hist\u00f2rics com ara el Cam\u00ed Reial de Gandia, de l\u2019\u00e8poca de Jaume I, antics masos, camps de vinya, oliveres i arbres fruiters, antigues fonts i naixements. Visitarem, d\u2019una banda, l\u2019Esgl\u00e9sia parroquial de la Ntra. Senyora de Loreto del S.XVIII, que va ser reedificada entre 1885 i 1887, despr\u00e9s de sofrir una inundaci\u00f3 i d\u2019altra banda, veurem l\u2019ermita dedicada al Sant\u00edssim Crist de la Pobresa, es tracta d\u2019una obra de construcci\u00f3 recent (2007). Finalment, descobrirem el jard\u00ed musulm\u00e0 de Bufali.<\/p>\n<p style=\"text-align: justify;\">La ruta comen\u00e7a a les 10:30 h pel mat\u00ed i a les 16:30 h per la vesprada des dels ajuntaments de cada municipi. El preu de l\u2019activitat \u00e9s 5 \u20ac\/pax. + despeses de gesti\u00f3 (0,50 \u20ac) on s&#8217;inclou:<\/p>\n<ul style=\"text-align: justify;\">\n<li>\u00a0Visita guiada: 1 ruta (dia complet) o 2 rutes al dia (mat\u00ed i vesprada).<\/li>\n<li>\u00a0Guia acompanyant.<\/li>\n<li>\u00a0Gastronomia.<\/li>\n<\/ul>\n<p style=\"text-align: justify;\">Activitat gratu\u00efta per a menors de 8 anys.<\/p>\n<p style=\"text-align: justify;\">\u00c9s imprescindible inscriure\u2019s (fins i tot els menors de 8 anys). Places limitades. Ordre segons registre d\u2019inscripci\u00f3. Una vegada realitzada la compra sols es procedir\u00e0 a la devoluci\u00f3 del mateix en cas d\u2019anul\u00b7laci\u00f3 per part de les entitats organitzadores.<\/p>\n<p style=\"text-align: justify;\">Les inscripcions s\u2019han de realitzar abans del divendres anterior a la ruta en la p\u00e0gina web de Servientradas a la que es pot accedir mitjan\u00e7ant el seg\u00fcent enlla\u00e7:<\/p>\n<p style=\"text-align: justify;\"><span style=\"text-decoration: underline;\"><a href=\"https:\/\/www.servientradas.com\/espectaculo\/RUTES_TURISTIQUES\/2\/rutes-turistiques-entre-comarques-2020.html\">https:\/\/www.servientradas.com\/espectaculo\/RUTES_TURISTIQUES\/2\/rutes-turistiques-entre-comarques-2020.html<\/a><\/span><\/p>\n<p><strong>PROGRAMA ENTRE COMARQUES 2020<\/strong><\/p>\n<p><a href=\"http:\/\/api.valldalbaida.com\/admin\/files\/3116\/cartell-entre-comarques_2020_compressed-(2).pdf\">DESCARREGAR CARTELL<\/a><\/p>\n<p><a href=\"http:\/\/api.valldalbaida.com\/admin\/files\/3116\/Quatriptic-entre-comarques-2020.pdf\">DESCARREGAR QUADR\u00cdPTIC<\/a><\/p>\n<p>&nbsp;<\/p>\n<p>&nbsp;<\/p>\n<p><a href=\"http:\/\/www.portaldelolleria.es\/wp-content\/uploads\/2020\/02\/entre-comarques.jpg\"><img loading=\"lazy\" class=\"aligncenter size-full wp-image-24597\" title=\"cartell entre comarques_2020\" src=\"http:\/\/www.portaldelolleria.es\/wp-content\/uploads\/2020\/02\/entre-comarques.jpg\" alt=\"\" width=\"598\" height=\"554\" srcset=\"http:\/\/www.portaldelolleria.es\/wp-content\/uploads\/2020\/02\/entre-comarques.jpg 598w, http:\/\/www.portaldelolleria.es\/wp-content\/uploads\/2020\/02\/entre-comarques-300x277.jpg 300w\" sizes=\"(max-width: 598px) 100vw, 598px\" \/><\/a><\/p>\n","protected":false},"excerpt":{"rendered":"<p>Mancomunitat de la Vall d&#8217;Albaida, 4\/2\/2020 TORNA L\u2019ENTRECOMARQUES 2020 Les rutes culturals guiades Entre Comarques organitzades per les mancomunitats de la Vall d\u2019Albaida, la Ribera Alta, la Ribera Baixa i la Safor, continuen aquest cap de setmana amb quatre municipis de la Vall d\u2019Albaida. &#8211;\u00a0\u00a0\u00a0\u00a0\u00a0\u00a0\u00a0\u00a0 Benicolet, dissabte 8 de febrer, realitzar\u00e0 ruta de mat\u00ed. &#8211;\u00a0\u00a0\u00a0\u00a0\u00a0\u00a0\u00a0\u00a0 [&hellip;]<\/p>\n","protected":false},"author":1,"featured_media":0,"comment_status":"closed","ping_status":"open","sticky":false,"template":"","format":"standard","meta":{"_monsterinsights_skip_tracking":false,"_monsterinsights_sitenote_active":false,"_monsterinsights_sitenote_note":"","_monsterinsights_sitenote_category":0},"categories":[171,12],"tags":[],"_links":{"self":[{"href":"http:\/\/www.portaldelolleria.es\/index.php?rest_route=\/wp\/v2\/posts\/24595"}],"collection":[{"href":"http:\/\/www.portaldelolleria.es\/index.php?rest_route=\/wp\/v2\/posts"}],"about":[{"href":"http:\/\/www.portaldelolleria.es\/index.php?rest_route=\/wp\/v2\/types\/post"}],"author":[{"embeddable":true,"href":"http:\/\/www.portaldelolleria.es\/index.php?rest_route=\/wp\/v2\/users\/1"}],"replies":[{"embeddable":true,"href":"http:\/\/www.portaldelolleria.es\/index.php?rest_route=%2Fwp%2Fv2%2Fcomments&post=24595"}],"version-history":[{"count":1,"href":"http:\/\/www.portaldelolleria.es\/index.php?rest_route=\/wp\/v2\/posts\/24595\/revisions"}],"predecessor-version":[{"id":24600,"href":"http:\/\/www.portaldelolleria.es\/index.php?rest_route=\/wp\/v2\/posts\/24595\/revisions\/24600"}],"wp:attachment":[{"href":"http:\/\/www.portaldelolleria.es\/index.php?rest_route=%2Fwp%2Fv2%2Fmedia&parent=24595"}],"wp:term":[{"taxonomy":"category","embeddable":true,"href":"http:\/\/www.portaldelolleria.es\/index.php?rest_route=%2Fwp%2Fv2%2Fcategories&post=24595"},{"taxonomy":"post_tag","embeddable":true,"href":"http:\/\/www.portaldelolleria.es\/index.php?rest_route=%2Fwp%2Fv2%2Ftags&post=24595"}],"curies":[{"name":"wp","href":"https:\/\/api.w.org\/{rel}","templated":true}]}}