{"id":24613,"date":"2020-02-06T15:50:49","date_gmt":"2020-02-06T13:50:49","guid":{"rendered":"http:\/\/www.portaldelolleria.es\/?p=24613"},"modified":"2020-02-06T15:50:49","modified_gmt":"2020-02-06T13:50:49","slug":"16-%c2%ba-concurso-francesc-cerda-de-lolleria-en-la-modalidad-de-pasodobles","status":"publish","type":"post","link":"http:\/\/www.portaldelolleria.es\/?p=24613","title":{"rendered":"16.\u00ba Concurso Francesc Cerd\u00e0 de l&#8217;Olleria en la modalidad de pasodobles"},"content":{"rendered":"<p style=\"text-align: justify;\"><a href=\"http:\/\/www.portaldelolleria.es\/wp-content\/uploads\/2020\/02\/francescerda2.jpg\"><img loading=\"lazy\" class=\"aligncenter size-full wp-image-24614\" title=\"francescerda2\" src=\"http:\/\/www.portaldelolleria.es\/wp-content\/uploads\/2020\/02\/francescerda2.jpg\" alt=\"\" width=\"598\" height=\"396\" srcset=\"http:\/\/www.portaldelolleria.es\/wp-content\/uploads\/2020\/02\/francescerda2.jpg 598w, http:\/\/www.portaldelolleria.es\/wp-content\/uploads\/2020\/02\/francescerda2-300x198.jpg 300w\" sizes=\"(max-width: 598px) 100vw, 598px\" \/><\/a><\/p>\n<p style=\"text-align: justify;\"><em><span style=\"color: #333333;\">Ajuntament de l&#8217;Olleria, 6\/2\/2020<\/span><\/em><\/p>\n<p style=\"text-align: justify;\" align=\"center\"><strong>16\u00e9 Concurs Francesc Cerd\u00e0 de l\u2019Olleria en la modalitat de pasdobles<\/strong><\/p>\n<p style=\"text-align: justify;\">El Regidor de Festes de l\u2019Ajuntament de l\u2019Olleria, Juan Ricardo Ruano, la Presidenta de la Junta de Festes de Moros i Cristians de la localitat, Mariola Gil i la Directora de la SEM Santa Cec\u00edlia de l\u2019Olleria, Isabel Garc\u00eda, han presentat aquest mat\u00ed en roda de premsa el concert del 16\u00e9 Concurs de M\u00fasica Festera Francesc Cerd\u00e0 en la seua modalitat de pasdobles.<\/p>\n<p style=\"text-align: justify;\">El concert de presentaci\u00f3 de les obres finalistes ser\u00e0 el 29 de febrer a les 19 hores al Teatre Goya de l\u2019Olleria.<\/p>\n<p style=\"text-align: justify;\">Un total de 29 obres s\u2019han presentat en aquesta 16 edici\u00f3 del Concurs de M\u00fasica Festera \u201cFrancesc Cerd\u00e0\u201d de l\u2019Olleria en la modalitat de pasdoble, 9 m\u00e9s que en la passada edici\u00f3 d\u2019aquesta modalitat celebrada en 2017 i la segona convocat\u00f2ria amb m\u00e9s obres presentades de la hist\u00f2ria del concurs.<\/p>\n<p style=\"text-align: justify;\">D\u2019aquestes 29 obres, el jurat ha escollit un total de 4 com a finalistes. Les obres elegides han sigut les que porten per lema: Ad terram, Embrujo, En Clarejar i Pecli.<\/p>\n<p style=\"text-align: justify;\">El Regidor de Cultura de l\u2019Ajuntament de l\u2019Olleria, Juan Ruano, ha volgut \u201creal\u00e7ar el valor, la import\u00e0ncia i la consolidaci\u00f3 d\u2019aquest concurs a l\u2019Olleria, demostrable pel nombre d\u2019obres presentades, el nombre d\u2019edicions que du el concurs en funcionament i sobretot pel gran nivell que tenen aquestes obres\u201d a m\u00e9s, ha recordat que \u201caquesta edici\u00f3 del concurs tindr\u00e0 un primer premi de 2.000 euros, un segon premi de 1.000 euros, un premi del p\u00fablic de 500 euros i un acc\u00e8ssit de 250 euros per a la o les obres finalistes no premiades\u201d.<\/p>\n<p style=\"text-align: justify;\">La Presidenta de la Junta Central de Festes de Moros i Cristians, Mariola Gil, per la seua banda ha recordat \u201cal gran m\u00fasic que va ser Francesc Cerd\u00e0 i a qui va dedicat aquest concurs, que abans de morir va dedicar una marxa a cadascuna de les filaes de l\u2019Olleria i que era molt volgut dintre del m\u00f3n de la festa\u201d.<\/p>\n<p style=\"text-align: justify;\">La Directora de la SEM Santa Cec\u00edlia de l\u2019Olleria, Isabel Garc\u00eda, ha volgut destacar \u201cel gran nivell de les quatre obres finalistes d\u2019aquesta edici\u00f3 i ens ha confirmat que els m\u00fasics de la banda estan treballant per fer que el Concert Francesc Cerd\u00e0 de 2020 siga tot un \u00e8xit\u201d.<\/p>\n<p style=\"text-align: justify;\">\u00a0____________________________________<\/p>\n<p style=\"text-align: justify;\" align=\"center\"><span style=\"color: #003366;\"><strong>16.\u00ba Concurso Francesc Cerd\u00e0 de l&#8217;Olleria en la modalidad de pasodobles<\/strong><\/span><\/p>\n<p style=\"text-align: justify;\"><span style=\"color: #003366;\">El Concejal de Fiestas del Ayuntamiento de l&#8217;Olleria, Juan Ricardo Ruano, la Presidenta de la Junta de Fiestas de Moros y Cristianos de la localidad, Mariola Gil y la Directora de la SEM Santa Cec\u00edlia de l&#8217;Olleria, Isabel Garc\u00eda, han presentado esta ma\u00f1ana en rueda de prensa el concierto del 16.\u00ba Concurso de M\u00fasica Fiestera Francesc Cerd\u00e0 en su modalidad de pasodobles.<\/span><\/p>\n<p style=\"text-align: justify;\"><span style=\"color: #003366;\">El concierto de presentaci\u00f3n de las obras finalistas ser\u00e1 el 29 de febrero a las 19 horas en el Teatro Goya de l&#8217;Olleria.<\/span><\/p>\n<p style=\"text-align: justify;\"><span style=\"color: #003366;\">Un total de 29 obras se han presentado en esta 16 edici\u00f3n del Concurso de M\u00fasica Fiestera \u201cFrancesc Cerd\u00e0\u201d de l&#8217;Olleria en la modalidad de pasodoble, 9 m\u00e1s que en la pasada edici\u00f3n de esta modalidad celebrada en 2017 y la segunda convocatoria con m\u00e1s obras presentadas de la historia del concurso.<\/span><\/p>\n<p style=\"text-align: justify;\"><span style=\"color: #003366;\">De estas 29 obras, el jurado ha escogido un total de 4 como finalistas. Las obras elegidas han sido las que llevan por lema: Ad terram, Embrujo, Al Clarear y Pecli.<\/span><\/p>\n<p style=\"text-align: justify;\"><span style=\"color: #003366;\">El Concejal de Cultura del Ayuntamiento de l&#8217;Olleria, Juan Ruano, ha querido \u201crealzar el valor, la importancia y la consolidaci\u00f3n de este concurso en l&#8217;Olleria, demostrable por el n\u00famero de obras presentadas, el n\u00famero de ediciones que lleva el concurso en funcionamiento y sobretodo por el gran nivel que tienen estas obras\u201d adem\u00e1s, ha recordado que \u201cesta edici\u00f3n del concurso tendr\u00e1 un primer premio de 2.000 euros, un segundo premio de 1.000 euros, un premio del p\u00fablico de 500 euros y un acc\u00e9sit de 250 euros para la o las obras finalistas no premiadas\u201d.<\/span><\/p>\n<p style=\"text-align: justify;\"><span style=\"color: #003366;\">La Presidenta de la Junta Central de Fiestas de Moros y Cristianos, Mariola Gil, por su parte ha recordado \u201cal gran m\u00fasico que fu\u00e9 Francesc Cerd\u00e0 y a qui\u00e9n va dedicado este concurso, que antes de morir dedic\u00f3 una marcha a cada una de las \u201cfilaes\u201d de l&#8217;Olleria y que era muy querido dentro del mundo de la fiesta\u201d.<\/span><\/p>\n<p style=\"text-align: justify;\"><span style=\"color: #003366;\">La Directora de la SEM Santa Cec\u00edlia de l&#8217;Olleria, Isabel Garc\u00eda, ha querido destacar \u201cel gran nivel de las cuatro obras finalistas de esta edici\u00f3n y nos ha confirmado que los m\u00fasicos de la banda est\u00e1n trabajando para hacer que el Concierto Francesc Cerd\u00e0 de 2020 sea todo un \u00e9xito\u201d.<\/span><\/p>\n","protected":false},"excerpt":{"rendered":"<p>Ajuntament de l&#8217;Olleria, 6\/2\/2020 16\u00e9 Concurs Francesc Cerd\u00e0 de l\u2019Olleria en la modalitat de pasdobles El Regidor de Festes de l\u2019Ajuntament de l\u2019Olleria, Juan Ricardo Ruano, la Presidenta de la Junta de Festes de Moros i Cristians de la localitat, Mariola Gil i la Directora de la SEM Santa Cec\u00edlia de l\u2019Olleria, Isabel Garc\u00eda, han [&hellip;]<\/p>\n","protected":false},"author":1,"featured_media":0,"comment_status":"closed","ping_status":"open","sticky":false,"template":"","format":"standard","meta":{"_monsterinsights_skip_tracking":false,"_monsterinsights_sitenote_active":false,"_monsterinsights_sitenote_note":"","_monsterinsights_sitenote_category":0},"categories":[3,12],"tags":[],"_links":{"self":[{"href":"http:\/\/www.portaldelolleria.es\/index.php?rest_route=\/wp\/v2\/posts\/24613"}],"collection":[{"href":"http:\/\/www.portaldelolleria.es\/index.php?rest_route=\/wp\/v2\/posts"}],"about":[{"href":"http:\/\/www.portaldelolleria.es\/index.php?rest_route=\/wp\/v2\/types\/post"}],"author":[{"embeddable":true,"href":"http:\/\/www.portaldelolleria.es\/index.php?rest_route=\/wp\/v2\/users\/1"}],"replies":[{"embeddable":true,"href":"http:\/\/www.portaldelolleria.es\/index.php?rest_route=%2Fwp%2Fv2%2Fcomments&post=24613"}],"version-history":[{"count":2,"href":"http:\/\/www.portaldelolleria.es\/index.php?rest_route=\/wp\/v2\/posts\/24613\/revisions"}],"predecessor-version":[{"id":24616,"href":"http:\/\/www.portaldelolleria.es\/index.php?rest_route=\/wp\/v2\/posts\/24613\/revisions\/24616"}],"wp:attachment":[{"href":"http:\/\/www.portaldelolleria.es\/index.php?rest_route=%2Fwp%2Fv2%2Fmedia&parent=24613"}],"wp:term":[{"taxonomy":"category","embeddable":true,"href":"http:\/\/www.portaldelolleria.es\/index.php?rest_route=%2Fwp%2Fv2%2Fcategories&post=24613"},{"taxonomy":"post_tag","embeddable":true,"href":"http:\/\/www.portaldelolleria.es\/index.php?rest_route=%2Fwp%2Fv2%2Ftags&post=24613"}],"curies":[{"name":"wp","href":"https:\/\/api.w.org\/{rel}","templated":true}]}}