{"id":24670,"date":"2020-02-16T19:37:48","date_gmt":"2020-02-16T17:37:48","guid":{"rendered":"http:\/\/www.portaldelolleria.es\/?p=24670"},"modified":"2020-02-16T19:42:51","modified_gmt":"2020-02-16T17:42:51","slug":"fons-valencia-per-la-solidaritat-se-reunio-esta-semana-en-lolleria","status":"publish","type":"post","link":"http:\/\/www.portaldelolleria.es\/?p=24670","title":{"rendered":"Fons Valenci\u00e0 per la Solidaritat se reuni\u00f3 esta semana en l&#8217;Olleria"},"content":{"rendered":"<p><a href=\"http:\/\/www.portaldelolleria.es\/wp-content\/uploads\/2020\/02\/fons.jpg\"><img loading=\"lazy\" class=\"aligncenter size-full wp-image-24671\" title=\"fons\" src=\"http:\/\/www.portaldelolleria.es\/wp-content\/uploads\/2020\/02\/fons.jpg\" alt=\"\" width=\"598\" height=\"396\" srcset=\"http:\/\/www.portaldelolleria.es\/wp-content\/uploads\/2020\/02\/fons.jpg 598w, http:\/\/www.portaldelolleria.es\/wp-content\/uploads\/2020\/02\/fons-300x198.jpg 300w\" sizes=\"(max-width: 598px) 100vw, 598px\" \/><\/a><\/p>\n<p>&nbsp;<\/p>\n<p><span style=\"color: #333333;\"><em>Fons Valenci\u00e0 per la Solidaritat<\/em><\/span><\/p>\n<h3><\/h3>\n<h3>Esta jornada ha estado marcada por la celebraci\u00f3n de la Junta Ejecutiva del Fons y por el fortalecimiento de los v\u00ednculos entre el equipo t\u00e9cnico y la Junta<\/h3>\n<div id=\"post-text\">\n<p style=\"text-align: justify;\">El Fons Valenci\u00e0 per la Solidaritat ha iniciado un nuevo modelo de reuniones de trabajo rotatorias basadas en la convivencia entre la Junta Ejecutiva del Fons y el equipo t\u00e9cnico. El objetivo de estos seminarios tiene una doble vertiente: por un lado se pretende fortalecer los lazos entre el Fons y los municipios socios que forman parte de la Junta, celebrando las reuniones de \u00e9sta\u00a0 entre las diferentes localidades; y por otro lado se busca fortalecer los v\u00ednculos entre el personal t\u00e9cnico del Fons y los miembros de la Junta con el fin de conocer con mayor profundidad el trabajo de ambas partes.<\/p>\n<p style=\"text-align: justify;\">L&#8217;Olleria ha sido el primer municipio en acoger el seminario el pasado mi\u00e9rcoles 12 de febrero, el cual tambi\u00e9n ha englobado la celebraci\u00f3n de la Junta Ejecutiva. El Alcalde de l&#8217;Olleria y Secretario de la Junta del Fons Valenci\u00e0, Ram\u00f3n Vidal, realiz\u00f3 una recepci\u00f3n en el Ayuntamiento a los restantes miembros de la Junta \u2013\u00c1lvaro\u00a0Escorihuela, Presidente del Fons y Regidor de Vila-real; Ver\u00f3nica Ferri, Vicepresidenta del Fons y Regidora de Canals; Vicent\u00a0Mahiques, Tesorero del Fons y Alcalde de Barxeta; y a las diferentes Vocal\u00edas del Fons: Rosa Mart\u00ednez, Teniente de Alcalde de L&#8217;Alc\u00fadia; Ferran Lloret, Regidor de Pedreguer; Rafael Mateu, Alcalde de\u00a0Estivella; Vicent\u00a0Marrades, Alcalde de Corbera; y Raquel Caballero; Regidora de X\u00e0tiva\u2013 y al equipo t\u00e9cnico. A continuaci\u00f3n, Vidal, acompa\u00f1\u00f3 a la comitiva pol\u00edtica y t\u00e9cnica a visitar el Museo del Vidrio, situado en el interior de la Casa Santonja.<\/p>\n<p style=\"text-align: justify;\">Posteriormente, en el Ayuntamiento, se realiz\u00f3 una reuni\u00f3n donde el equipo t\u00e9cnico transmiti\u00f3 detalladamente a la Junta el trabajo que se realiza en cada \u00e1rea: Gerencia, Cooperaci\u00f3n Internacional, Educaci\u00f3n para el Desarrollo, Secretar\u00eda y Administraci\u00f3n y Comunicaci\u00f3n. Del mismo modo, los miembros de la Junta trasladaron su trabajo y la incidencia del mismo sobre el Fons. De este modo, ambas partes profundizaron el conocimiento del trabajo que se realiza.<\/p>\n<p style=\"text-align: justify;\">Por \u00faltimo, la Junta Ejecutiva desarroll\u00f3 la reuni\u00f3n pertinente, donde se aprob\u00f3 por unanimidad todo el orden del d\u00eda. En este estaban incluidos, entre otros, las nuevas altas como socios de L&#8217;Alf\u00e0s del Pi y de Almenara, as\u00ed como el plan de trabajo del Fons para 2020 y el balance de situaci\u00f3n econ\u00f3mica de 2019, en el que los ingresos y los gastos que en ambos casos ronda los 840.000 \u20ac. Tambi\u00e9n se inform\u00f3 de los viajes de trabajo en terreno, de la situaci\u00f3n y gesti\u00f3n de los 23 proyectos del Fons Valenci\u00e0 en ejecuci\u00f3n y finalizados hasta diciembre de 2019, y de las m\u00e1s de 40 actividades de Educaci\u00f3n para el Desarrollo realizadas en 2019, las cuales se han desarrollado en un total de 35 municipios de la Comunidad Valenciana y han tenido un impacto sobre m\u00e1s de 4.000 personas.<\/p>\n<p style=\"text-align: justify;\">_________________________<\/p>\n<p><span style=\"color: #003366;\">El Fons Valenci\u00e0 Solidaritat ha iniciat un nou model de reunions de treball rotat\u00f2ries basades en la conviv\u00e8ncia entre la Junta Executiva del Fons i l\u2019equip t\u00e8cnic. L\u2019objectiu d\u2019aquests seminaris t\u00e9 una doble vessant: per una banda es pret\u00e9n enfortir els lla\u00e7os entre el Fons i els municipis socis que formen part de la Junta, celebrant les reunions d\u2019aquesta de manera rotat\u00f2ria entre les diferents localitats; i per altra banda es busca enfortir els vincles entre el personal t\u00e8cnic del Fons i els membres de la Junta amb la finalitat de crear sinergies i de con\u00e8ixer en major profunditat, i de manera col\u2022lectiva, el treball d\u2019ambdues parts.<\/span><\/p>\n<p><span style=\"color: #003366;\">L\u2019Olleria (Ajuntament de l&#8217;Olleria) ha estat el primer municipi en acollir el seminari aquest dimecres 12 de febrer, el qual tamb\u00e9 ha englobat la celebraci\u00f3 de la Junta Executiva. L\u2019Alcalde de la localitat de la Vall d\u2019Albaida i Secretari de la Junta del Fons Valenci\u00e0, Ramon Vidal, va realitzar una recepci\u00f3 a l\u2019Ajuntament als restants membres de la Junta \u2013Alvaro Escorihuela, President del Fons i Regidor de Vila-real; Ver\u00f2nica Ferri, Vicepresidenta del Fons i Regidora de Canals; Vicent Mahiques, Tresorer del Fons i Alcalde de Barxeta; i a les diferents Vocalies del Fons: Rosa MartInez, Tinent d\u2019Alcalde de L\u2019Alc\u00fadia; Ferran Lloret, Regidor de Pedreguer; Rafael Mateu, Alcalde d\u2019Estivella; Vicent Marrades, Alcalde de Corbera; i Raquel Caballero; Regidora de X\u00e0tiva\u2013 i a l\u2019equip t\u00e8cnic. A continuaci\u00f3, Vidal, va acompanyar a la comitiva pol\u00edtica i t\u00e8cnica a visitar el Museu del Vidre, situat a l\u2019interior del convent dels Frares Caputxins, i que reuneix dues col\u2022leccions: una de vidre amb unes 1.000 peces aproximadament, i altra de pintura.<\/span><\/p>\n<p><span style=\"color: #003366;\">Posteriorment, a l\u2019Ajuntament, es va realitzar una reuni\u00f3 on l\u2019equip t\u00e8cnic va transmetre detalladament a la Junta el treball que es realitza a cada \u00e0rea: Ger\u00e8ncia, Cooperaci\u00f3 Internacional, Educaci\u00f3 per al Desenvolupament, Secretaria i Administraci\u00f3 i Comunicaci\u00f3. De la mateixa manera, els membres de la Junta van traslladar el seu treball i la incid\u00e8ncia del mateix sobre el Fons. D\u2019aquesta manera, ambdues parts van aprofundir el coneixement del treball que es realitza, fent transversal la informaci\u00f3.<\/span><\/p>\n<p><span style=\"color: #003366;\">Per \u00faltim, la Junta Executiva va desenvolupar la reuni\u00f3 pertinent, on es va aprovar per unanimitat tot l\u2019ordre del dia. En aquest estaven inclosos, entre altres, les noves altes com a socis de L\u2019Alf\u00e0s del Pi i d\u2019Almenara, aix\u00ed com el pla de treball del Fons per a 2020 i el balan\u00e7 de situaci\u00f3 econ\u00f2mica de 2019, en el que els ingressos i les despeses han ascendit a 855.643,66\u20ac i 830.556,75\u20ac, respectivament. Tamb\u00e9 es va informar dels viatges de treball en terreny, de la situaci\u00f3 i gesti\u00f3 dels 23 projectes del Fons Valenci\u00e0 en execuci\u00f3 i finalitzats fins a desembre de 2019, i de les m\u00e9s de 40 activitats d\u2019Educaci\u00f3 per al Desenvolupament realitzades en 2019, les quals s\u2019han desenvolupat en un total de 35 municipis de la Comunitat Valenciana i han tingut un impacte sobre m\u00e9s de 4.000 persones.<\/span><\/p>\n<\/div>\n","protected":false},"excerpt":{"rendered":"<p>&nbsp; Fons Valenci\u00e0 per la Solidaritat Esta jornada ha estado marcada por la celebraci\u00f3n de la Junta Ejecutiva del Fons y por el fortalecimiento de los v\u00ednculos entre el equipo t\u00e9cnico y la Junta El Fons Valenci\u00e0 per la Solidaritat ha iniciado un nuevo modelo de reuniones de trabajo rotatorias basadas en la convivencia entre [&hellip;]<\/p>\n","protected":false},"author":1,"featured_media":0,"comment_status":"closed","ping_status":"open","sticky":false,"template":"","format":"standard","meta":{"_monsterinsights_skip_tracking":false,"_monsterinsights_sitenote_active":false,"_monsterinsights_sitenote_note":"","_monsterinsights_sitenote_category":0},"categories":[3,12],"tags":[],"_links":{"self":[{"href":"http:\/\/www.portaldelolleria.es\/index.php?rest_route=\/wp\/v2\/posts\/24670"}],"collection":[{"href":"http:\/\/www.portaldelolleria.es\/index.php?rest_route=\/wp\/v2\/posts"}],"about":[{"href":"http:\/\/www.portaldelolleria.es\/index.php?rest_route=\/wp\/v2\/types\/post"}],"author":[{"embeddable":true,"href":"http:\/\/www.portaldelolleria.es\/index.php?rest_route=\/wp\/v2\/users\/1"}],"replies":[{"embeddable":true,"href":"http:\/\/www.portaldelolleria.es\/index.php?rest_route=%2Fwp%2Fv2%2Fcomments&post=24670"}],"version-history":[{"count":2,"href":"http:\/\/www.portaldelolleria.es\/index.php?rest_route=\/wp\/v2\/posts\/24670\/revisions"}],"predecessor-version":[{"id":24673,"href":"http:\/\/www.portaldelolleria.es\/index.php?rest_route=\/wp\/v2\/posts\/24670\/revisions\/24673"}],"wp:attachment":[{"href":"http:\/\/www.portaldelolleria.es\/index.php?rest_route=%2Fwp%2Fv2%2Fmedia&parent=24670"}],"wp:term":[{"taxonomy":"category","embeddable":true,"href":"http:\/\/www.portaldelolleria.es\/index.php?rest_route=%2Fwp%2Fv2%2Fcategories&post=24670"},{"taxonomy":"post_tag","embeddable":true,"href":"http:\/\/www.portaldelolleria.es\/index.php?rest_route=%2Fwp%2Fv2%2Ftags&post=24670"}],"curies":[{"name":"wp","href":"https:\/\/api.w.org\/{rel}","templated":true}]}}