{"id":24720,"date":"2020-02-23T18:07:24","date_gmt":"2020-02-23T16:07:24","guid":{"rendered":"http:\/\/www.portaldelolleria.es\/?p=24720"},"modified":"2020-02-23T18:12:17","modified_gmt":"2020-02-23T16:12:17","slug":"carnestoltes-a-lolleria-2020","status":"publish","type":"post","link":"http:\/\/www.portaldelolleria.es\/?p=24720","title":{"rendered":"Carnestoltes a l&#8217;Olleria 2020"},"content":{"rendered":"<p><img loading=\"lazy\" class=\"aligncenter size-full wp-image-24722\" title=\"carnestoltes\" src=\"http:\/\/www.portaldelolleria.es\/wp-content\/uploads\/2020\/02\/carnestoltes.jpg\" alt=\"\" width=\"598\" height=\"396\" srcset=\"http:\/\/www.portaldelolleria.es\/wp-content\/uploads\/2020\/02\/carnestoltes.jpg 598w, http:\/\/www.portaldelolleria.es\/wp-content\/uploads\/2020\/02\/carnestoltes-300x198.jpg 300w\" sizes=\"(max-width: 598px) 100vw, 598px\" \/><\/p>\n<p>&nbsp;<\/p>\n<p>Un a\u00f1o m\u00e1s y como manda la tradici\u00f3n,\u00a0\u00a0 los escolares de l&#8217;Olleria (Primaria y Escoleta),\u00a0 vuelven a llenar las calles de alegr\u00eda con sus originales disfraces\u00a0 adecuados a la tem\u00e1tica de este a\u00f1o.\u00a0\u00a0 Es un buen motivo para contagiarse del trabajo de los \u00abreyes de cada casa\u00bb,\u00a0 que nos recuerdan el tesoro que supone, que otra generaci\u00f3n ha empezado el camino.\u00a0 Profesorado y voluntarios\/as,\u00a0 completan la procesi\u00f3n de la \u00abilusi\u00f3n\u00bb de poder compartir todo lo elaborado,\u00a0 m\u00e1s all\u00e1 del recinto educativo.\u00a0\u00a0\u00a0 Reportaje gr\u00e1fico a cargo de Steven Alonso G\u00e1lvez (fotos), y de Eug\u00e9nio Mic\u00f3 (videos).<\/p>\n<p>_________________________<\/p>\n<p><span style=\"color: #003366;\">Un any m\u00e9s i com mana la tradici\u00f3, els escolars de l&#8217;Olleria (Prim\u00e0ria i Escoleta), tornen a omplir els carrers d&#8217;alegria amb els seus originals disfresses adequats a la tem\u00e0tica d&#8217;aquest any. \u00c9s un bon motiu per contagiar-se de la feina dels \u00abreis de cada casa\u00bb, que ens recorden el tresor que suposa, que una altra generaci\u00f3 ha comen\u00e7at el cam\u00ed. Professorat i voluntaris \/ es, completen la process\u00f3 de la \u00abil\u00b7lusi\u00f3\u00bb de poder compartir tot el elaborat, m\u00e9s enll\u00e0 de l&#8217;recinte educatiu. Reportatge gr\u00e0fic a c\u00e0rrec de Steven Alonso G\u00e1lvez (fotos), i d&#8217;Eug\u00e9nio Mic\u00f3 (v\u00eddeos).<\/span><\/p>\n<p>&nbsp;<\/p>\n<p><a href=\"https:\/\/www.flickr.com\/photos\/187090891@N02\/albums\/72157713200460437\" target=\"_blank\"><img loading=\"lazy\" class=\"aligncenter size-full wp-image-24721\" title=\"carnestoltes2\" src=\"http:\/\/www.portaldelolleria.es\/wp-content\/uploads\/2020\/02\/carnestoltes2.jpg\" alt=\"\" width=\"598\" height=\"396\" srcset=\"http:\/\/www.portaldelolleria.es\/wp-content\/uploads\/2020\/02\/carnestoltes2.jpg 598w, http:\/\/www.portaldelolleria.es\/wp-content\/uploads\/2020\/02\/carnestoltes2-300x198.jpg 300w\" sizes=\"(max-width: 598px) 100vw, 598px\" \/><\/a><br \/>\n<iframe loading=\"lazy\" src=\"https:\/\/www.youtube.com\/embed\/sOSQR6e41YI\" frameborder=\"0\" width=\"598\" height=\"369\"><\/iframe><\/p>\n","protected":false},"excerpt":{"rendered":"<p>&nbsp; Un a\u00f1o m\u00e1s y como manda la tradici\u00f3n,\u00a0\u00a0 los escolares de l&#8217;Olleria (Primaria y Escoleta),\u00a0 vuelven a llenar las calles de alegr\u00eda con sus originales disfraces\u00a0 adecuados a la tem\u00e1tica de este a\u00f1o.\u00a0\u00a0 Es un buen motivo para contagiarse del trabajo de los \u00abreyes de cada casa\u00bb,\u00a0 que nos recuerdan el tesoro que supone, [&hellip;]<\/p>\n","protected":false},"author":1,"featured_media":0,"comment_status":"closed","ping_status":"open","sticky":false,"template":"","format":"standard","meta":{"_monsterinsights_skip_tracking":false,"_monsterinsights_sitenote_active":false,"_monsterinsights_sitenote_note":"","_monsterinsights_sitenote_category":0},"categories":[16,12],"tags":[],"_links":{"self":[{"href":"http:\/\/www.portaldelolleria.es\/index.php?rest_route=\/wp\/v2\/posts\/24720"}],"collection":[{"href":"http:\/\/www.portaldelolleria.es\/index.php?rest_route=\/wp\/v2\/posts"}],"about":[{"href":"http:\/\/www.portaldelolleria.es\/index.php?rest_route=\/wp\/v2\/types\/post"}],"author":[{"embeddable":true,"href":"http:\/\/www.portaldelolleria.es\/index.php?rest_route=\/wp\/v2\/users\/1"}],"replies":[{"embeddable":true,"href":"http:\/\/www.portaldelolleria.es\/index.php?rest_route=%2Fwp%2Fv2%2Fcomments&post=24720"}],"version-history":[{"count":2,"href":"http:\/\/www.portaldelolleria.es\/index.php?rest_route=\/wp\/v2\/posts\/24720\/revisions"}],"predecessor-version":[{"id":24724,"href":"http:\/\/www.portaldelolleria.es\/index.php?rest_route=\/wp\/v2\/posts\/24720\/revisions\/24724"}],"wp:attachment":[{"href":"http:\/\/www.portaldelolleria.es\/index.php?rest_route=%2Fwp%2Fv2%2Fmedia&parent=24720"}],"wp:term":[{"taxonomy":"category","embeddable":true,"href":"http:\/\/www.portaldelolleria.es\/index.php?rest_route=%2Fwp%2Fv2%2Fcategories&post=24720"},{"taxonomy":"post_tag","embeddable":true,"href":"http:\/\/www.portaldelolleria.es\/index.php?rest_route=%2Fwp%2Fv2%2Ftags&post=24720"}],"curies":[{"name":"wp","href":"https:\/\/api.w.org\/{rel}","templated":true}]}}