{"id":24756,"date":"2020-02-26T13:07:39","date_gmt":"2020-02-26T11:07:39","guid":{"rendered":"http:\/\/www.portaldelolleria.es\/?p=24756"},"modified":"2020-02-26T13:11:17","modified_gmt":"2020-02-26T11:11:17","slug":"gva-ayudas-para-el-alquiler-de-vivienda-y-alquiler-para-jovenes","status":"publish","type":"post","link":"http:\/\/www.portaldelolleria.es\/?p=24756","title":{"rendered":"GVA: Ayudas para el alquiler de vivienda y alquiler para jovenes"},"content":{"rendered":"<p><img loading=\"lazy\" class=\"aligncenter size-full wp-image-24758\" title=\"alquiler\" src=\"http:\/\/www.portaldelolleria.es\/wp-content\/uploads\/2020\/02\/alquiler.jpg\" alt=\"\" width=\"598\" height=\"396\" srcset=\"http:\/\/www.portaldelolleria.es\/wp-content\/uploads\/2020\/02\/alquiler.jpg 598w, http:\/\/www.portaldelolleria.es\/wp-content\/uploads\/2020\/02\/alquiler-300x198.jpg 300w\" sizes=\"(max-width: 598px) 100vw, 598px\" \/><\/p>\n<p>&nbsp;<\/p>\n<p>&nbsp;<\/p>\n<p><strong>Bases y convocatoria<\/strong><\/p>\n<p><a href=\"http:\/\/www.dogv.gva.es\/datos\/2018\/06\/28\/pdf\/2018_6324.pdf\">ORDEN 5\/2018, de 25 de junio, de la Conselleria de Vivienda,Obras P\u00fablicas y Vertebraci\u00f3n el Territorio, por la que se aprueban las bases reguladoras del Programa de ayudas al alquiler de viviendas y Programa de ayudas al alquiler para j\u00f3venes.<\/a><\/p>\n<p><a href=\"http:\/\/www.dogv.gva.es\/datos\/2020\/02\/25\/pdf\/2020_1674.pdf\" target=\"_blank\">Resoluci\u00f3n de 20 de febrero de 2020, del director general de Emergencia Habitacional, Funci\u00f3n Social de la Vivienda y Observatorio del H\u00e1bitat y Segregaci\u00f3n Urbana, por la que se convocan, para el ejercicio 2020, las ayudas del Programa de ayudas al alquiler de vivienda y del Programa de ayudas al alquiler para j\u00f3venes.<\/a><\/p>\n<p><a href=\"http:\/\/www.habitatge.gva.es\/documents\/20558636\/169604985\/Gu%C3%ADa+informativa+de+las+ayudas+al+alquiler+de+viviendas+2020.pdf\/4b3f7da5-993a-4b81-9ae5-34c9b40a0df6\" target=\"_blank\"><strong>Gu\u00eda informativa de las ayudas al alquiler de viviendas 2020<\/strong><\/a><\/p>\n<p align=\"justify\"><strong>Tramitaci\u00f3n de la solicitud<\/strong><\/p>\n<p>La tramitaci\u00f3n podr\u00e1 realizarse de forma telem\u00e1tica o presencial:<br \/>\na) <strong>Telem\u00e1tica<\/strong>:<\/p>\n<p>Si dispone de certificado digital reconocido por la ACCV o DNI electr\u00f3nico, se hace a trav\u00e9s del enlace \u00ab<strong><a href=\"http:\/\/www.gva.es\/es\/inicio\/procedimientos?id_proc=18582&amp;version=amp\" target=\"_blank\">Tr\u00e1mite para solicitar la ayuda<\/a><\/strong>\u00ab.\u00a0 Clique en \u00ab<strong>Tramitar con certificado<\/strong>\u00ab, rellene la solicitud, adjunte los \u00abANEXOS A LA SOLICITUD DEL PROGRAMA DE AYUDAS AL ALQUILER DE VIVIENDA. CONVOCATORIA 2020\u00bb <strong>firmados<\/strong> y toda la documentaci\u00f3n exigida en la convocatoria.<\/p>\n<p>b) <strong>Presencial<\/strong>:<\/p>\n<p>Acceda al enlace \u00ab<strong><a href=\"http:\/\/www.gva.es\/es\/inicio\/procedimientos?id_proc=18582&amp;version=amp\" target=\"_blank\">Tr\u00e1mite para solicitar la ayuda<\/a><\/strong>\u00ab. Clique en \u00ab<strong>Tramitar telem\u00e1ticamente<\/strong>\u00ab, rellene el formulario y clique enviar. Descargue el justificante de entrada junto con la solicitud cumplimentada, f\u00edrmela y guarde los dos documentos.<\/p>\n<p>A continuaci\u00f3n, imprima la solicitud <strong>firmada<\/strong> y<strong> <\/strong>el justificante para presentarlo acompa\u00f1ado de los \u00abANEXOS A LA SOLICITUD DEL PROGRAMA DE AYUDAS AL ALQUILER DE VIVIENDA. CONVOCATORIA 2020\u00bb <strong>firmados<\/strong> y con la documentaci\u00f3n exigida en la convocatoria. preferentemente, en el registro de entrada de los Servicios Territoriales de Vivienda y Arquitectura Bioclim\u00e1tica, tambi\u00e9n en oficinas PROP, ayuntamientos, por correo certificado y en los lugares establecidos en la Ley 39\/2015, de 1 de octubre.<\/p>\n<p>Puede pedir cita previa a los servicios territoriales para su asesoramiento en la tramitaci\u00f3n. Asimismo, los ayuntamientos podr\u00e1n prestar su colaboraci\u00f3n en la tramitaci\u00f3n.<br \/>\nLos ayuntamientos o mancomunidades podr\u00e1n presentar solicitudes telem\u00e1ticamente, si est\u00e1n debidamente autorizados por las personas solicitantes, mediante cumplimentaci\u00f3n del <a href=\"http:\/\/www.habitatge.gva.es\/documents\/20558636\/169604985\/Alq+annex+III\/832856de-9dde-4420-98c0-af32324d1b62\">ANEXO A LA SOLICITUD DEL PROGRAMA DE AYUDAS AL ALQUILER DE VIVIENDA. CONVOCATORIA 2020 (ALQ annex III).<\/a><\/p>\n<p>&nbsp;<\/p>\n<p>Si tiene problemas con el formulario electr\u00f3nico puede enviar un correo a <a href=\"mailto:generalitat_en_red@gva.es\">generalitat_en_red@gva.es<\/a><\/p>\n<p>&nbsp;<\/p>\n<p><a href=\"http:\/\/www.habitatge.gva.es\/documents\/20558636\/169604985\/Gu%C3%ADa_colaboraci%C3%B3n_solicitud_ayudas_alquiler_2020_cas_vcia.pdf\/ddd55c3e-b9a0-4abf-bc0d-007c04a3b137\" target=\"_blank\"><strong>Guia dirigida a los ayuntamientos para colaborar en la tramitaci\u00f3n de solicitudes de ayudas de alquiler.<\/strong><\/a><\/p>\n<p>&nbsp;<\/p>\n<p align=\"justify\"><strong>Impresos asociados<\/strong><\/p>\n<p align=\"justify\"><a href=\"http:\/\/www.habitatge.gva.es\/documents\/20558636\/169604985\/Alq+annex+I\/669b1cf4-aa11-4ef6-93de-2d3d044996cd\" target=\"_blank\">ANEXO A LA SOLICITUD DEL PROGRAMA DE AYUDAS AL ALQUILER DE VIVIENDA. CONVOCATORIA 2020 (ALQ annex I)<\/a>.<br \/>\n<a href=\"http:\/\/www.habitatge.gva.es\/documents\/20558636\/169604985\/Alq+annex+II\/e7efb241-68c6-4494-a60d-f0b9c653722b\" target=\"_blank\">ANEXO A LA SOLICITUD DEL PROGRAMA DE AYUDAS AL ALQUILER DE VIVIENDA. DOCUMENTACI\u00d3N A ADJUNTAR. CONVOCATORIA 2020 (ALQ annex II).<\/a><br \/>\n<a href=\"http:\/\/www.habitatge.gva.es\/documents\/20558636\/169604985\/Alq+annex+III\/832856de-9dde-4420-98c0-af32324d1b62\">ANEXO A LA SOLICITUD DEL PROGRAMA DE AYUDAS AL ALQUILER DE VIVIENDA. CONVOCATORIA 2020 (ALQ annex III).<\/a><\/p>\n<p align=\"justify\"><a href=\"http:\/\/www.gva.es\/downloads\/publicados\/IN\/07000_ES.pdf\">MODELO DE DOMICILIACI\u00d3N BANCARIA<\/a><\/p>\n<p align=\"justify\"><a href=\"http:\/\/www.habitatge.gva.es\/documents\/20558636\/169604985\/Ayudas_alquiler_Infogr%C3%A1fico_2020_cas.png\/ae323551-12e0-4fc6-89de-afac8330ce46?t=1582615693455\" target=\"_blank\"><img loading=\"lazy\" class=\"aligncenter size-full wp-image-24757\" title=\"Cartel alquiler vivienda 2020 cs\" src=\"http:\/\/www.portaldelolleria.es\/wp-content\/uploads\/2020\/02\/Cartel-alquiler-vivienda-2020-cs.jpg\" alt=\"\" width=\"598\" height=\"846\" srcset=\"http:\/\/www.portaldelolleria.es\/wp-content\/uploads\/2020\/02\/Cartel-alquiler-vivienda-2020-cs.jpg 598w, http:\/\/www.portaldelolleria.es\/wp-content\/uploads\/2020\/02\/Cartel-alquiler-vivienda-2020-cs-212x300.jpg 212w\" sizes=\"(max-width: 598px) 100vw, 598px\" \/><\/a><\/p>\n","protected":false},"excerpt":{"rendered":"<p>&nbsp; &nbsp; Bases y convocatoria ORDEN 5\/2018, de 25 de junio, de la Conselleria de Vivienda,Obras P\u00fablicas y Vertebraci\u00f3n el Territorio, por la que se aprueban las bases reguladoras del Programa de ayudas al alquiler de viviendas y Programa de ayudas al alquiler para j\u00f3venes. Resoluci\u00f3n de 20 de febrero de 2020, del director general [&hellip;]<\/p>\n","protected":false},"author":1,"featured_media":0,"comment_status":"closed","ping_status":"open","sticky":false,"template":"","format":"standard","meta":{"_monsterinsights_skip_tracking":false,"_monsterinsights_sitenote_active":false,"_monsterinsights_sitenote_note":"","_monsterinsights_sitenote_category":0},"categories":[171,12],"tags":[],"_links":{"self":[{"href":"http:\/\/www.portaldelolleria.es\/index.php?rest_route=\/wp\/v2\/posts\/24756"}],"collection":[{"href":"http:\/\/www.portaldelolleria.es\/index.php?rest_route=\/wp\/v2\/posts"}],"about":[{"href":"http:\/\/www.portaldelolleria.es\/index.php?rest_route=\/wp\/v2\/types\/post"}],"author":[{"embeddable":true,"href":"http:\/\/www.portaldelolleria.es\/index.php?rest_route=\/wp\/v2\/users\/1"}],"replies":[{"embeddable":true,"href":"http:\/\/www.portaldelolleria.es\/index.php?rest_route=%2Fwp%2Fv2%2Fcomments&post=24756"}],"version-history":[{"count":2,"href":"http:\/\/www.portaldelolleria.es\/index.php?rest_route=\/wp\/v2\/posts\/24756\/revisions"}],"predecessor-version":[{"id":24760,"href":"http:\/\/www.portaldelolleria.es\/index.php?rest_route=\/wp\/v2\/posts\/24756\/revisions\/24760"}],"wp:attachment":[{"href":"http:\/\/www.portaldelolleria.es\/index.php?rest_route=%2Fwp%2Fv2%2Fmedia&parent=24756"}],"wp:term":[{"taxonomy":"category","embeddable":true,"href":"http:\/\/www.portaldelolleria.es\/index.php?rest_route=%2Fwp%2Fv2%2Fcategories&post=24756"},{"taxonomy":"post_tag","embeddable":true,"href":"http:\/\/www.portaldelolleria.es\/index.php?rest_route=%2Fwp%2Fv2%2Ftags&post=24756"}],"curies":[{"name":"wp","href":"https:\/\/api.w.org\/{rel}","templated":true}]}}