{"id":24808,"date":"2020-03-02T13:02:03","date_gmt":"2020-03-02T11:02:03","guid":{"rendered":"http:\/\/www.portaldelolleria.es\/?p=24808"},"modified":"2020-03-02T13:02:29","modified_gmt":"2020-03-02T11:02:29","slug":"tablas-en-la-solana-entre-tavernes-y-lolleria","status":"publish","type":"post","link":"http:\/\/www.portaldelolleria.es\/?p=24808","title":{"rendered":"Tablas en La Solana, entre Tavernes y l&#8217;Olleria"},"content":{"rendered":"<p><a href=\"http:\/\/www.portaldelolleria.es\/wp-content\/uploads\/2020\/03\/golsmedia_25.jpg\"><img loading=\"lazy\" class=\"aligncenter size-full wp-image-24812\" title=\"golsmedia_25\" src=\"http:\/\/www.portaldelolleria.es\/wp-content\/uploads\/2020\/03\/golsmedia_25.jpg\" alt=\"\" width=\"598\" height=\"386\" srcset=\"http:\/\/www.portaldelolleria.es\/wp-content\/uploads\/2020\/03\/golsmedia_25.jpg 598w, http:\/\/www.portaldelolleria.es\/wp-content\/uploads\/2020\/03\/golsmedia_25-300x193.jpg 300w\" sizes=\"(max-width: 598px) 100vw, 598px\" \/><\/a><\/p>\n<p><strong>Jornada 25, Regional Preferente G\u00ba III<\/strong><br \/>\nL\u2019Olleria CF\u00a0 2-2\u00a0 UE Tavernes<\/p>\n<p style=\"text-align: justify;\">L&#8217;Olleria CF, consigui\u00f3 \u00abin extremis\u00bb empatar ante uno de los aspirantes al ascenso,\u00a0 la UE Tavernes de Valldigna.\u00a0\u00a0\u00a0 Al igual que hace dos jornadas contra la UD Castellonense, no se not\u00f3 la diferencia en la tabla clasificatoria,\u00a0 aunque en esta ocasi\u00f3n\u00a0 La Solana disfrut\u00f3 de un encuentro entretenido en el que se sucedian las ocasiones en ambas porterias.<\/p>\n<p style=\"text-align: justify;\">Los huecos tras las defensas fu\u00e9 el\u00a0 recurso m\u00e1s repetido para la b\u00fasqueda del gol,\u00a0 aunque los ollerienses que ya hab\u00edan encajado un gol en el minuto 10,\u00a0 empataron en un preciso saque de falta que remat\u00f3 de cabeza\u00a0 Carles Vidal,\u00a0 desviando el bal\u00f3n lo necesario para conseguir el 1 a 1 (14&#8242;).\u00a0\u00a0\u00a0 La segunda parte fu\u00e9 un calco de la primera,\u00a0 batalla por el control del bal\u00f3n en el centro de campo y r\u00e1pidos ataques al espacio tras las defensas.\u00a0\u00a0 En el 70&#8242;\u00a0 los visitantes, consegu\u00edan adelantarse tras un disparo desde el borde de \u00e1rea,\u00a0 al que nada pod\u00eda hacer Toni Peir\u00f3.\u00a0\u00a0 Ser\u00eda precisamente el portero el que en el \u00faltimo minuto tras un saque de falta sobre el\u00a0 \u00e1rea del Tavernes\u00a0 supon\u00eda el penalti con el que Rafa Quilis (89&#8242;),\u00a0 salvaba un punto merecido para los ollerienses.<\/p>\n<p style=\"text-align: justify;\">La pr\u00f3xima jornada l&#8217;Olleria\u00a0 que se mantiene en la 7\u00aa plaza, visitar\u00e1 al CD Enguera, que ocupa el 15\u00ba puestos, y que esta semana acaba de derrotar a otro de los aspirantes al ascenso, el CD J\u00e1vea.\u00a0 Victoria que le ha permitido abandonar los puestos de descenso.\u00a0 Es decir\u00a0 l&#8217;Olleria visitar\u00e1 a un equipo que acaba de rearmarse moralmente y sigue necesitado de puntos.\u00a0\u00a0 Encuentro complicado para los visitantes.<\/p>\n<p style=\"text-align: justify;\">_____________________________________<\/p>\n<p style=\"text-align: justify;\"><span style=\"color: #003366;\">L&#8217;Olleria CF, va aconseguir \u00abin extremis\u00bb empatar davant un dels aspirants a l&#8217;ascens, la UE Tavernes de Valldigna. A l&#8217;igual que fa dues jornades contra la UD Castellonense, no es va notar la difer\u00e8ncia en la taula classificat\u00f2ria, encara que en aquesta ocasi\u00f3 la Solana va gaudir d&#8217;una trobada entretingut en el qual es sucedian les ocasions a les dues porteries.<\/span><\/p>\n<p style=\"text-align: justify;\"><span style=\"color: #003366;\">Els buits despr\u00e9s de les defenses va ser el recurs m\u00e9s repetit per a la recerca de l&#8217;gol, encara que els ollerians que ja havien encaixat un gol al minut 10, van empatar en un prec\u00eds llan\u00e7ament de falta que va rematar de cap Carles Vidal, desviant la pilota el necessari per aconseguir l&#8217;1 a 1 (14 &#8216;). La segona part va ser un calc de la primera, batalla pel control de la pilota al centre de camp i r\u00e0pids atacs a l&#8217;espai despr\u00e9s de les defenses. Al 70 &#8216;els visitants, aconseguien avan\u00e7ar-despr\u00e9s d&#8217;un xut des de la vora d&#8217;\u00e0rea, a qu\u00e8 res podia fer Toni Peir\u00f3. Seria precisament el porter el que en l&#8217;\u00faltim minut despr\u00e9s d&#8217;un servei de falta sobre l&#8217;\u00e0rea de l&#8217;Tavernes suposava el penal amb el qual Rafa Quilis (89 &#8216;), salvava un punt merescut per als ollerians.<\/span><\/p>\n<p style=\"text-align: justify;\"><span style=\"color: #003366;\">La propera jornada l&#8217;Olleria que es mant\u00e9 en la 7a pla\u00e7a, visitar\u00e0 a l&#8217;CD Enguera, que ocupa el 15\u00e8 llocs, i que aquesta setmana acaba de derrotar a un altre dels aspirants a l&#8217;ascens, el CD X\u00e0bia. Vict\u00f2ria que li ha perm\u00e8s abandonar els llocs de descens. \u00c9s a dir l&#8217;Olleria visitar\u00e0 a un equip que acaba de rearmar moralment i segueix necessitat de punts. Trobada complicat per als visitants.<\/span><\/p>\n<p>&nbsp;<\/p>\n<p>&nbsp;<\/p>\n<p><a href=\"https:\/\/golsmedia.com\/video-pref-goiii-lolleria-cf-ue-tavernes-de-la-valldigna\/\" target=\"_blank\"><img loading=\"lazy\" class=\"aligncenter size-full wp-image-24811\" title=\"golsmedia_25v\" src=\"http:\/\/www.portaldelolleria.es\/wp-content\/uploads\/2020\/03\/golsmedia_25v.jpg\" alt=\"\" width=\"598\" height=\"360\" srcset=\"http:\/\/www.portaldelolleria.es\/wp-content\/uploads\/2020\/03\/golsmedia_25v.jpg 598w, http:\/\/www.portaldelolleria.es\/wp-content\/uploads\/2020\/03\/golsmedia_25v-300x180.jpg 300w\" sizes=\"(max-width: 598px) 100vw, 598px\" \/><\/a><\/p>\n<p>&nbsp;<\/p>\n<p><a href=\"http:\/\/www.portaldelolleria.es\/wp-content\/uploads\/2020\/03\/resultados-FC-Jornada-25.jpg\"><img loading=\"lazy\" class=\"aligncenter size-full wp-image-24809\" title=\"resultados FC Jornada 25\" src=\"http:\/\/www.portaldelolleria.es\/wp-content\/uploads\/2020\/03\/resultados-FC-Jornada-25.jpg\" alt=\"\" width=\"596\" height=\"363\" srcset=\"http:\/\/www.portaldelolleria.es\/wp-content\/uploads\/2020\/03\/resultados-FC-Jornada-25.jpg 596w, http:\/\/www.portaldelolleria.es\/wp-content\/uploads\/2020\/03\/resultados-FC-Jornada-25-300x182.jpg 300w\" sizes=\"(max-width: 596px) 100vw, 596px\" \/><\/a><\/p>\n<p><a href=\"http:\/\/www.portaldelolleria.es\/wp-content\/uploads\/2020\/03\/clasificaci\u00f3n-FC-Jornada25.jpg\"><img loading=\"lazy\" class=\"aligncenter size-full wp-image-24810\" title=\"clasificaci\u00f3n FC Jornada25\" src=\"http:\/\/www.portaldelolleria.es\/wp-content\/uploads\/2020\/03\/clasificaci\u00f3n-FC-Jornada25.jpg\" alt=\"\" width=\"598\" height=\"613\" srcset=\"http:\/\/www.portaldelolleria.es\/wp-content\/uploads\/2020\/03\/clasificaci\u00f3n-FC-Jornada25.jpg 598w, http:\/\/www.portaldelolleria.es\/wp-content\/uploads\/2020\/03\/clasificaci\u00f3n-FC-Jornada25-292x300.jpg 292w\" sizes=\"(max-width: 598px) 100vw, 598px\" \/><\/a><\/p>\n","protected":false},"excerpt":{"rendered":"<p>Jornada 25, Regional Preferente G\u00ba III L\u2019Olleria CF\u00a0 2-2\u00a0 UE Tavernes L&#8217;Olleria CF, consigui\u00f3 \u00abin extremis\u00bb empatar ante uno de los aspirantes al ascenso,\u00a0 la UE Tavernes de Valldigna.\u00a0\u00a0\u00a0 Al igual que hace dos jornadas contra la UD Castellonense, no se not\u00f3 la diferencia en la tabla clasificatoria,\u00a0 aunque en esta ocasi\u00f3n\u00a0 La Solana disfrut\u00f3 [&hellip;]<\/p>\n","protected":false},"author":1,"featured_media":0,"comment_status":"closed","ping_status":"open","sticky":false,"template":"","format":"standard","meta":{"_monsterinsights_skip_tracking":false,"_monsterinsights_sitenote_active":false,"_monsterinsights_sitenote_note":"","_monsterinsights_sitenote_category":0},"categories":[9,12],"tags":[],"_links":{"self":[{"href":"http:\/\/www.portaldelolleria.es\/index.php?rest_route=\/wp\/v2\/posts\/24808"}],"collection":[{"href":"http:\/\/www.portaldelolleria.es\/index.php?rest_route=\/wp\/v2\/posts"}],"about":[{"href":"http:\/\/www.portaldelolleria.es\/index.php?rest_route=\/wp\/v2\/types\/post"}],"author":[{"embeddable":true,"href":"http:\/\/www.portaldelolleria.es\/index.php?rest_route=\/wp\/v2\/users\/1"}],"replies":[{"embeddable":true,"href":"http:\/\/www.portaldelolleria.es\/index.php?rest_route=%2Fwp%2Fv2%2Fcomments&post=24808"}],"version-history":[{"count":6,"href":"http:\/\/www.portaldelolleria.es\/index.php?rest_route=\/wp\/v2\/posts\/24808\/revisions"}],"predecessor-version":[{"id":24818,"href":"http:\/\/www.portaldelolleria.es\/index.php?rest_route=\/wp\/v2\/posts\/24808\/revisions\/24818"}],"wp:attachment":[{"href":"http:\/\/www.portaldelolleria.es\/index.php?rest_route=%2Fwp%2Fv2%2Fmedia&parent=24808"}],"wp:term":[{"taxonomy":"category","embeddable":true,"href":"http:\/\/www.portaldelolleria.es\/index.php?rest_route=%2Fwp%2Fv2%2Fcategories&post=24808"},{"taxonomy":"post_tag","embeddable":true,"href":"http:\/\/www.portaldelolleria.es\/index.php?rest_route=%2Fwp%2Fv2%2Ftags&post=24808"}],"curies":[{"name":"wp","href":"https:\/\/api.w.org\/{rel}","templated":true}]}}