{"id":2490,"date":"2013-03-08T20:04:23","date_gmt":"2013-03-08T19:04:23","guid":{"rendered":"http:\/\/www.portaldelolleria.es\/?p=2490"},"modified":"2013-03-08T20:04:23","modified_gmt":"2013-03-08T19:04:23","slug":"la-escuela-de-basquet-de-l%e2%80%99olleria-disfrutan-en-directo-de-la-eurocup","status":"publish","type":"post","link":"http:\/\/www.portaldelolleria.es\/?p=2490","title":{"rendered":"La Escuela de B\u00e0squet de L\u2019Olleria disfrutan en directo de la Eurocup"},"content":{"rendered":"<p><a href=\"http:\/\/www.portaldelolleria.es\/wp-content\/uploads\/2013\/03\/basket.jpg\"><img loading=\"lazy\" class=\"aligncenter size-full wp-image-2491\" title=\"basket\" src=\"http:\/\/www.portaldelolleria.es\/wp-content\/uploads\/2013\/03\/basket.jpg\" alt=\"\" width=\"598\" height=\"398\" srcset=\"http:\/\/www.portaldelolleria.es\/wp-content\/uploads\/2013\/03\/basket.jpg 598w, http:\/\/www.portaldelolleria.es\/wp-content\/uploads\/2013\/03\/basket-300x199.jpg 300w\" sizes=\"(max-width: 598px) 100vw, 598px\" \/><\/a><\/p>\n<p>&nbsp;<\/p>\n<p>La Escuela de B\u00e0squet de L\u2019Olleria se desplaz\u00f3 el pasado mi\u00e9rcoles, 6 de marzo, \u00a0hasta la Fonteta de Sant Llu\u00eds para ver en directo el partido entre el Val\u00e8ncia B\u00e0sket y el \u00danics Kaz\u00e0n, el partido de la ida de cuartos de final de la Eurocup.<\/p>\n<p>Dani Semper, coordinador de la escuela ha subrayado \u201cel trato que nos dio el Valencia B\u00e0sket\u201d as\u00ed como \u201c la gran experiencia vivida tanto los peque\u00f1os como los mayores, una tarde fant\u00e0stica en la que adem\u00e1s nos pudimos hacer una fotograf\u00eda con los jugadores\u201d.<\/p>\n<p>En total se desplazaron m\u00e1s de 80 personas entre alumnos de la escuela, familiares y gente vinculada al b\u00e0squet de L\u2019Olleria.<\/p>\n","protected":false},"excerpt":{"rendered":"<p>&nbsp; La Escuela de B\u00e0squet de L\u2019Olleria se desplaz\u00f3 el pasado mi\u00e9rcoles, 6 de marzo, \u00a0hasta la Fonteta de Sant Llu\u00eds para ver en directo el partido entre el Val\u00e8ncia B\u00e0sket y el \u00danics Kaz\u00e0n, el partido de la ida de cuartos de final de la Eurocup. Dani Semper, coordinador de la escuela ha subrayado [&hellip;]<\/p>\n","protected":false},"author":2,"featured_media":0,"comment_status":"closed","ping_status":"open","sticky":false,"template":"","format":"standard","meta":{"_monsterinsights_skip_tracking":false,"_monsterinsights_sitenote_active":false,"_monsterinsights_sitenote_note":"","_monsterinsights_sitenote_category":0},"categories":[9,12],"tags":[407,215,583,584,20],"_links":{"self":[{"href":"http:\/\/www.portaldelolleria.es\/index.php?rest_route=\/wp\/v2\/posts\/2490"}],"collection":[{"href":"http:\/\/www.portaldelolleria.es\/index.php?rest_route=\/wp\/v2\/posts"}],"about":[{"href":"http:\/\/www.portaldelolleria.es\/index.php?rest_route=\/wp\/v2\/types\/post"}],"author":[{"embeddable":true,"href":"http:\/\/www.portaldelolleria.es\/index.php?rest_route=\/wp\/v2\/users\/2"}],"replies":[{"embeddable":true,"href":"http:\/\/www.portaldelolleria.es\/index.php?rest_route=%2Fwp%2Fv2%2Fcomments&post=2490"}],"version-history":[{"count":2,"href":"http:\/\/www.portaldelolleria.es\/index.php?rest_route=\/wp\/v2\/posts\/2490\/revisions"}],"predecessor-version":[{"id":2493,"href":"http:\/\/www.portaldelolleria.es\/index.php?rest_route=\/wp\/v2\/posts\/2490\/revisions\/2493"}],"wp:attachment":[{"href":"http:\/\/www.portaldelolleria.es\/index.php?rest_route=%2Fwp%2Fv2%2Fmedia&parent=2490"}],"wp:term":[{"taxonomy":"category","embeddable":true,"href":"http:\/\/www.portaldelolleria.es\/index.php?rest_route=%2Fwp%2Fv2%2Fcategories&post=2490"},{"taxonomy":"post_tag","embeddable":true,"href":"http:\/\/www.portaldelolleria.es\/index.php?rest_route=%2Fwp%2Fv2%2Ftags&post=2490"}],"curies":[{"name":"wp","href":"https:\/\/api.w.org\/{rel}","templated":true}]}}