{"id":24919,"date":"2020-03-11T19:59:38","date_gmt":"2020-03-11T17:59:38","guid":{"rendered":"http:\/\/www.portaldelolleria.es\/?p=24919"},"modified":"2020-03-11T20:02:11","modified_gmt":"2020-03-11T18:02:11","slug":"la-ffcv-suspende-competiciones-dos-semanas-por-la-crisis-del-covid-19","status":"publish","type":"post","link":"http:\/\/www.portaldelolleria.es\/?p=24919","title":{"rendered":"La FFCV suspende competiciones dos semanas por la crisis del COVID-19"},"content":{"rendered":"<p><a href=\"http:\/\/www.portaldelolleria.es\/wp-content\/uploads\/2020\/03\/fvcv.jpg\"><img loading=\"lazy\" class=\"aligncenter size-full wp-image-24920\" title=\"fvcv\" src=\"http:\/\/www.portaldelolleria.es\/wp-content\/uploads\/2020\/03\/fvcv.jpg\" alt=\"\" width=\"598\" height=\"357\" srcset=\"http:\/\/www.portaldelolleria.es\/wp-content\/uploads\/2020\/03\/fvcv.jpg 598w, http:\/\/www.portaldelolleria.es\/wp-content\/uploads\/2020\/03\/fvcv-300x179.jpg 300w\" sizes=\"(max-width: 598px) 100vw, 598px\" \/><\/a><\/p>\n<p>&nbsp;<\/p>\n<p><span style=\"color: #888888;\"><em>FFCV 11\/3\/2020<\/em><\/span><\/p>\n<h2>COMUNICADO OFICIAL<\/h2>\n<h3>La FFCV suspende competiciones dos semanas por la crisis del COVID-19<\/h3>\n<p>La <strong>Federaci\u00f3 de Futbol de la Comunitat Valenciana<\/strong> ha decidido suspender todos los actos previstos y todas las competiciones territoriales debido a la crisis del <strong>COVID-19.<\/strong><\/p>\n<p>La decisi\u00f3n de la <strong>FFCV<\/strong> viene como consecuencia de la \u00faltima circular de la <strong>RFEF<\/strong>, en la <a href=\"https:\/\/rfef.es\/noticias\/rfef-propone-comision-delegada-suspender-todos-partidos-futbol-y-futbol-sala-no-profesional\">que se recomienda expl\u00edcitamente la suspensi\u00f3n de todos los partidos<\/a>, as\u00ed como de las recomendaciones de las autoridades sanitarias.<\/p>\n<p>La suspensi\u00f3n de actos y competiciones entra en vigor hoy mismo (mi\u00e9rcoles 11 de marzo) y tendr\u00e1 una duraci\u00f3n inicial de dos semanas, sujeto a los cambios que nos aconsejen en cada momento las autoridades sanitarias y deportivas.<\/p>\n<p>Esta suspensi\u00f3n afecta a todas las competiciones gestionadas por la <strong>FFCV<\/strong>, incluidos partidos amistosos, y a los actos organizados por la <strong>FFCV<\/strong> para estas dos semanas:<\/p>\n<ul>\n<li>Cursos formativos de \u00e1rbitros (<strong>CTA<\/strong>)<\/li>\n<li>Cursos de entrenadores (<strong>CTE<\/strong>)<\/li>\n<\/ul>\n<p>Por lo que respecta a las competiciones de \u00e1mbito nacional, la <strong>RFEF<\/strong> las ha suspendido todas. Las competiciones nacionales dependientes de la <strong>RFEF<\/strong> son:<\/p>\n<ul>\n<li>Segunda Divisi\u00f3n B<\/li>\n<li>Tercera Divisi\u00f3n<\/li>\n<li>Divisi\u00f3n de Honor juvenil<\/li>\n<li>Liga Nacional Juvenil<\/li>\n<li>Primera Iberdrola<\/li>\n<li>Liga Reto<\/li>\n<li>Primera Nacional Femenina<\/li>\n<li>Primera Divisi\u00f3n de futsal<\/li>\n<li>Segunda Divisi\u00f3n de futsal<\/li>\n<li>Segunda B de futsal<\/li>\n<li>Tercera Divisi\u00f3n de futsal<\/li>\n<li>Divisi\u00f3n de Honor Juvenil de futsal<\/li>\n<li>Primera Divisi\u00f3n femenina de futsal<\/li>\n<li>Segunda Divisi\u00f3n femenina de futsal<\/li>\n<\/ul>\n<p>Desde la <strong>FFCV<\/strong> se recomienda a los clubes no celebrar en lo posible entrenamientos o realizarlos a puerta cerrada y siguiendo las recomendaciones de las autoridades sanitarias. Adem\u00e1s, se recomienda desde la <strong>FFCV<\/strong>\u00a0 evitar concentraci\u00f3n de equipos durante estas fechas.<\/p>\n","protected":false},"excerpt":{"rendered":"<p>&nbsp; FFCV 11\/3\/2020 COMUNICADO OFICIAL La FFCV suspende competiciones dos semanas por la crisis del COVID-19 La Federaci\u00f3 de Futbol de la Comunitat Valenciana ha decidido suspender todos los actos previstos y todas las competiciones territoriales debido a la crisis del COVID-19. La decisi\u00f3n de la FFCV viene como consecuencia de la \u00faltima circular de [&hellip;]<\/p>\n","protected":false},"author":1,"featured_media":0,"comment_status":"closed","ping_status":"open","sticky":false,"template":"","format":"standard","meta":{"_monsterinsights_skip_tracking":false,"_monsterinsights_sitenote_active":false,"_monsterinsights_sitenote_note":"","_monsterinsights_sitenote_category":0},"categories":[9,12],"tags":[],"_links":{"self":[{"href":"http:\/\/www.portaldelolleria.es\/index.php?rest_route=\/wp\/v2\/posts\/24919"}],"collection":[{"href":"http:\/\/www.portaldelolleria.es\/index.php?rest_route=\/wp\/v2\/posts"}],"about":[{"href":"http:\/\/www.portaldelolleria.es\/index.php?rest_route=\/wp\/v2\/types\/post"}],"author":[{"embeddable":true,"href":"http:\/\/www.portaldelolleria.es\/index.php?rest_route=\/wp\/v2\/users\/1"}],"replies":[{"embeddable":true,"href":"http:\/\/www.portaldelolleria.es\/index.php?rest_route=%2Fwp%2Fv2%2Fcomments&post=24919"}],"version-history":[{"count":4,"href":"http:\/\/www.portaldelolleria.es\/index.php?rest_route=\/wp\/v2\/posts\/24919\/revisions"}],"predecessor-version":[{"id":24923,"href":"http:\/\/www.portaldelolleria.es\/index.php?rest_route=\/wp\/v2\/posts\/24919\/revisions\/24923"}],"wp:attachment":[{"href":"http:\/\/www.portaldelolleria.es\/index.php?rest_route=%2Fwp%2Fv2%2Fmedia&parent=24919"}],"wp:term":[{"taxonomy":"category","embeddable":true,"href":"http:\/\/www.portaldelolleria.es\/index.php?rest_route=%2Fwp%2Fv2%2Fcategories&post=24919"},{"taxonomy":"post_tag","embeddable":true,"href":"http:\/\/www.portaldelolleria.es\/index.php?rest_route=%2Fwp%2Fv2%2Ftags&post=24919"}],"curies":[{"name":"wp","href":"https:\/\/api.w.org\/{rel}","templated":true}]}}