{"id":24926,"date":"2020-03-11T22:27:36","date_gmt":"2020-03-11T20:27:36","guid":{"rendered":"http:\/\/www.portaldelolleria.es\/?p=24926"},"modified":"2020-03-11T22:33:08","modified_gmt":"2020-03-11T20:33:08","slug":"itv-movil-el-proximo-17-de-marzo-en-montaverner","status":"publish","type":"post","link":"http:\/\/www.portaldelolleria.es\/?p=24926","title":{"rendered":"ITV m\u00f3vil, el pr\u00f3ximo 17 de marzo en Montaverner"},"content":{"rendered":"<p><a href=\"http:\/\/www.portaldelolleria.es\/wp-content\/uploads\/2020\/03\/itv.jpg\"><img loading=\"lazy\" class=\"aligncenter size-full wp-image-24927\" title=\"itv\" src=\"http:\/\/www.portaldelolleria.es\/wp-content\/uploads\/2020\/03\/itv.jpg\" alt=\"\" width=\"598\" height=\"398\" srcset=\"http:\/\/www.portaldelolleria.es\/wp-content\/uploads\/2020\/03\/itv.jpg 598w, http:\/\/www.portaldelolleria.es\/wp-content\/uploads\/2020\/03\/itv-300x199.jpg 300w\" sizes=\"(max-width: 598px) 100vw, 598px\" \/><\/a><\/p>\n<p>&nbsp;<\/p>\n<p>La ITV m\u00f3vil de Gand\u00eda visitar\u00e1 <strong>Montaverner<\/strong> el pr\u00f3ximo d\u00eda <strong>17 de marzo<\/strong>\u00a0 para realizar las revisiones t\u00e9cnicas de\u00a0 motos y tractores as\u00ed como sus variantes (quads, ciclomotores).<\/p>\n<p>Los veh\u00edculos agr\u00edcolas no necesitan cita previa, los dem\u00e1s si,\u00a0 se puede solicitar en el 96 286 22 33.\u00a0 La unidad se instalar\u00e1 en el parking del auditorio y atender\u00e1 de <strong>9 a 13 h y de 15 a 16:30 h.<\/strong><\/p>\n<p>Las pr\u00f3ximas visitas en la zona seran:<\/p>\n<p><strong>Alfarras\u00ed<\/strong>, en la cooperativa, el 5\/5\/2020<\/p>\n<p><strong>Aielo de Malferit<\/strong>, en la piscina municipal, el 25\/5\/2020<\/p>\n<p><strong>Bell\u00fas<\/strong>, explanada detr\u00e1s del bar, el 23\/4\/2020<\/p>\n<p><strong>Guadass\u00e9quies<\/strong>,\u00a0 c\/pelota acera recinto piscina, el 4\/5\/2020<\/p>\n<p><strong>L&#8217;Olleria<\/strong>, pabell\u00f3n deportivo, el 26\/6\/2020<\/p>\n<p>&nbsp;<\/p>\n<p><strong>Informaci\u00f3n ITV Gandia:\u00a0 962 86 22 33<\/strong><\/p>\n<p><strong>CITA PREVIA:<\/strong>\u00a0<a href=\"https:\/\/www.circuitv.com\/\" target=\"_blank\"> https:\/\/www.circuitv.com\/<\/a><\/p>\n<p><a href=\"http:\/\/www.sepiva.es\/vehiculos_tarifas_itv\" target=\"_blank\">Tarifas y m\u00e1s informaci\u00f3n<\/a><\/p>\n<p><a href=\"http:\/\/www.sepiva.es\/pfw_files\/cma\/area%20de%20vehiculos\/ITV_ciclomotores\/lote_4_actual.pdf\" target=\"_blank\">Listado de visitas de la ITV m\u00f3vil a todas las poblaciones<\/a><\/p>\n","protected":false},"excerpt":{"rendered":"<p>&nbsp; La ITV m\u00f3vil de Gand\u00eda visitar\u00e1 Montaverner el pr\u00f3ximo d\u00eda 17 de marzo\u00a0 para realizar las revisiones t\u00e9cnicas de\u00a0 motos y tractores as\u00ed como sus variantes (quads, ciclomotores). Los veh\u00edculos agr\u00edcolas no necesitan cita previa, los dem\u00e1s si,\u00a0 se puede solicitar en el 96 286 22 33.\u00a0 La unidad se instalar\u00e1 en el parking [&hellip;]<\/p>\n","protected":false},"author":1,"featured_media":0,"comment_status":"closed","ping_status":"open","sticky":false,"template":"","format":"standard","meta":{"_monsterinsights_skip_tracking":false,"_monsterinsights_sitenote_active":false,"_monsterinsights_sitenote_note":"","_monsterinsights_sitenote_category":0},"categories":[3,12],"tags":[],"_links":{"self":[{"href":"http:\/\/www.portaldelolleria.es\/index.php?rest_route=\/wp\/v2\/posts\/24926"}],"collection":[{"href":"http:\/\/www.portaldelolleria.es\/index.php?rest_route=\/wp\/v2\/posts"}],"about":[{"href":"http:\/\/www.portaldelolleria.es\/index.php?rest_route=\/wp\/v2\/types\/post"}],"author":[{"embeddable":true,"href":"http:\/\/www.portaldelolleria.es\/index.php?rest_route=\/wp\/v2\/users\/1"}],"replies":[{"embeddable":true,"href":"http:\/\/www.portaldelolleria.es\/index.php?rest_route=%2Fwp%2Fv2%2Fcomments&post=24926"}],"version-history":[{"count":5,"href":"http:\/\/www.portaldelolleria.es\/index.php?rest_route=\/wp\/v2\/posts\/24926\/revisions"}],"predecessor-version":[{"id":24932,"href":"http:\/\/www.portaldelolleria.es\/index.php?rest_route=\/wp\/v2\/posts\/24926\/revisions\/24932"}],"wp:attachment":[{"href":"http:\/\/www.portaldelolleria.es\/index.php?rest_route=%2Fwp%2Fv2%2Fmedia&parent=24926"}],"wp:term":[{"taxonomy":"category","embeddable":true,"href":"http:\/\/www.portaldelolleria.es\/index.php?rest_route=%2Fwp%2Fv2%2Fcategories&post=24926"},{"taxonomy":"post_tag","embeddable":true,"href":"http:\/\/www.portaldelolleria.es\/index.php?rest_route=%2Fwp%2Fv2%2Ftags&post=24926"}],"curies":[{"name":"wp","href":"https:\/\/api.w.org\/{rel}","templated":true}]}}