{"id":24948,"date":"2020-03-18T16:03:53","date_gmt":"2020-03-18T14:03:53","guid":{"rendered":"http:\/\/www.portaldelolleria.es\/?p=24948"},"modified":"2020-03-18T16:33:22","modified_gmt":"2020-03-18T14:33:22","slug":"coronavirus-mucha-sensatez-y-precaucion","status":"publish","type":"post","link":"http:\/\/www.portaldelolleria.es\/?p=24948","title":{"rendered":"Coronavirus: Mucha sensatez y precauci\u00f3n"},"content":{"rendered":"<p style=\"text-align: justify;\"><a href=\"http:\/\/www.portaldelolleria.es\/wp-content\/uploads\/2020\/03\/coronavirus_news.jpg\"><img loading=\"lazy\" class=\"aligncenter size-full wp-image-24955\" title=\"coronavirus_news\" src=\"http:\/\/www.portaldelolleria.es\/wp-content\/uploads\/2020\/03\/coronavirus_news.jpg\" alt=\"\" width=\"598\" height=\"380\" srcset=\"http:\/\/www.portaldelolleria.es\/wp-content\/uploads\/2020\/03\/coronavirus_news.jpg 598w, http:\/\/www.portaldelolleria.es\/wp-content\/uploads\/2020\/03\/coronavirus_news-300x190.jpg 300w\" sizes=\"(max-width: 598px) 100vw, 598px\" \/><\/a><\/p>\n<p style=\"text-align: justify;\">Vivimos momentos excepcionales que jam\u00e1s hab\u00edamos contemplado fuera del \u00e1mbito de la ficci\u00f3n.\u00a0\u00a0 Es una realidad\u00a0 donde todos, como parte de la sociedad en la que vivimos estamos comprometidos para superar esta crisis sanitaria.<\/p>\n<p style=\"text-align: justify;\">Todos los actos civico-sociales fueron suspendidos ya hace d\u00edas,\u00a0 la poblaci\u00f3n \u00abdesalojada\u00bb de las calles,\u00a0 limitando su uso a la log\u00edstica de primera de necesidad (alimentaci\u00f3n, farmacia, mascotas, desplazamientos laborales..).\u00a0 Se trata de no quebrar nuestra organizaci\u00f3n social.\u00a0 Se trata en definitiva de evitar el caos, como se ha vivido por ejemplo en algunos supermercados los primeros d\u00edas,\u00a0 protagonizados por gente presa del p\u00e1nico.<\/p>\n<p style=\"text-align: justify;\">No es tiempo de miedos, es tiempo de mucha sensatez y precauci\u00f3n.\u00a0 Tenemos la responsabilidad como sociedad, de superar esta dif\u00edcil situaci\u00f3n, y todos estamos convencidos de que lo vamos a hacer,\u00a0 con el\u00a0 sacrificio y disciplina que hasta ahora estamos mostrando la casi totalidad de la poblaci\u00f3n.<\/p>\n<p style=\"text-align: justify;\">La informaci\u00f3n en esta situaci\u00f3n se convierte en vital.\u00a0 Es muy importante\u00a0 diferenciar los comunicados oficiales de las diferentes instituciones que nos gobiernan, de los art\u00edculos de prensa, en especial de medios que aparentemente\u00a0 carecen de toda responsabilidad\u00a0\u00a0 en su difusi\u00f3n.\u00a0 Evite y NO transmita rumores, bulos, y conclusiones que pueden resultar err\u00f3neas.\u00a0\u00a0 No s\u00f3lo estamos librando una batalla sanitaria, se est\u00e1 librando una batalla psicol\u00f3gica en cada persona, que se ir\u00e1 incrementando conforme se solapan los d\u00edas.<\/p>\n<p style=\"text-align: justify;\">Es muy importante no contaminar con alarmismos innecesarios a nadie.\u00a0 Todos sabemos a lo que nos enfrentamos y el panorama que viene despu\u00e9s de que superemos esta pandemia.<\/p>\n<p style=\"text-align: justify;\">Mantenga la sensatez, extreme las precauciones,\u00a0 por usted, y por todos los que le rodean.<\/p>\n<p>___________________________<\/p>\n<p style=\"text-align: justify;\"><span style=\"color: #003366;\">Vivim moments excepcionals que mai hav\u00edem contemplat fora de l&#8217;\u00e0mbit de la ficci\u00f3. \u00c9s una realitat on tots, com a part de la societat en qu\u00e8 vivim estem compromesos per superar aquesta situaci\u00f3 de crisi sanit\u00e0ria.<\/span><\/p>\n<p style=\"text-align: justify;\"><span style=\"color: #003366;\">Tots els actes c\u00edvic-socials van ser suspesos ja fa dies, la poblaci\u00f3 \u00abdesallotjada\u00bb dels carrers, limitant el seu \u00fas a la log\u00edstica de primera de necessitat (alimentaci\u00f3, farm\u00e0cia, mascotes, despla\u00e7aments laborals ..). Es tracta de no trencar la nostra organitzaci\u00f3 social. Es tracta en definitiva d&#8217;evitar el caos, com s&#8217;ha viscut per exemple en alguns supermercats els primers dies, protagonitzats per gent presa de p\u00e0nic. No \u00e9s temps de pors, per\u00f2 s\u00ed de molta sensatesa i precauci\u00f3. Tenim la responsabilitat com a societat, de superar aquesta dif\u00edcil situaci\u00f3, i tots estem conven\u00e7uts que ho farem, amb el sacrifici i disciplina que fins ara estem mostrant la quasi totalitat de la poblaci\u00f3.<\/span><\/p>\n<p style=\"text-align: justify;\"><span style=\"color: #003366;\">La informaci\u00f3 en aquesta situaci\u00f3 esdev\u00e9 vital. \u00c9s molt important diferenciar els comunicats oficials de les diferents institucions que ens governen, dels articles de premsa, especialment de mitjans que aparentment no tenen tota responsabilitat i prestigi en la seva difusi\u00f3. Eviti i no transmeti rumors, rumors, i conclusions que poden resultar err\u00f2nies. No nom\u00e9s estem lliurant una batalla sanit\u00e0ria, s&#8217;est\u00e0 lliurant una batalla psicol\u00f2gica en cada persona, que s&#8217;anir\u00e0 incrementant a mesura que solapen els dies. \u00c9s molt important no contaminar amb alarmismes innecessaris a ning\u00fa. Tots sabem al que ens enfrontem i el panorama que ve despr\u00e9s que superem aquesta pand\u00e8mia.<\/span><\/p>\n<p><img loading=\"lazy\" class=\"aligncenter size-full wp-image-24950\" title=\"coronavirus63\" src=\"http:\/\/www.portaldelolleria.es\/wp-content\/uploads\/2020\/03\/coronavirus63.jpg\" alt=\"\" width=\"598\" height=\"226\" srcset=\"http:\/\/www.portaldelolleria.es\/wp-content\/uploads\/2020\/03\/coronavirus63.jpg 598w, http:\/\/www.portaldelolleria.es\/wp-content\/uploads\/2020\/03\/coronavirus63-300x113.jpg 300w\" sizes=\"(max-width: 598px) 100vw, 598px\" \/><\/p>\n<p>Las recetas para tratamientos cr\u00f3nicos quedan prorrogadas por dos meses,\u00a0 para evitar desplazamientos al Centro de Salud.\u00a0 Tambi\u00e9n puede solicitar la renovaci\u00f3n de alg\u00fan medicamente por v\u00eda telef\u00f3nica.\u00a0 Evite ir al Centro de Salud salvo que no le quede m\u00e1s remedio, y a\u00fan asi llame por telefono antes.<\/p>\n<p>Los DNI, que caduquen, quedan prorrogados por un a\u00f1o.<\/p>\n<div id=\"attachment_24952\" style=\"width: 608px\" class=\"wp-caption aligncenter\"><a href=\"http:\/\/www.san.gva.es\/web_estatica\/coronavirus\/coronavirus_va_files\/hoja_informativa_ciudadania_16_marzo_val.pdf\" target=\"_blank\"><img aria-describedby=\"caption-attachment-24952\" loading=\"lazy\" class=\"size-full wp-image-24952\" title=\"comunicados\" src=\"http:\/\/www.portaldelolleria.es\/wp-content\/uploads\/2020\/03\/comunicados.jpg\" alt=\"\" width=\"598\" height=\"220\" srcset=\"http:\/\/www.portaldelolleria.es\/wp-content\/uploads\/2020\/03\/comunicados.jpg 598w, http:\/\/www.portaldelolleria.es\/wp-content\/uploads\/2020\/03\/comunicados-300x110.jpg 300w\" sizes=\"(max-width: 598px) 100vw, 598px\" \/><\/a><p id=\"caption-attachment-24952\" class=\"wp-caption-text\">PDF de la Generalitat Valenciana<\/p><\/div>\n<p style=\"text-align: center;\">GVA &#8211; \u00daltima actualizaci\u00f3n 16\/3\/2020<\/p>\n<p><img loading=\"lazy\" class=\"aligncenter size-full wp-image-24951\" title=\"coronavirus4\" src=\"http:\/\/www.portaldelolleria.es\/wp-content\/uploads\/2020\/03\/coronavirus4.jpg\" alt=\"\" width=\"598\" height=\"226\" srcset=\"http:\/\/www.portaldelolleria.es\/wp-content\/uploads\/2020\/03\/coronavirus4.jpg 598w, http:\/\/www.portaldelolleria.es\/wp-content\/uploads\/2020\/03\/coronavirus4-300x113.jpg 300w\" sizes=\"(max-width: 598px) 100vw, 598px\" \/><\/p>\n<p style=\"text-align: center;\">18\/3\/2020.\u00a0 La nueva modificaci\u00f3n de protocolo establece, que todos los movimientos deben ser individuales,\u00a0 salvo que sea para acompa\u00f1ar a personas dependientes.<\/p>\n<p style=\"text-align: center;\"><a href=\"https:\/\/lolleria.org.es\/noticies\/\" target=\"_blank\"><img loading=\"lazy\" class=\"aligncenter size-full wp-image-24953\" title=\"cabecera8\" src=\"http:\/\/www.portaldelolleria.es\/wp-content\/uploads\/2020\/03\/cabecera8.jpg\" alt=\"\" width=\"568\" height=\"60\" srcset=\"http:\/\/www.portaldelolleria.es\/wp-content\/uploads\/2020\/03\/cabecera8.jpg 568w, http:\/\/www.portaldelolleria.es\/wp-content\/uploads\/2020\/03\/cabecera8-300x31.jpg 300w\" sizes=\"(max-width: 568px) 100vw, 568px\" \/><\/a><\/p>\n<p style=\"text-align: center;\">Desde el Ayuntamiento est\u00e1n poniendo todos los recursos disponibles para paliar el confinamiento de la poblaci\u00f3n,\u00a0 as\u00ed como todas las medidas sanitarias que ayuden a evitar la propagaci\u00f3n del virus. En su web ir\u00e1n actualizando los comunicados y noticias que puedan ser de inter\u00e9s para la poblaci\u00f3n.<\/p>\n<p style=\"text-align: center;\"><img loading=\"lazy\" class=\"aligncenter size-full wp-image-24954\" title=\"comu\" src=\"http:\/\/www.portaldelolleria.es\/wp-content\/uploads\/2020\/03\/comu.jpg\" alt=\"\" width=\"600\" height=\"400\" srcset=\"http:\/\/www.portaldelolleria.es\/wp-content\/uploads\/2020\/03\/comu.jpg 600w, http:\/\/www.portaldelolleria.es\/wp-content\/uploads\/2020\/03\/comu-300x200.jpg 300w\" sizes=\"(max-width: 600px) 100vw, 600px\" \/><\/p>\n","protected":false},"excerpt":{"rendered":"<p>Vivimos momentos excepcionales que jam\u00e1s hab\u00edamos contemplado fuera del \u00e1mbito de la ficci\u00f3n.\u00a0\u00a0 Es una realidad\u00a0 donde todos, como parte de la sociedad en la que vivimos estamos comprometidos para superar esta crisis sanitaria. Todos los actos civico-sociales fueron suspendidos ya hace d\u00edas,\u00a0 la poblaci\u00f3n \u00abdesalojada\u00bb de las calles,\u00a0 limitando su uso a la log\u00edstica [&hellip;]<\/p>\n","protected":false},"author":1,"featured_media":0,"comment_status":"closed","ping_status":"open","sticky":false,"template":"","format":"standard","meta":{"_monsterinsights_skip_tracking":false,"_monsterinsights_sitenote_active":false,"_monsterinsights_sitenote_note":"","_monsterinsights_sitenote_category":0},"categories":[3,12],"tags":[],"_links":{"self":[{"href":"http:\/\/www.portaldelolleria.es\/index.php?rest_route=\/wp\/v2\/posts\/24948"}],"collection":[{"href":"http:\/\/www.portaldelolleria.es\/index.php?rest_route=\/wp\/v2\/posts"}],"about":[{"href":"http:\/\/www.portaldelolleria.es\/index.php?rest_route=\/wp\/v2\/types\/post"}],"author":[{"embeddable":true,"href":"http:\/\/www.portaldelolleria.es\/index.php?rest_route=\/wp\/v2\/users\/1"}],"replies":[{"embeddable":true,"href":"http:\/\/www.portaldelolleria.es\/index.php?rest_route=%2Fwp%2Fv2%2Fcomments&post=24948"}],"version-history":[{"count":10,"href":"http:\/\/www.portaldelolleria.es\/index.php?rest_route=\/wp\/v2\/posts\/24948\/revisions"}],"predecessor-version":[{"id":24961,"href":"http:\/\/www.portaldelolleria.es\/index.php?rest_route=\/wp\/v2\/posts\/24948\/revisions\/24961"}],"wp:attachment":[{"href":"http:\/\/www.portaldelolleria.es\/index.php?rest_route=%2Fwp%2Fv2%2Fmedia&parent=24948"}],"wp:term":[{"taxonomy":"category","embeddable":true,"href":"http:\/\/www.portaldelolleria.es\/index.php?rest_route=%2Fwp%2Fv2%2Fcategories&post=24948"},{"taxonomy":"post_tag","embeddable":true,"href":"http:\/\/www.portaldelolleria.es\/index.php?rest_route=%2Fwp%2Fv2%2Ftags&post=24948"}],"curies":[{"name":"wp","href":"https:\/\/api.w.org\/{rel}","templated":true}]}}