{"id":24976,"date":"2020-04-01T11:12:33","date_gmt":"2020-04-01T09:12:33","guid":{"rendered":"http:\/\/www.portaldelolleria.es\/?p=24976"},"modified":"2020-04-01T11:12:33","modified_gmt":"2020-04-01T09:12:33","slug":"la-diputacio-de-valencia-aumentara-todos-sus-recursos-para-ayudar-a-los-ayuntamientos","status":"publish","type":"post","link":"http:\/\/www.portaldelolleria.es\/?p=24976","title":{"rendered":"La Diputaci\u00f3 de Val\u00e8ncia aumentar\u00e1 todos sus recursos para ayudar a los ayuntamientos"},"content":{"rendered":"<p><a href=\"http:\/\/www.portaldelolleria.es\/wp-content\/uploads\/2020\/04\/foto-pleno.jpg\"><img loading=\"lazy\" class=\"aligncenter size-full wp-image-24977\" title=\"foto pleno\" src=\"http:\/\/www.portaldelolleria.es\/wp-content\/uploads\/2020\/04\/foto-pleno.jpg\" alt=\"\" width=\"598\" height=\"355\" srcset=\"http:\/\/www.portaldelolleria.es\/wp-content\/uploads\/2020\/04\/foto-pleno.jpg 598w, http:\/\/www.portaldelolleria.es\/wp-content\/uploads\/2020\/04\/foto-pleno-300x178.jpg 300w\" sizes=\"(max-width: 598px) 100vw, 598px\" \/><\/a><\/p>\n<p>&nbsp;<\/p>\n<p style=\"text-align: justify;\"><strong>La Diputaci\u00f3 de Val\u00e8ncia aumentar\u00e1 todos sus recursos para ayudar a los ayuntamientos a afrontar la crisis por la pandemia <\/strong><\/p>\n<ul style=\"text-align: justify;\">\n<li><strong>Una reorganizaci\u00f3n del presupuesto y una mayor dotaci\u00f3n en el Fondo de Cooperaci\u00f3n Municipal ser\u00e1n algunas de las medidas propuestas<\/strong><\/li>\n<\/ul>\n<div style=\"text-align: justify;\">\n<p><strong>31\/marzo\/2020<\/strong>.- La Diputaci\u00f3 de Val\u00e8ncia ha celebrado este martes una Junta de Portavoces mediante videoconferencia, donde han participado el presidente, Toni Gaspar, la vicepresidenta, Maria Josep Amig\u00f3, y los portavoces de los seis grupos con representaci\u00f3n en la instituci\u00f3n.<\/p>\n<p>En esta reuni\u00f3n el presidente ha hecho llegar al resto de representantes pol\u00edticos las diferentes actuaciones que se est\u00e1n realizando desde la Diputaci\u00f3, donde ha destacado la continua coordinaci\u00f3n con la Generalitat Valenciana y la permanente comunicaci\u00f3n con los alcaldes y alcaldesas de los ayuntamientos valencianos.<\/p>\n<p>En este sentido, Gaspar ha anunciado la participaci\u00f3n de la Diputaci\u00f3 en el Plan de Apoyo y Coordinaci\u00f3n Municipal que est\u00e1 elaborando la Generalitat Valenciana a trav\u00e9s de la Conselleria de Just\u00edcia, Interior i Administraci\u00f3 P\u00fablica, con el fin de dotar de apoyo log\u00edstico, t\u00e9cnico y humano a los ayuntamientos en la lucha contra la pandemia del COVID-19.<\/p>\n<p>Asimismo el presidente Gaspar ha hecho saber a los diferentes portavoces la intenci\u00f3n de reorganizar el presupuesto de este a\u00f1o con el fin de priorizar los medios de la Diputaci\u00f3 para ayudar a los municipios a gestionar las consecuencias de la crisis generada por la pandemia, con el fin de facilitar m\u00e1s recursos econ\u00f3micos para los ayuntamientos.<\/p>\n<p>Para ello se ha planteado dotar de m\u00e1s cantidad al Fondo de Cooperaci\u00f3n, m\u00e1s all\u00e1 de los 40 millones ya previstos de aportaci\u00f3n por parte de la Diputaci\u00f3, con el fin de facilitar liquidez de manera urgente a los consistorios municipales para hacer frente a las graves circunstancias provocadas por la crisis del coronavirus, descartando as\u00ed la creaci\u00f3n de m\u00faltiples planes de ayudas que aumentar\u00edan la burocracia y los tiempos de entrega de las ayudas econ\u00f3micas.<\/p>\n<p>El presidente Gaspar ha insistido en que \u201cson los ayuntamientos los que conocen las necesidades de cada municipio, y son ellos los que tienen que decidir en qu\u00e9 se invierte el dinero de las ayudas extraordinarias que lleguen desde la Diputaci\u00f3n\u201d.<\/p>\n<p><strong>Apoyo de todos los grupos<\/strong><\/p>\n<p>Por su parte, el resto de grupos pol\u00edticos han agradecido la informaci\u00f3n ofrecida por el presidente en la Junta de Portavoces, mostrando el apoyo a esta reorientaci\u00f3n presupuestaria y a la necesidad de volcarse con los ayuntamientos para poder mitigar los efectos que puedan generarse una vez acabado el actual estado de alerta.<\/p>\n<p>Los portavoces tambi\u00e9n fueron informados de las diferentes medidas en las que se est\u00e1 trabajando desde las distintas \u00e1reas de la Diputaci\u00f3 de Val\u00e8ncia, focalizadas en las ayudas en bienestar social y gesti\u00f3n tributaria principalmente.<\/p>\n<p>El presidente agradeci\u00f3 el consenso y el di\u00e1logo de todos los partidos pol\u00edticos con representaci\u00f3n en la instituci\u00f3n provincial, as\u00ed como las diferentes aportaciones de estos con medidas para ayudar a frenar la expansi\u00f3n del virus y, sobre todo, para poner los recursos de la Diputaci\u00f3 a disposici\u00f3n de los ayuntamientos valencianos.<\/p>\n<p>__________________________________________<\/p>\n<p style=\"text-align: justify;\"><span style=\"color: #333399;\"><strong>La Diputaci\u00f3 de Val\u00e8ncia augmentar\u00e0 tots els seus recursos per a ajudar els ajuntaments a afrontar la crisi per la pand\u00e8mia<\/strong><\/span><\/p>\n<p style=\"text-align: justify;\"><span style=\"color: #333399;\"><strong>\u00a0<\/strong><\/span><\/p>\n<ul style=\"text-align: justify;\">\n<li><span style=\"color: #333399;\"><strong>Una reorganitzaci\u00f3 del pressupost i una major dotaci\u00f3 en el Fons de Cooperaci\u00f3 Municipal seran algunes de les mesures proposades<\/strong><\/span><\/li>\n<\/ul>\n<p style=\"text-align: justify;\"><span style=\"color: #333399;\"><strong>31\/mar\u00e7\/2020<\/strong>.- La Diputaci\u00f3 de Val\u00e8ncia ha celebrat este dimarts una Junta de Portaveus mitjan\u00e7ant videoconfer\u00e8ncia, on han participat el president, Toni Gaspar, la vicepresidenta, Maria Josep Amig\u00f3, i els portaveus dels sis grups amb representaci\u00f3 en la instituci\u00f3.<\/span><\/p>\n<p style=\"text-align: justify;\"><span style=\"color: #333399;\">En esta reuni\u00f3 el president ha fet arribar a la resta de representants pol\u00edtics les diferents actuacions que s&#8217;estan realitzant des de la Diputaci\u00f3, on ha destacat la cont\u00ednua coordinaci\u00f3 amb la Generalitat Valenciana i la permanent comunicaci\u00f3 amb els alcaldes i alcaldesses dels ajuntaments valencians.<\/span><\/p>\n<p style=\"text-align: justify;\"><span style=\"color: #333399;\">En este sentit, Gaspar ha anunciat la participaci\u00f3 de la Diputaci\u00f3 en el Pla de Suport i Coordinaci\u00f3 Municipal que est\u00e0 elaborant la Generalitat Valenciana a trav\u00e9s de la Conselleria de Just\u00edcia, Interior i Administraci\u00f3 P\u00fablica, amb la finalitat de dotar de suport log\u00edstic, t\u00e8cnic i hum\u00e0 als ajuntaments en la lluita contra la pand\u00e8mia del COVID-19.<\/span><\/p>\n<p style=\"text-align: justify;\"><span style=\"color: #333399;\">Aix\u00ed mateix el president Gaspar ha fet saber als diferents portaveus la intenci\u00f3 de reorganitzar el pressupost d&#8217;enguany amb la finalitat de prioritzar els mitjans de la Diputaci\u00f3 per a ajudar els municipis a gestionar les conseq\u00fc\u00e8ncies de la crisi generada per la pand\u00e8mia, amb la finalitat de facilitar m\u00e9s recursos econ\u00f2mics per als ajuntaments.<\/span><\/p>\n<p style=\"text-align: justify;\"><span style=\"color: #333399;\">Per a aix\u00f2 s&#8217;ha plantejat dotar de m\u00e9s quantitat al Fons de Cooperaci\u00f3, m\u00e9s enll\u00e0 dels 40 milions ja previstos d&#8217;aportaci\u00f3 per part de la Diputaci\u00f3, amb la finalitat de facilitar liquiditat de manera urgent als consistoris municipals per a fer front a les greus circumst\u00e0ncies provocades per la crisi del coronavirus, descartant aix\u00ed la creaci\u00f3 de m\u00faltiples plans d&#8217;ajudes que augmentarien la burocr\u00e0cia i els temps de lliurament de les ajudes econ\u00f2miques.<\/span><\/p>\n<p style=\"text-align: justify;\"><span style=\"color: #333399;\">El president Gaspar ha insistit que \u201cs\u00f3n els ajuntaments els que coneixen les necessitats de cada municipi, i s\u00f3n ells els que han de decidir en qu\u00e8 s&#8217;invertix els diners de les ajudes extraordin\u00e0ries que arriben des de la Diputaci\u00f3\u201d.<\/span><\/p>\n<p style=\"text-align: justify;\"><span style=\"color: #333399;\"><strong>Suport de tots els grups<\/strong><\/span><\/p>\n<p style=\"text-align: justify;\"><span style=\"color: #333399;\">Per part seua, la resta de grups pol\u00edtics han agra\u00eft la informaci\u00f3 oferida pel president en la Junta de Portaveus, mostrant el suport a esta reorientaci\u00f3 pressupost\u00e0ria i a la necessitat de bolcar-se amb els ajuntaments per a poder mitigar els efectes que puguen generar-se una vegada acabat l&#8217;actual estat d&#8217;alerta.<\/span><\/p>\n<p style=\"text-align: justify;\"><span style=\"color: #333399;\">Els portaveus tamb\u00e9 van ser informats de les diferents mesures en les quals s&#8217;est\u00e0 treballant des de les diferents \u00e0rees de la Diputaci\u00f3 de Val\u00e8ncia, focalitzades en les ajudes en benestar social i gesti\u00f3 tribut\u00e0ria principalment.<\/span><\/p>\n<p style=\"text-align: justify;\"><span style=\"color: #333399;\">El president va agrair el consens i el di\u00e0leg de tots els partits pol\u00edtics amb representaci\u00f3 en la instituci\u00f3 provincial, aix\u00ed com les diferents aportacions d&#8217;estos amb mesures per a ajudar a frenar l&#8217;expansi\u00f3 del virus i, sobretot, per a posar els recursos de la Diputaci\u00f3 a la disposici\u00f3 dels ajuntaments valencians. \u00a0<\/span><\/p>\n<p style=\"text-align: justify;\">\n<\/div>\n","protected":false},"excerpt":{"rendered":"<p>&nbsp; La Diputaci\u00f3 de Val\u00e8ncia aumentar\u00e1 todos sus recursos para ayudar a los ayuntamientos a afrontar la crisis por la pandemia Una reorganizaci\u00f3n del presupuesto y una mayor dotaci\u00f3n en el Fondo de Cooperaci\u00f3n Municipal ser\u00e1n algunas de las medidas propuestas 31\/marzo\/2020.- La Diputaci\u00f3 de Val\u00e8ncia ha celebrado este martes una Junta de Portavoces mediante [&hellip;]<\/p>\n","protected":false},"author":1,"featured_media":0,"comment_status":"closed","ping_status":"open","sticky":false,"template":"","format":"standard","meta":{"_monsterinsights_skip_tracking":false,"_monsterinsights_sitenote_active":false,"_monsterinsights_sitenote_note":"","_monsterinsights_sitenote_category":0},"categories":[171,12],"tags":[],"_links":{"self":[{"href":"http:\/\/www.portaldelolleria.es\/index.php?rest_route=\/wp\/v2\/posts\/24976"}],"collection":[{"href":"http:\/\/www.portaldelolleria.es\/index.php?rest_route=\/wp\/v2\/posts"}],"about":[{"href":"http:\/\/www.portaldelolleria.es\/index.php?rest_route=\/wp\/v2\/types\/post"}],"author":[{"embeddable":true,"href":"http:\/\/www.portaldelolleria.es\/index.php?rest_route=\/wp\/v2\/users\/1"}],"replies":[{"embeddable":true,"href":"http:\/\/www.portaldelolleria.es\/index.php?rest_route=%2Fwp%2Fv2%2Fcomments&post=24976"}],"version-history":[{"count":1,"href":"http:\/\/www.portaldelolleria.es\/index.php?rest_route=\/wp\/v2\/posts\/24976\/revisions"}],"predecessor-version":[{"id":24978,"href":"http:\/\/www.portaldelolleria.es\/index.php?rest_route=\/wp\/v2\/posts\/24976\/revisions\/24978"}],"wp:attachment":[{"href":"http:\/\/www.portaldelolleria.es\/index.php?rest_route=%2Fwp%2Fv2%2Fmedia&parent=24976"}],"wp:term":[{"taxonomy":"category","embeddable":true,"href":"http:\/\/www.portaldelolleria.es\/index.php?rest_route=%2Fwp%2Fv2%2Fcategories&post=24976"},{"taxonomy":"post_tag","embeddable":true,"href":"http:\/\/www.portaldelolleria.es\/index.php?rest_route=%2Fwp%2Fv2%2Ftags&post=24976"}],"curies":[{"name":"wp","href":"https:\/\/api.w.org\/{rel}","templated":true}]}}