{"id":24985,"date":"2020-04-01T21:05:40","date_gmt":"2020-04-01T19:05:40","guid":{"rendered":"http:\/\/www.portaldelolleria.es\/?p=24985"},"modified":"2020-04-01T21:17:48","modified_gmt":"2020-04-01T19:17:48","slug":"el-equipo-de-gobierno-de-montaverner-pp-renuncia-a-sus-retribuciones-como-medida-de-apoyo","status":"publish","type":"post","link":"http:\/\/www.portaldelolleria.es\/?p=24985","title":{"rendered":"El equipo de gobierno de Montaverner (PP) renuncia a sus retribuciones como medida de apoyo"},"content":{"rendered":"<p><a href=\"http:\/\/www.portaldelolleria.es\/wp-content\/uploads\/2020\/04\/jorgeboluda.jpg\"><img loading=\"lazy\" class=\"aligncenter size-full wp-image-24992\" title=\"jorgeboluda\" src=\"http:\/\/www.portaldelolleria.es\/wp-content\/uploads\/2020\/04\/jorgeboluda.jpg\" alt=\"\" width=\"598\" height=\"396\" srcset=\"http:\/\/www.portaldelolleria.es\/wp-content\/uploads\/2020\/04\/jorgeboluda.jpg 598w, http:\/\/www.portaldelolleria.es\/wp-content\/uploads\/2020\/04\/jorgeboluda-300x198.jpg 300w\" sizes=\"(max-width: 598px) 100vw, 598px\" \/><\/a><\/p>\n<p><span style=\"color: #888888;\"><em>Ajuntament de Montaverner, 1\/4\/2020<\/em><\/span><\/p>\n<p style=\"text-align: justify;\"><strong>El equipo de gobierno del Ayuntamiento de Montaverner (PP) renuncia a sus retribuciones del mes de marzo para hacer frente a medidas contra el Covid-19 en Montaverner.<\/strong><\/p>\n<p style=\"text-align: justify;\">El equipo de gobierno ha decidido hoy en la junta de gobierno telem\u00e1tica, destinar las retribuciones de los cuatro concejales y la parte proporcional del sueldo del Alcalde, a medidas para hacer frente al Covid-19. Con esta cantidad se pagar\u00e1n los productos de limpieza y desinfecci\u00f3n de las calles y locales del municipio as\u00ed como para comprar EPI\u00b4s\u00a0 para los trabajadores municipales.<\/p>\n<p style=\"text-align: justify;\">Desde el primer momento el Ayuntamiento de Montaverner ha tomado medidas que buscan la prevenci\u00f3n, mitigaci\u00f3n y control de los da\u00f1os que pueda causar el virus en el municipio.<\/p>\n<p style=\"text-align: justify;\">Desde el Ayuntamiento de Montaverner hemos sido de los primeros en reaccionar con la desinfecci\u00f3n de calles y edificios municipales, a prestar toda la ayuda posible a personas mayores y\/o dependientes, ayuda psicol\u00f3gica y tambi\u00e9n implantando mecanismos de teletrabajo para el personal de la administraci\u00f3n local y a dar toda la informaci\u00f3n que hemos ido recabando en relaci\u00f3n al COVID-19 y a sus consecuencias en nuestra poblaci\u00f3n. Adem\u00e1s, desde el primer d\u00eda de confinamiento se est\u00e1 animando a la poblaci\u00f3n con m\u00fasica y actividades deportivas a trav\u00e9s del bando y de las redes sociales.<\/p>\n<p style=\"text-align: justify;\">Los pol\u00edticos tenemos que ser los primeros en dar ejemplo y ayudar en lo que podamos a nuestros vecinos. Todo el equipo de gobierno est\u00e1 aportando su granito de arena en estos momentos para facilitar las cosas a todos y estamos disponibles las 24h del d\u00eda para que nadie se pueda sentir solo.<\/p>\n<p>&nbsp;<\/p>\n","protected":false},"excerpt":{"rendered":"<p>Ajuntament de Montaverner, 1\/4\/2020 El equipo de gobierno del Ayuntamiento de Montaverner (PP) renuncia a sus retribuciones del mes de marzo para hacer frente a medidas contra el Covid-19 en Montaverner. El equipo de gobierno ha decidido hoy en la junta de gobierno telem\u00e1tica, destinar las retribuciones de los cuatro concejales y la parte proporcional [&hellip;]<\/p>\n","protected":false},"author":1,"featured_media":0,"comment_status":"closed","ping_status":"open","sticky":false,"template":"","format":"standard","meta":{"_monsterinsights_skip_tracking":false,"_monsterinsights_sitenote_active":false,"_monsterinsights_sitenote_note":"","_monsterinsights_sitenote_category":0},"categories":[3,12],"tags":[],"_links":{"self":[{"href":"http:\/\/www.portaldelolleria.es\/index.php?rest_route=\/wp\/v2\/posts\/24985"}],"collection":[{"href":"http:\/\/www.portaldelolleria.es\/index.php?rest_route=\/wp\/v2\/posts"}],"about":[{"href":"http:\/\/www.portaldelolleria.es\/index.php?rest_route=\/wp\/v2\/types\/post"}],"author":[{"embeddable":true,"href":"http:\/\/www.portaldelolleria.es\/index.php?rest_route=\/wp\/v2\/users\/1"}],"replies":[{"embeddable":true,"href":"http:\/\/www.portaldelolleria.es\/index.php?rest_route=%2Fwp%2Fv2%2Fcomments&post=24985"}],"version-history":[{"count":6,"href":"http:\/\/www.portaldelolleria.es\/index.php?rest_route=\/wp\/v2\/posts\/24985\/revisions"}],"predecessor-version":[{"id":24993,"href":"http:\/\/www.portaldelolleria.es\/index.php?rest_route=\/wp\/v2\/posts\/24985\/revisions\/24993"}],"wp:attachment":[{"href":"http:\/\/www.portaldelolleria.es\/index.php?rest_route=%2Fwp%2Fv2%2Fmedia&parent=24985"}],"wp:term":[{"taxonomy":"category","embeddable":true,"href":"http:\/\/www.portaldelolleria.es\/index.php?rest_route=%2Fwp%2Fv2%2Fcategories&post=24985"},{"taxonomy":"post_tag","embeddable":true,"href":"http:\/\/www.portaldelolleria.es\/index.php?rest_route=%2Fwp%2Fv2%2Ftags&post=24985"}],"curies":[{"name":"wp","href":"https:\/\/api.w.org\/{rel}","templated":true}]}}