{"id":25015,"date":"2020-04-06T18:41:40","date_gmt":"2020-04-06T16:41:40","guid":{"rendered":"http:\/\/www.portaldelolleria.es\/?p=25015"},"modified":"2020-04-06T18:45:58","modified_gmt":"2020-04-06T16:45:58","slug":"el-equipo-de-gobierno-del-ayuntamiento-de-l%e2%80%99olleria-dona-parte-de-sus-retribuciones","status":"publish","type":"post","link":"http:\/\/www.portaldelolleria.es\/?p=25015","title":{"rendered":"El equipo de Gobierno del Ayuntamiento de L\u2019Olleria dona parte de sus retribuciones"},"content":{"rendered":"<p><a href=\"http:\/\/www.portaldelolleria.es\/wp-content\/uploads\/2020\/04\/pp.jpg\"><img loading=\"lazy\" class=\"aligncenter size-full wp-image-25016\" title=\"pp\" src=\"http:\/\/www.portaldelolleria.es\/wp-content\/uploads\/2020\/04\/pp.jpg\" alt=\"\" width=\"598\" height=\"394\" srcset=\"http:\/\/www.portaldelolleria.es\/wp-content\/uploads\/2020\/04\/pp.jpg 598w, http:\/\/www.portaldelolleria.es\/wp-content\/uploads\/2020\/04\/pp-300x197.jpg 300w\" sizes=\"(max-width: 598px) 100vw, 598px\" \/><\/a><em>Ajuntament de l&#8217;Olleria, 6\/4\/2020<\/em><\/p>\n<p style=\"text-align: justify;\">L&#8217;equip de Govern de l&#8217;Ajuntament de L&#8217;Olleria d\u00f3na el 10% de les retribucions que perceben del consistori L&#8217;equip de Govern de L&#8217;Olleria ha creat, mentre dure l&#8217;estat d&#8217;alarma, un fons com\u00fa econ\u00f2mic amb el 10% de les retribucions mensuals que perceben de l&#8217;Ajuntament per a ajudar a la gent que m\u00e9s est\u00e0 patint les conseq\u00fc\u00e8ncies del COVID-19.<br \/>\nS\u00f3n temps dif\u00edcils i hem d&#8217;aportar el nostre granet de sorra i empatitzar amb els nostres ve\u00efns i ve\u00efnes, aut\u00f2noms, empreses i comer\u00e7os que m\u00e9s sofreixen aquesta pand\u00e8mia. Continuem treballant amb la mateixa energia, fins i tot m\u00e9s, pel nostre benvolgut poble, amb m\u00e9s il\u00b7lusi\u00f3 i for\u00e7a que mai per a poder lluitar contra aquest virus.<br \/>\nEstem estudiant, amb l&#8217;equip econ\u00f2mic de l&#8217;ajuntament, mesures extraordin\u00e0ries i urgents per a adoptar en el nostre municipi i fer front a les conseq\u00fc\u00e8ncies socials i econ\u00f2miques produ\u00efdes per aquesta pand\u00e8mia.<br \/>\nDes de l&#8217;equip de govern volem transmetre el nostre missatge esperan\u00e7ador, de calma i tranquil\u00b7litat, aix\u00ed com solidaritzar-nos amb les persones que pitjor ho passen en aquesta situaci\u00f3.<br \/>\nVolem donar les gr\u00e0cies a les volunt\u00e0ries, voluntaris i a tot el personal de l&#8217;Ajuntament. Tamb\u00e9 aprofitem per a agrair a tot el poble, especialment als m\u00e9s menuts, per l&#8217;aguant i paci\u00e8ncia que estan demostrant en quedar-se a les seues cases. Junts eixirem d&#8217;aquesta i tornarem a posar-nos en marxa.<\/p>\n<p style=\"text-align: justify;\">____________________<\/p>\n<p style=\"text-align: justify;\"><span style=\"color: #003366;\">El equipo de Gobierno del Ayuntamiento de L\u2019Olleria dona el 10 % de las retribuciones que perciben del consistorio<\/span><\/p>\n<div>\n<p style=\"text-align: justify;\"><span style=\"color: #003366;\">El equipo de Gobierno de L\u2019Olleria ha creado, mientras dure el estado de alarma, un fondo com\u00fan econ\u00f3mico con el 10% de las retribuciones mensuales que perciben del Ayuntamiento para ayudar a la gente que m\u00e1s est\u00e1 sufriendo las consecuencias del COVID-19.<\/span><br \/>\n<span style=\"color: #003366;\"> Son tiempos dif\u00edciles y tenemos que aportar nuestro granito de arena y empatizar con nuestros vecinos y vecinas, aut\u00f3nomos, empresas y comercios que m\u00e1s sufren esta pandemia. Seguimos trabajando con la misma energ\u00eda, incluso m\u00e1s, por nuestro querido pueblo, con m\u00e1s ilusi\u00f3n y fuerza que nunca para poder luchar contra este virus. <\/span><br \/>\n<span style=\"color: #003366;\"> Estamos estudiando, con el equipo econ\u00f3mico del ayuntamiento, medidas extraordinarias y urgentes para adoptar en nuestro municipio y hacer frente a las consecuencias sociales y econ\u00f3micas producidas por esta pandemia.<\/span><br \/>\n<span style=\"color: #003366;\"> Desde el equipo de gobierno queremos transmitir nuestro mensaje esperanzador, de calma y tranquilidad, as\u00ed como solidarizarnos con las personas que peor lo pasan en esta situaci\u00f3n. <\/span><br \/>\n<span style=\"color: #003366;\"> Queremos dar las gracias a las voluntarias, voluntarios y a todo el personal del Ayuntamiento. Tambi\u00e9n aprovechamos para agradecer a todo el pueblo, en especial a los m\u00e1s peque\u00f1os, todo el aguante y paciencia que est\u00e1n demostrando al quedarse en sus casas. Juntos saldremos de esta y volveremos a ponernos en marcha.<\/span><\/p>\n<\/div>\n","protected":false},"excerpt":{"rendered":"<p>Ajuntament de l&#8217;Olleria, 6\/4\/2020 L&#8217;equip de Govern de l&#8217;Ajuntament de L&#8217;Olleria d\u00f3na el 10% de les retribucions que perceben del consistori L&#8217;equip de Govern de L&#8217;Olleria ha creat, mentre dure l&#8217;estat d&#8217;alarma, un fons com\u00fa econ\u00f2mic amb el 10% de les retribucions mensuals que perceben de l&#8217;Ajuntament per a ajudar a la gent que m\u00e9s [&hellip;]<\/p>\n","protected":false},"author":1,"featured_media":0,"comment_status":"closed","ping_status":"open","sticky":false,"template":"","format":"standard","meta":{"_monsterinsights_skip_tracking":false,"_monsterinsights_sitenote_active":false,"_monsterinsights_sitenote_note":"","_monsterinsights_sitenote_category":0},"categories":[3,12],"tags":[],"_links":{"self":[{"href":"http:\/\/www.portaldelolleria.es\/index.php?rest_route=\/wp\/v2\/posts\/25015"}],"collection":[{"href":"http:\/\/www.portaldelolleria.es\/index.php?rest_route=\/wp\/v2\/posts"}],"about":[{"href":"http:\/\/www.portaldelolleria.es\/index.php?rest_route=\/wp\/v2\/types\/post"}],"author":[{"embeddable":true,"href":"http:\/\/www.portaldelolleria.es\/index.php?rest_route=\/wp\/v2\/users\/1"}],"replies":[{"embeddable":true,"href":"http:\/\/www.portaldelolleria.es\/index.php?rest_route=%2Fwp%2Fv2%2Fcomments&post=25015"}],"version-history":[{"count":3,"href":"http:\/\/www.portaldelolleria.es\/index.php?rest_route=\/wp\/v2\/posts\/25015\/revisions"}],"predecessor-version":[{"id":25019,"href":"http:\/\/www.portaldelolleria.es\/index.php?rest_route=\/wp\/v2\/posts\/25015\/revisions\/25019"}],"wp:attachment":[{"href":"http:\/\/www.portaldelolleria.es\/index.php?rest_route=%2Fwp%2Fv2%2Fmedia&parent=25015"}],"wp:term":[{"taxonomy":"category","embeddable":true,"href":"http:\/\/www.portaldelolleria.es\/index.php?rest_route=%2Fwp%2Fv2%2Fcategories&post=25015"},{"taxonomy":"post_tag","embeddable":true,"href":"http:\/\/www.portaldelolleria.es\/index.php?rest_route=%2Fwp%2Fv2%2Ftags&post=25015"}],"curies":[{"name":"wp","href":"https:\/\/api.w.org\/{rel}","templated":true}]}}