{"id":25061,"date":"2020-04-11T20:28:36","date_gmt":"2020-04-11T18:28:36","guid":{"rendered":"http:\/\/www.portaldelolleria.es\/?p=25061"},"modified":"2020-04-11T20:29:05","modified_gmt":"2020-04-11T18:29:05","slug":"semana-santa-en-montaverner","status":"publish","type":"post","link":"http:\/\/www.portaldelolleria.es\/?p=25061","title":{"rendered":"Semana Santa en Montaverner"},"content":{"rendered":"<p style=\"text-align: justify;\"><a href=\"http:\/\/www.portaldelolleria.es\/wp-content\/uploads\/2020\/04\/actes2.jpg\"><img loading=\"lazy\" class=\"aligncenter size-full wp-image-25063\" title=\"actes2\" src=\"http:\/\/www.portaldelolleria.es\/wp-content\/uploads\/2020\/04\/actes2.jpg\" alt=\"\" width=\"598\" height=\"426\" srcset=\"http:\/\/www.portaldelolleria.es\/wp-content\/uploads\/2020\/04\/actes2.jpg 598w, http:\/\/www.portaldelolleria.es\/wp-content\/uploads\/2020\/04\/actes2-300x213.jpg 300w\" sizes=\"(max-width: 598px) 100vw, 598px\" \/><\/a><span style=\"color: #333333;\"><em>Ajuntament de Montaverner, 11\/4\/2020<\/em><\/span><\/p>\n<p style=\"text-align: justify;\">En condiciones normales hoy s\u00e1bado de resurrecci\u00f3n por la noche empezarian los actos en honor a Sant Blai, patrono de Montaverner. Unas fiestas que se celebran recordando el milagro que Sant Blai hizo en Montaverner el lunes de Pascua de 1678.<\/p>\n<p style=\"text-align: justify;\">Este a\u00f1o debido a la situaci\u00f3n actual se han decidido aplazar las fiestas pero desde el Ayuntamiento, la Parroquia y los cuatro Festeros se han decidido programar los actos que adjuntamos en la fotografia para el domingo y el lunes de Pascua. Actos que se podr\u00e1n seguir por las redes sociales y desde los balcones.<\/p>\n<p style=\"text-align: justify;\">Queremos que sean d\u00edas festivos y de alegr\u00eda y por eso invitamos a los ni\u00f1os a que hagan dibujos para las ventanas y se decoren los balcones del pueblo. Habr\u00e1 m\u00fasica, merienda pascuera o volteos de campanas.<\/p>\n<p style=\"text-align: justify;\">Estamos muy satisfechos de c\u00f3mo est\u00e1 respondiendo todo el pueblo a las actividades que proponemos desde el Ayuntamiento. El Viernes Santo convocamos a una tamborada a las 12h y hubo much\u00edsima aceptaci\u00f3n.<\/p>\n<p style=\"text-align: justify;\">Tambi\u00e9n destacar que desde el Ayuntamiento hemos adquirido por cuenta propia m\u00e1s de 1000 mascarillas y a partir del martes empezaremos a repartirlas casa por casa para que todo el pueblo est\u00e9 lo m\u00e1s protegido posible.<\/p>\n<p style=\"text-align: justify;\">________________________<\/p>\n<p style=\"text-align: justify;\"><span style=\"color: #003366;\">En condicions normals avui dissabte de resurrecci\u00f3 a la nit comen\u00e7arien els actes en honor a Sant Blai, patr\u00f3 de Montaverner. Unes festes que se celebren recordant el miracle que Sant Blai va fer a Montaverner el dilluns de Pasqua de 1678.<\/span><\/p>\n<p><span style=\"color: #003366;\">Aquest any a causa de la situaci\u00f3 actual s&#8217;han decidit ajornar les festes per\u00f2 des de l&#8217;Ajuntament, la Parr\u00f2quia i els quatre Festers s&#8217;han decidit programar els actes que adjuntem a la fotografia per al diumenge i el dilluns de Pasqua. Actes que es podran seguir per les xarxes socials i des dels balcons.<\/span><\/p>\n<p><span style=\"color: #003366;\">Volem que siguin dies festius i d&#8217;alegria i per aix\u00f2 convidem als nens a que facin dibuixos per a les finestres i es decorin els balcons de la vila. Hi haur\u00e0 m\u00fasica, berenar pascuera o voltejos de campanes.<\/span><\/p>\n<p><span style=\"color: #003366;\">Estem molt satisfets de com est\u00e0 responent tot el poble a les activitats que proposem des de l&#8217;Ajuntament. El Divendres Sant convoquem a una tamborada a les 12h i hi va haver molt\u00edssima acceptaci\u00f3.<\/span><\/p>\n<p><span style=\"color: #003366;\">Tamb\u00e9 destacar que des de l&#8217;Ajuntament hem adquirit per compte propi m\u00e9s de 1000 m\u00e0scares i a partir d&#8217;dimarts comen\u00e7arem a repartir casa per casa perqu\u00e8 tot el poble estigui el m\u00e9s protegit possible.<\/span><\/p>\n<p>&nbsp;<\/p>\n<p>&nbsp;<\/p>\n<p><a href=\"http:\/\/www.portaldelolleria.es\/wp-content\/uploads\/2020\/04\/actes.jpg\"><img loading=\"lazy\" class=\"aligncenter size-full wp-image-25062\" title=\"actes\" src=\"http:\/\/www.portaldelolleria.es\/wp-content\/uploads\/2020\/04\/actes.jpg\" alt=\"\" width=\"598\" height=\"882\" srcset=\"http:\/\/www.portaldelolleria.es\/wp-content\/uploads\/2020\/04\/actes.jpg 598w, http:\/\/www.portaldelolleria.es\/wp-content\/uploads\/2020\/04\/actes-203x300.jpg 203w\" sizes=\"(max-width: 598px) 100vw, 598px\" \/><\/a><\/p>\n","protected":false},"excerpt":{"rendered":"<p>Ajuntament de Montaverner, 11\/4\/2020 En condiciones normales hoy s\u00e1bado de resurrecci\u00f3n por la noche empezarian los actos en honor a Sant Blai, patrono de Montaverner. Unas fiestas que se celebran recordando el milagro que Sant Blai hizo en Montaverner el lunes de Pascua de 1678. Este a\u00f1o debido a la situaci\u00f3n actual se han decidido [&hellip;]<\/p>\n","protected":false},"author":1,"featured_media":0,"comment_status":"closed","ping_status":"open","sticky":false,"template":"","format":"standard","meta":{"_monsterinsights_skip_tracking":false,"_monsterinsights_sitenote_active":false,"_monsterinsights_sitenote_note":"","_monsterinsights_sitenote_category":0},"categories":[789,12],"tags":[],"_links":{"self":[{"href":"http:\/\/www.portaldelolleria.es\/index.php?rest_route=\/wp\/v2\/posts\/25061"}],"collection":[{"href":"http:\/\/www.portaldelolleria.es\/index.php?rest_route=\/wp\/v2\/posts"}],"about":[{"href":"http:\/\/www.portaldelolleria.es\/index.php?rest_route=\/wp\/v2\/types\/post"}],"author":[{"embeddable":true,"href":"http:\/\/www.portaldelolleria.es\/index.php?rest_route=\/wp\/v2\/users\/1"}],"replies":[{"embeddable":true,"href":"http:\/\/www.portaldelolleria.es\/index.php?rest_route=%2Fwp%2Fv2%2Fcomments&post=25061"}],"version-history":[{"count":2,"href":"http:\/\/www.portaldelolleria.es\/index.php?rest_route=\/wp\/v2\/posts\/25061\/revisions"}],"predecessor-version":[{"id":25065,"href":"http:\/\/www.portaldelolleria.es\/index.php?rest_route=\/wp\/v2\/posts\/25061\/revisions\/25065"}],"wp:attachment":[{"href":"http:\/\/www.portaldelolleria.es\/index.php?rest_route=%2Fwp%2Fv2%2Fmedia&parent=25061"}],"wp:term":[{"taxonomy":"category","embeddable":true,"href":"http:\/\/www.portaldelolleria.es\/index.php?rest_route=%2Fwp%2Fv2%2Fcategories&post=25061"},{"taxonomy":"post_tag","embeddable":true,"href":"http:\/\/www.portaldelolleria.es\/index.php?rest_route=%2Fwp%2Fv2%2Ftags&post=25061"}],"curies":[{"name":"wp","href":"https:\/\/api.w.org\/{rel}","templated":true}]}}