{"id":25098,"date":"2020-04-18T13:07:38","date_gmt":"2020-04-18T11:07:38","guid":{"rendered":"http:\/\/www.portaldelolleria.es\/?p=25098"},"modified":"2020-04-18T14:44:14","modified_gmt":"2020-04-18T12:44:14","slug":"generalitat-valencia-declara-este-domingo-dia-de-luto-oficial","status":"publish","type":"post","link":"http:\/\/www.portaldelolleria.es\/?p=25098","title":{"rendered":"Generalitat Valencia declara este domingo d\u00eda de luto oficial"},"content":{"rendered":"<p style=\"text-align: justify;\"><a href=\"http:\/\/www.portaldelolleria.es\/wp-content\/uploads\/2020\/04\/banderas.jpg\"><img loading=\"lazy\" class=\"aligncenter size-full wp-image-25102\" title=\"banderas\" src=\"http:\/\/www.portaldelolleria.es\/wp-content\/uploads\/2020\/04\/banderas.jpg\" alt=\"\" width=\"598\" height=\"364\" srcset=\"http:\/\/www.portaldelolleria.es\/wp-content\/uploads\/2020\/04\/banderas.jpg 598w, http:\/\/www.portaldelolleria.es\/wp-content\/uploads\/2020\/04\/banderas-300x182.jpg 300w\" sizes=\"(max-width: 598px) 100vw, 598px\" \/><\/a><\/p>\n<div style=\"text-align: justify;\">\n<h3>El Consell declara luto oficial en la Comunitat el domingo 19 por los fallecidos por coronavirus<\/h3>\n<\/div>\n<div style=\"text-align: justify;\">El pleno del Consell aprob\u00f3 este viernes una declaraci\u00f3n institucional de duelo por las personas fallecidas con motivo del coronavirus en el conjunto del territorio que, adem\u00e1s, se ha consensuado con los grupos de la oposici\u00f3n.<\/div>\n<div style=\"text-align: justify;\">La Generalitat Valenciana ha declarado el domingo d\u00eda de luto oficial en toda la Comunitat Valenciana y como muestra de respeto, condolencias y reconocimiento a las personas que han perdido la vida a causa del Covid-19 ese d\u00eda las banderas ondear\u00e1n a media asta en el exterior de los edificios oficiales de la administraci\u00f3n valenciana. Adem\u00e1s, se convoca a los ciudadanos a guardar 3 minutos de silencio a las 12 horas desde cada uno de los balcones.<\/div>\n<div style=\"text-align: justify;\">\n<p>L&#8217;Oller\u00eda se suma a esta declaraci\u00f3n aunque, desde el 29 de marzo, las banderas del consistorio municipal ondean a media asta en se\u00f1al de condolencia y solidaridad de este Ayuntamiento y de todo el vecindario de Oller\u00eda a las familias de las v\u00edctimas.<\/p>\n<p>Desde el Ayuntamiento se anima a la ciudadan\u00eda a participar de estos 3 minutos de silencio en sus balcones.<\/p>\n<\/div>\n<div style=\"text-align: justify;\">______________________<\/div>\n<div style=\"text-align: justify;\"><span style=\"color: #003366;\"><strong>El Consell declara dol oficial a la Comunitat diumenge 19 pels morts per coronavirus<\/strong><\/span><\/div>\n<div>\n<p style=\"text-align: justify;\"><span style=\"color: #003366;\">El ple de el Consell va aprovar aquest divendres una declaraci\u00f3 institucional de dol per les persones mortes amb motiu de l&#8217;coronavirus en el conjunt del territori que, a m\u00e9s, s&#8217;ha consensuat amb els grups de l&#8217;oposici\u00f3.<\/span><span style=\"color: #003366;\">La Generalitat Valenciana ha declarat el diumenge dia de dol oficial a tota la Comunitat Valenciana i com a mostra de respecte, condol i reconeixement a les persones que han perdut la vida a causa d&#8217;el Covid-19 aquest dia les banderes onejaran a mig pal a l&#8217;exterior dels edificis oficials de l&#8217;administraci\u00f3 valenciana. A m\u00e9s, es convoca els ciutadans a guardar 3 minuts de silenci a les 12 hores des de cada un dels balcons.<\/span><\/p>\n<p style=\"text-align: justify;\"><span style=\"color: #003366;\">L\u2019Olleria es suma a aquesta declaraci\u00f3 tot i que, des del 29 de mar\u00e7, les banderes del consistori municipal onegen a mitja asta en senyal de condolen\u00e7a i solidaritat d\u2019aquest Ajuntament i de tot el ve\u00efnat de L\u2019Olleria a les fam\u00edlies de les v\u00edctimes.<\/span><\/p>\n<p style=\"text-align: justify;\"><span style=\"color: #003366;\"> Des de l\u2019Ajuntament s&#8217;anima a la ciutadania a participar d\u2019aquests 3 minuts de silenci als seus balcons.<\/span><\/p>\n<p>&nbsp;<\/p>\n<\/div>\n","protected":false},"excerpt":{"rendered":"<p>El Consell declara luto oficial en la Comunitat el domingo 19 por los fallecidos por coronavirus El pleno del Consell aprob\u00f3 este viernes una declaraci\u00f3n institucional de duelo por las personas fallecidas con motivo del coronavirus en el conjunto del territorio que, adem\u00e1s, se ha consensuado con los grupos de la oposici\u00f3n. La Generalitat Valenciana [&hellip;]<\/p>\n","protected":false},"author":1,"featured_media":0,"comment_status":"closed","ping_status":"open","sticky":false,"template":"","format":"standard","meta":{"_monsterinsights_skip_tracking":false,"_monsterinsights_sitenote_active":false,"_monsterinsights_sitenote_note":"","_monsterinsights_sitenote_category":0},"categories":[3,12],"tags":[],"_links":{"self":[{"href":"http:\/\/www.portaldelolleria.es\/index.php?rest_route=\/wp\/v2\/posts\/25098"}],"collection":[{"href":"http:\/\/www.portaldelolleria.es\/index.php?rest_route=\/wp\/v2\/posts"}],"about":[{"href":"http:\/\/www.portaldelolleria.es\/index.php?rest_route=\/wp\/v2\/types\/post"}],"author":[{"embeddable":true,"href":"http:\/\/www.portaldelolleria.es\/index.php?rest_route=\/wp\/v2\/users\/1"}],"replies":[{"embeddable":true,"href":"http:\/\/www.portaldelolleria.es\/index.php?rest_route=%2Fwp%2Fv2%2Fcomments&post=25098"}],"version-history":[{"count":5,"href":"http:\/\/www.portaldelolleria.es\/index.php?rest_route=\/wp\/v2\/posts\/25098\/revisions"}],"predecessor-version":[{"id":25105,"href":"http:\/\/www.portaldelolleria.es\/index.php?rest_route=\/wp\/v2\/posts\/25098\/revisions\/25105"}],"wp:attachment":[{"href":"http:\/\/www.portaldelolleria.es\/index.php?rest_route=%2Fwp%2Fv2%2Fmedia&parent=25098"}],"wp:term":[{"taxonomy":"category","embeddable":true,"href":"http:\/\/www.portaldelolleria.es\/index.php?rest_route=%2Fwp%2Fv2%2Fcategories&post=25098"},{"taxonomy":"post_tag","embeddable":true,"href":"http:\/\/www.portaldelolleria.es\/index.php?rest_route=%2Fwp%2Fv2%2Ftags&post=25098"}],"curies":[{"name":"wp","href":"https:\/\/api.w.org\/{rel}","templated":true}]}}