{"id":25141,"date":"2020-04-21T18:26:13","date_gmt":"2020-04-21T16:26:13","guid":{"rendered":"http:\/\/www.portaldelolleria.es\/?p=25141"},"modified":"2020-04-21T18:26:13","modified_gmt":"2020-04-21T16:26:13","slug":"las-brigadas-forestales-de-diputacio-retoman-las-tareas-de-vigilancia-para-prevenir-incendios-forestales","status":"publish","type":"post","link":"http:\/\/www.portaldelolleria.es\/?p=25141","title":{"rendered":"Las brigadas forestales de Diputaci\u00f3 retoman las tareas de vigilancia para prevenir incendios forestales"},"content":{"rendered":"<p><a href=\"http:\/\/www.portaldelolleria.es\/wp-content\/uploads\/2020\/04\/divalterra.jpg\"><img loading=\"lazy\" class=\"aligncenter size-full wp-image-25142\" title=\"divalterra\" src=\"http:\/\/www.portaldelolleria.es\/wp-content\/uploads\/2020\/04\/divalterra.jpg\" alt=\"\" width=\"598\" height=\"400\" srcset=\"http:\/\/www.portaldelolleria.es\/wp-content\/uploads\/2020\/04\/divalterra.jpg 598w, http:\/\/www.portaldelolleria.es\/wp-content\/uploads\/2020\/04\/divalterra-300x200.jpg 300w\" sizes=\"(max-width: 598px) 100vw, 598px\" \/><\/a><\/p>\n<p style=\"text-align: justify;\"><em><span style=\"color: #003366;\">Diputaci\u00f3n de Valencia, 20\/4\/2020<\/span><\/em><\/p>\n<div style=\"text-align: justify;\">\n<div>\n<ul>\n<li>Divalterra establece un protocolo de seguridad para los brigadistas con el objetivo de incrementar la seguridad y minimizar el riesgo de contagio por COVID-19<\/li>\n<\/ul>\n<\/div>\n<\/div>\n<div>\n<p style=\"text-align: justify;\">Las brigadas forestales de la Diputaci\u00f3 de Val\u00e8ncia inician este martes 21 de abril un dispositivo de vigilancia en el monte valenciano con el objetivo de detectar incendios forestales en su fase inicial, y reducir al m\u00e1ximo el tiempo de respuesta.<\/p>\n<p style=\"text-align: justify;\">La reincorporaci\u00f3n de los brigadistas se realiza como consecuencia del levantamiento de la prohibici\u00f3n de las quemas agr\u00edcolas por parte de la Direcci\u00f3n General de Prevenci\u00f3n de Incendios Forestales de la Generalitat.<\/p>\n<p style=\"text-align: justify;\">En este sentido, se ha intensificado la coordinaci\u00f3n con este organismo para reforzar el apoyo de las brigadas de Divalterra, distribuyendo las unidades operativas en zonas de especial riesgo de incendios.<\/p>\n<p style=\"text-align: justify;\">Los efectivos, que permanec\u00edan confinados en sus domicilios y movilizables para casos de emergencia, deber\u00e1n seguir un protocolo especial de actuaci\u00f3n elaborado con motivo de la crisis sanitaria provocada por el coronavirus Covid-19.<\/p>\n<p style=\"text-align: justify;\">Este documento recoge medidas para la protecci\u00f3n de la salud del colectivo de brigadistas y la minimizaci\u00f3n del riesgo de contagio, adem\u00e1s de las directrices para la utilizaci\u00f3n de las herramientas de trabajo y elementos de protecci\u00f3n individual (EPI\u2019s), para los que se ha adquirido el material necesario para su desinfecci\u00f3n.<\/p>\n<p style=\"text-align: justify;\"><strong>Labores de vigilancia preventiva<\/strong><\/p>\n<p style=\"text-align: justify;\">Las brigadas cuentan con puntos de vigilancia en zonas altas del territorio valenciano que les permiten divisar una amplia superficie de terreno forestal, y de este modo poder detectar situaciones de riesgo que podr\u00edan desencadenar alg\u00fan incendio.<\/p>\n<p style=\"text-align: justify;\">De manera complementaria, los brigadistas de la Diputaci\u00f3 realizan vigilancia en ruta, que permiten tambi\u00e9n comprobar el estado de los caminos y pistas forestales\u00a0por los que deben transitar los veh\u00edculos de emergencia en caso de incendio.<\/p>\n<\/div>\n<p>_____________________________<\/p>\n<p>&nbsp;<\/p>\n<div>\n<div>\n<ul>\n<li style=\"text-align: justify;\"><span style=\"color: #003366;\">Divalterra estableix un protocol de seguretat per als brigadistes amb l&#8217;objectiu d&#8217;incrementar la seguretat i minimitzar el risc de contagi per COVID-19<\/span><\/li>\n<\/ul>\n<\/div>\n<\/div>\n<div>\n<p style=\"text-align: justify;\"><span style=\"color: #003366;\">Les brigades forestals de la Diputaci\u00f3 de Val\u00e8ncia inicien aquest dimarts 21 d&#8217;abril un dispositiu de vigil\u00e0ncia en la muntanya valenciana amb l&#8217;objectiu de detectar incendis forestals en la seua fase inicial, i reduir al m\u00e0xim el temps de resposta.<\/span><\/p>\n<p style=\"text-align: justify;\"><span style=\"color: #003366;\">La reincorporaci\u00f3 dels brigadistes es realitza a conseq\u00fc\u00e8ncia de l\u2019al\u00e7ament de la prohibici\u00f3 de les cremes agr\u00edcoles per part de la Direcci\u00f3 General de Prevenci\u00f3 d&#8217;Incendis Forestals de la Generalitat.<\/span><\/p>\n<p style=\"text-align: justify;\"><span style=\"color: #003366;\">En este sentit, s&#8217;ha intensificat la coordinaci\u00f3 amb aquest organisme per a refor\u00e7ar el suport de les brigades de Divalterra, distribuint les unitats operatives en zones d&#8217;especial risc d&#8217;incendis.<\/span><\/p>\n<p style=\"text-align: justify;\"><span style=\"color: #003366;\">Els efectius, que romanien confinats en els seus domicilis i mobilitzables per a casos d&#8217;emerg\u00e8ncia, hauran de seguir un protocol especial d&#8217;actuaci\u00f3 elaborat amb motiu de la crisi sanit\u00e0ria provocada pel coronavirus COVID-19.<\/span><\/p>\n<p style=\"text-align: justify;\"><span style=\"color: #003366;\">Este document cont\u00e9 mesures per a la protecci\u00f3 de la salut del col\u2022lectiu de brigadistes i la minimitzaci\u00f3 del risc de contagi, a m\u00e9s de les directrius per a la utilitzaci\u00f3 de les eines de treball i elements de protecci\u00f3 individual (EPI\u2019s), per als quals s&#8217;ha adquirit el material necessari per a la seua desinfecci\u00f3.<\/span><\/p>\n<p style=\"text-align: justify;\"><span style=\"color: #003366;\"><strong>Tasques de vigil\u00e0ncia preventiva<\/strong><\/span><\/p>\n<p style=\"text-align: justify;\"><span style=\"color: #003366;\">Les brigades compten amb punts de vigil\u00e0ncia en zones altes del territori valenci\u00e0 que els permeten albirar una \u00e0mplia superf\u00edcie de terreny forestal, i d&#8217;esta manera poder detectar situacions de risc que podrien desencadenar algun incendi.<\/span><\/p>\n<p style=\"text-align: justify;\"><span style=\"color: #003366;\">De manera complement\u00e0ria, els brigadistes de la Diputaci\u00f3 realitzen vigil\u00e0ncia en ruta, qu\u00e8 permeten tamb\u00e9 comprovar l&#8217;estat dels camins i pistes forestals pels quals han de transitar els vehicles d&#8217;emerg\u00e8ncia en cas d&#8217;incendi.<\/span><\/p>\n<\/div>\n<p>&nbsp;<\/p>\n","protected":false},"excerpt":{"rendered":"<p>Diputaci\u00f3n de Valencia, 20\/4\/2020 Divalterra establece un protocolo de seguridad para los brigadistas con el objetivo de incrementar la seguridad y minimizar el riesgo de contagio por COVID-19 Las brigadas forestales de la Diputaci\u00f3 de Val\u00e8ncia inician este martes 21 de abril un dispositivo de vigilancia en el monte valenciano con el objetivo de detectar [&hellip;]<\/p>\n","protected":false},"author":1,"featured_media":0,"comment_status":"closed","ping_status":"open","sticky":false,"template":"","format":"standard","meta":{"_monsterinsights_skip_tracking":false,"_monsterinsights_sitenote_active":false,"_monsterinsights_sitenote_note":"","_monsterinsights_sitenote_category":0},"categories":[171,12],"tags":[],"_links":{"self":[{"href":"http:\/\/www.portaldelolleria.es\/index.php?rest_route=\/wp\/v2\/posts\/25141"}],"collection":[{"href":"http:\/\/www.portaldelolleria.es\/index.php?rest_route=\/wp\/v2\/posts"}],"about":[{"href":"http:\/\/www.portaldelolleria.es\/index.php?rest_route=\/wp\/v2\/types\/post"}],"author":[{"embeddable":true,"href":"http:\/\/www.portaldelolleria.es\/index.php?rest_route=\/wp\/v2\/users\/1"}],"replies":[{"embeddable":true,"href":"http:\/\/www.portaldelolleria.es\/index.php?rest_route=%2Fwp%2Fv2%2Fcomments&post=25141"}],"version-history":[{"count":1,"href":"http:\/\/www.portaldelolleria.es\/index.php?rest_route=\/wp\/v2\/posts\/25141\/revisions"}],"predecessor-version":[{"id":25143,"href":"http:\/\/www.portaldelolleria.es\/index.php?rest_route=\/wp\/v2\/posts\/25141\/revisions\/25143"}],"wp:attachment":[{"href":"http:\/\/www.portaldelolleria.es\/index.php?rest_route=%2Fwp%2Fv2%2Fmedia&parent=25141"}],"wp:term":[{"taxonomy":"category","embeddable":true,"href":"http:\/\/www.portaldelolleria.es\/index.php?rest_route=%2Fwp%2Fv2%2Fcategories&post=25141"},{"taxonomy":"post_tag","embeddable":true,"href":"http:\/\/www.portaldelolleria.es\/index.php?rest_route=%2Fwp%2Fv2%2Ftags&post=25141"}],"curies":[{"name":"wp","href":"https:\/\/api.w.org\/{rel}","templated":true}]}}