{"id":2515,"date":"2013-03-13T12:20:49","date_gmt":"2013-03-13T11:20:49","guid":{"rendered":"http:\/\/www.portaldelolleria.es\/?p=2515"},"modified":"2013-03-13T12:20:49","modified_gmt":"2013-03-13T11:20:49","slug":"jose-ramon-esteve-presidente-de-honor-de-la-junta-central-de-moros-y-cristianos-de-l%e2%80%99olleria","status":"publish","type":"post","link":"http:\/\/www.portaldelolleria.es\/?p=2515","title":{"rendered":"Jos\u00e9 Ram\u00f3n Esteve presidente de honor de la Junta Central de Moros y Cristianos de L\u2019Olleria"},"content":{"rendered":"<p><a href=\"http:\/\/www.portaldelolleria.es\/wp-content\/uploads\/2013\/03\/sirera.jpg\"><img loading=\"lazy\" class=\"aligncenter size-full wp-image-2516\" title=\"sirera\" src=\"http:\/\/www.portaldelolleria.es\/wp-content\/uploads\/2013\/03\/sirera.jpg\" alt=\"\" width=\"598\" height=\"398\" srcset=\"http:\/\/www.portaldelolleria.es\/wp-content\/uploads\/2013\/03\/sirera.jpg 598w, http:\/\/www.portaldelolleria.es\/wp-content\/uploads\/2013\/03\/sirera-300x199.jpg 300w\" sizes=\"(max-width: 598px) 100vw, 598px\" \/><\/a><\/p>\n<p>&nbsp;<\/p>\n<p>Jos\u00e9 Ram\u00f3n Esteve Sirera, ha sido nombrado presidente de honor de la Junta Central de Moros y Cristianos de L\u2019Olleria. Esteve dejaba el pasado a\u00f1o su cargo al frente de la entidad despu\u00e9s de 10 a\u00f1os. Un reconocimiento que se une al recibido por la UNDEF, que le ha nombrado miembro honorable.<\/p>\n<p><em>El Mig Any<\/em>, fue el momento elegido para hacerle este reconocimiento en el que tanto el alcalde, Jos\u00e9 Vidal, como el concejal de Fiestas, Juan Ricardo Ruano, ten\u00edan unas palabras de agradecimiento por su \u201ctrabajo, dedicaci\u00f3n y contribuci\u00f3n al mundo de la Fiesta de Moros y Cristianos de L\u2019Olleria\u201d.<\/p>\n<p>Por su parte, Maria Dolores Gil, presidenta de la Junta Gestora de Moros y Cristianos, le agradec\u00eda el que \u201cen este \u00faltimo a\u00f1o me hayas llevado de la mano, lo que hace que ahora todo sea m\u00e1s f\u00e1cil\u201d y recordaba \u201ctu amor por las Fiestas de Moros y Cristianos de L\u2019Olleria, unas fiestas a las que llevas unido pr\u00e1cticamente toda tu vida\u201d. Igualmente, Gil le felicitaba \u201cpor todo lo que has hecho por nuestras fiestas entre las que est\u00e1 el que nos hayas dotado de una sede propia\u201d.<\/p>\n<p>Emocionado, Jos\u00e9 Ram\u00f3n Esteve sub\u00eda al escenario antes del Concierto de Mig Any, el pasado Domingo 3 de marzo, para recoger de manos de Maria Dolores Gil y del Vicepresidente, Vicente Egea, un cuadro \u00a0en reconocimiento y recuerdo por su trayectoria al frente de la Junta Central de Moros y Cristianos de L\u2019Olleria.<\/p>\n","protected":false},"excerpt":{"rendered":"<p>&nbsp; Jos\u00e9 Ram\u00f3n Esteve Sirera, ha sido nombrado presidente de honor de la Junta Central de Moros y Cristianos de L\u2019Olleria. Esteve dejaba el pasado a\u00f1o su cargo al frente de la entidad despu\u00e9s de 10 a\u00f1os. Un reconocimiento que se une al recibido por la UNDEF, que le ha nombrado miembro honorable. El Mig [&hellip;]<\/p>\n","protected":false},"author":2,"featured_media":0,"comment_status":"closed","ping_status":"open","sticky":false,"template":"","format":"standard","meta":{"_monsterinsights_skip_tracking":false,"_monsterinsights_sitenote_active":false,"_monsterinsights_sitenote_note":"","_monsterinsights_sitenote_category":0},"categories":[17,12],"tags":[588,326,20,579,101,587],"_links":{"self":[{"href":"http:\/\/www.portaldelolleria.es\/index.php?rest_route=\/wp\/v2\/posts\/2515"}],"collection":[{"href":"http:\/\/www.portaldelolleria.es\/index.php?rest_route=\/wp\/v2\/posts"}],"about":[{"href":"http:\/\/www.portaldelolleria.es\/index.php?rest_route=\/wp\/v2\/types\/post"}],"author":[{"embeddable":true,"href":"http:\/\/www.portaldelolleria.es\/index.php?rest_route=\/wp\/v2\/users\/2"}],"replies":[{"embeddable":true,"href":"http:\/\/www.portaldelolleria.es\/index.php?rest_route=%2Fwp%2Fv2%2Fcomments&post=2515"}],"version-history":[{"count":1,"href":"http:\/\/www.portaldelolleria.es\/index.php?rest_route=\/wp\/v2\/posts\/2515\/revisions"}],"predecessor-version":[{"id":2517,"href":"http:\/\/www.portaldelolleria.es\/index.php?rest_route=\/wp\/v2\/posts\/2515\/revisions\/2517"}],"wp:attachment":[{"href":"http:\/\/www.portaldelolleria.es\/index.php?rest_route=%2Fwp%2Fv2%2Fmedia&parent=2515"}],"wp:term":[{"taxonomy":"category","embeddable":true,"href":"http:\/\/www.portaldelolleria.es\/index.php?rest_route=%2Fwp%2Fv2%2Fcategories&post=2515"},{"taxonomy":"post_tag","embeddable":true,"href":"http:\/\/www.portaldelolleria.es\/index.php?rest_route=%2Fwp%2Fv2%2Ftags&post=2515"}],"curies":[{"name":"wp","href":"https:\/\/api.w.org\/{rel}","templated":true}]}}