{"id":25175,"date":"2020-05-03T11:49:53","date_gmt":"2020-05-03T09:49:53","guid":{"rendered":"http:\/\/www.portaldelolleria.es\/?p=25175"},"modified":"2020-05-03T11:50:03","modified_gmt":"2020-05-03T09:50:03","slug":"lolleria-recibira-otra-inyeccion-de-dinero-por-parte-de-la-diputacion","status":"publish","type":"post","link":"http:\/\/www.portaldelolleria.es\/?p=25175","title":{"rendered":"L&#8217;Olleria recibir\u00e1 otra inyecci\u00f3n de dinero por parte de la Diputaci\u00f3n"},"content":{"rendered":"<p><a href=\"http:\/\/www.portaldelolleria.es\/wp-content\/uploads\/2020\/05\/diputacion.jpg\"><img loading=\"lazy\" class=\"aligncenter size-full wp-image-25176\" title=\"diputacion\" src=\"http:\/\/www.portaldelolleria.es\/wp-content\/uploads\/2020\/05\/diputacion.jpg\" alt=\"\" width=\"598\" height=\"375\" srcset=\"http:\/\/www.portaldelolleria.es\/wp-content\/uploads\/2020\/05\/diputacion.jpg 598w, http:\/\/www.portaldelolleria.es\/wp-content\/uploads\/2020\/05\/diputacion-300x188.jpg 300w\" sizes=\"(max-width: 598px) 100vw, 598px\" \/><\/a><\/p>\n<p>&nbsp;<\/p>\n<p><em>Diputaci\u00f3n de Valencia 2\/5\/2020<\/em><\/p>\n<p style=\"text-align: justify;\"><strong>Los municipios de La Vall d\u2019Albaida recibir\u00e1n 14,3 millones de euros de la Diputaci\u00f3 para mejorar sus infraestructuras y servicios<\/strong><\/p>\n<ul style=\"text-align: justify;\">\n<li><strong>El Plan de Inversiones 2020-21, aprobado en el pleno de abril, contempla una aportaci\u00f3n de 14.389.644 euros para la comarca<\/strong><\/li>\n<li><strong>Los ayuntamientos y las mancomunidades tendr\u00e1n dos a\u00f1os para ejecutar sus proyectos, en un plan con el mayor presupuesto de la historia que apuesta por la sostenibilidad medioambiental<\/strong><\/li>\n<li><strong>\u201cEste plan va a paliar muchas de las debilidades hist\u00f3ricas de nuestros municipios e introduce nuevos valores como la igualdad y la justicia social\u201d, asegura el vicepresidente Carlos Fern\u00e1ndez Bielsa<\/strong><\/li>\n<\/ul>\n<p style=\"text-align: justify;\"><strong>\u00a0<\/strong><\/p>\n<p style=\"text-align: justify;\"><strong>2\/mayo\/2020<\/strong>.- Los municipios de La Vall d\u2019Albaida recibir\u00e1n algo m\u00e1s de 9 millones de euros de la Diputaci\u00f3 de Val\u00e8ncia para mejorar sus infraestructuras y servicios. El Plan de Inversiones 2020-21 de la corporaci\u00f3n provincial, aprobado en el pleno de abril, contempla una dotaci\u00f3n global de 14.389.644 euros para la comarca.<\/p>\n<p style=\"text-align: justify;\">Estas cantidades oscilan entre el 1.122.552 euros de Ontinyent y los 282.923 euros de Sempere. Al mismo tiempo, la mancomunidad La Vall d\u2019Albaida tiene asignados 278.789 euros en el nuevo Plan de Inversiones provincial.<\/p>\n<p style=\"text-align: justify;\">El reparto es el resultado de una nueva f\u00f3rmula que ha tenido en cuenta los planteamientos de anteriores planes como el PPOS y el SOM, integrando criterios nuevos que buscan reforzar valores como la justicia social, la igualdad y los objetivos de desarrollo sostenible incluidos en la Agenda 2030 de Europa. De esta forma, a los par\u00e1metros de poblaci\u00f3n, superficie, valor marginal, desempleo y coste efectivo por la prestaci\u00f3n de servicios se a\u00f1aden otros como el desarrollo de planes urbanos estrat\u00e9gicos, formar parte del Pacto de Alcald\u00edas por el Clima y la Energ\u00eda, contar con litoral mar\u00edtimo, el esfuerzo fiscal y los planes de Igualdad y Movilidad Urbana.<\/p>\n<p style=\"text-align: justify;\">En palabras del vicepresidente y diputado de Cooperaci\u00f3n Municipal y Cohesi\u00f3n Territorial, Carlos Fern\u00e1ndez Bielsa, \u00abeste es un plan moderno que unifica los programas de inversi\u00f3n en nuestros pueblos, desde la igualdad de oportunidades y con nuevas iniciativas para mejorar la sociedad desde la pol\u00edtica\u00bb. Por ejemplo, la apuesta decidida por \u00abfomentar modelos de crecimiento sostenible y entornos saludables, que se traduce en destinar un 10% del plan, 14 millones de euros, a incentivar proyectos de saneamiento, energ\u00eda limpia, innovaci\u00f3n o ciudades inteligentes que generen recursos para avanzar hacia un futuro mejor\u00bb.<\/p>\n<p>&nbsp;<\/p>\n<p><strong>Reactivar la econom\u00eda local<\/strong><\/p>\n<p>El responsable de Cooperaci\u00f3n destaca que el nuevo Plan de Inversiones es \u00abfruto del esfuerzo y el di\u00e1logo entre todas las \u00e1reas del gobierno de la Diputaci\u00f3, recogiendo la sensibilidad de alcaldes y alcaldesas con el objetivo de paliar los obst\u00e1culos y las debilidades hist\u00f3ricas de los municipios de la provincia, en especial de los m\u00e1s peque\u00f1os\u00bb<\/p>\n<p>En la l\u00ednea de la gesti\u00f3n marcada por el presidente Toni Gaspar, que pretende dotar de mayor liquidez y autonom\u00eda a los entes locales trabajando conjuntamente con la Generalitat y los ayuntamientos, este Plan de Inversiones basado en la objetividad y la equidad contar\u00e1 con el mayor presupuesto de la historia y, como explica el vicepresidente Bielsa, responsable de Coordinaci\u00f3n Institucional y Cohesi\u00f3n Territorial, \u00abpermitir\u00e1 que tengamos municipios mejor financiados para afrontar retos en materia cultural, bienestar, educaci\u00f3n, patrimonio y desarrollo econ\u00f3mico en general\u00bb.<\/p>\n<p>El equipo de gobierno provincial ha centrado sus esfuerzos durante el estado de alarma en garantizar, por una parte, la liquidez de los municipios para hacer frente a la crisis de la COVID-19, y por otra, en la preparaci\u00f3n del escenario posterior a dicho estado de alarma para retomar de inmediato la actividad, caso de la puesta en marcha de los proyectos de este Plan de Inversiones que servir\u00e1 para \u00abreactivar la econom\u00eda de los municipios valencianos\u00bb.<\/p>\n<p>El Plan de Inversiones 2020-21 de la Diputaci\u00f3 de Val\u00e8ncia tiene una dotaci\u00f3n global de 144 millones de euros, de los cuales cerca de 139 millones se repartir\u00e1n entre 261 municipios de la provincia, alrededor de 1.250.000 euros entre las 3 entidades locales menores existentes y otros 4 millones de euros que llegar\u00e1n a las 25 mancomunidades valencianas, en funci\u00f3n de su actividad y los municipios a los que representan. Las 5 grandes ciudades, Val\u00e8ncia, Torrent, Paterna, Gandia y Sagunto, contar\u00e1n igualmente con ayuda de la Diputaci\u00f3 para financiar proyectos singulares.<\/p>\n<p>&nbsp;<\/p>\n<p>\/\/\/\/\/\/\/\/\/\/\/\/\/\/\/\/\/\/\/\/\/\/\/<\/p>\n<p>L\u2019OLLER\u00cdA 649.375,69 \u20ac<\/p>\n<p>AIELO DE MALFERIT 538.861,48 \u20ac<\/p>\n<p>MONTAVERNER\u00a0 450.628,98 \u20ac<\/p>\n<p>ALFARRAS\u00cd 364.895,48 ~\u20ac<\/p>\n<p>BENISUERA 318.403,38 \u20ac<\/p>\n<p>GUADASS\u00c9QUIES 313.763,70 \u20ac<\/p>\n<p>BELL\u00daS 300.550,01 \u20ac<\/p>\n<p>SEMPERE 282.923,16 \u20ac<\/p>\n<p>________________________________________<\/p>\n<p style=\"text-align: justify;\"><span style=\"color: #003366;\"><strong>Els municipis de La Vall d\u2019Albaida rebran 14,3 milions d&#8217;euros de la Diputaci\u00f3 per a millorar les seues infraestructures i serveis<\/strong><strong><\/strong><\/span><\/p>\n<ul style=\"text-align: justify;\">\n<li><span style=\"color: #003366;\"><strong>El Pla d&#8217;Inversions 2020-21, aprovat en el ple d&#8217;abril, contempla una aportaci\u00f3 de 14.389.644 euros per a la comarca<\/strong><\/span><\/li>\n<li><span style=\"color: #003366;\"><strong>Els ajuntaments i les mancomunitats tindran dos anys per a executar els seus projectes, en un pla amb el major pressupost de la hist\u00f2ria que introdu\u00efx la sostenibilitat mediambiental <\/strong><\/span><\/li>\n<li><span style=\"color: #003366;\"><strong>\u201cEste pla pal\u00b7liar\u00e0 moltes de les febleses hist\u00f2riques dels nostres municipis i afig nous valors com la igualtat i la just\u00edcia social\u201d, assegura el vicepresident Carlos Fern\u00e1ndez Bielsa<\/strong><\/span><\/li>\n<\/ul>\n<p style=\"text-align: justify;\"><span style=\"color: #003366;\"><strong>2\/maig\/2020<\/strong>.- Els municipis de La Vall d\u2019Albaida rebran m\u00e9s de 14,3 milions d&#8217;euros de la Diputaci\u00f3 de Val\u00e8ncia per a millorar les seues infraestructures i serveis. El Pla d&#8217;Inversions 2020-21 de la corporaci\u00f3 provincial, aprovat en el ple d&#8217;abril, contempla una dotaci\u00f3 global de 14.389.644 euros per a la comarca.<\/span><\/p>\n<p style=\"text-align: justify;\"><span style=\"color: #003366;\">Estes quantitats oscil\u00b7len entre el 1.122.552 euros de Ontinyent i els 282.923 euros de Sempere. Al mateix temps, la mancomunitat La Vall d\u2019Albaida t\u00e9 assignats 278.789 euros en el nou Pla d&#8217;Inversions provincial.<\/span><\/p>\n<p style=\"text-align: justify;\"><span style=\"color: #003366;\">El repartiment \u00e9s el resultat d&#8217;una nova f\u00f3rmula que ha tingut en compte els plantejaments d&#8217;anteriors plans com el PPOS i el SOM, integrant criteris nous que busquen refor\u00e7ar valors com la just\u00edcia social, la igualtat i els objectius de desenvolupament sostenible inclosos en l&#8217;Agenda 2030 d&#8217;Europa. D&#8217;esta forma, als par\u00e0metres de poblaci\u00f3, superf\u00edcie, valor marginal, desocupaci\u00f3 i cost efectiu per la prestaci\u00f3 de serveis s&#8217;afigen uns altres com el desenvolupament de plans urbans estrat\u00e8gics, formar part del Pacte d&#8217;Alcaldies pel Clima i l&#8217;Energia, comptar amb litoral mar\u00edtim, l&#8217;esfor\u00e7 fiscal i els plans d&#8217;Igualtat i Mobilitat Urbana.<\/span><\/p>\n<p style=\"text-align: justify;\"><span style=\"color: #003366;\">En paraules del vicepresident i diputat de Cooperaci\u00f3 Municipal i Cohesi\u00f3 Territorial, Carlos Fern\u00e1ndez Bielsa, \u00abeste \u00e9s un pla modern que unifica els programes d&#8217;inversi\u00f3 als nostres pobles, des de la igualtat d&#8217;oportunitats i amb noves iniciatives per a millorar la societat des de la pol\u00edtica\u00bb. Per exemple, l&#8217;aposta decidida per \u00abfomentar models de creixement sostenible i entorns saludables, que es tradu\u00efx a destinar un 10% del pla, 14 milions d&#8217;euros, a incentivar projectes de sanejament, energia neta, innovaci\u00f3 o ciutats intel\u00b7ligents que generen recursos per a avan\u00e7ar cap a un futur millor\u00bb. <\/span><\/p>\n<p style=\"text-align: justify;\"><span style=\"color: #003366;\"><strong>Reactivar l&#8217;economia local<\/strong><\/span><\/p>\n<p style=\"text-align: justify;\"><span style=\"color: #003366;\">El responsable de Cooperaci\u00f3 destaca que el nou Pla d&#8217;Inversions \u00e9s \u00abfruit de l&#8217;esfor\u00e7 i el di\u00e0leg entre totes les \u00e0rees del govern de la Diputaci\u00f3, recollint la sensibilitat d&#8217;alcaldes i alcaldesses amb l&#8217;objectiu de pal\u00b7liar els obstacles i les febleses hist\u00f2riques dels municipis de la prov\u00edncia, especialment dels m\u00e9s xicotets\u00bb.<\/span><\/p>\n<p style=\"text-align: justify;\"><span style=\"color: #003366;\">En la l\u00ednia de la gesti\u00f3 marcada pel president Toni Gaspar, que pret\u00e9n dotar de major liquiditat i autonomia als ens locals treballant conjuntament amb la Generalitat i els ajuntaments, este Pla d&#8217;Inversions basat en l&#8217;objectivitat i l&#8217;equitat comptar\u00e0 amb el major pressupost de la hist\u00f2ria i, com explica el vicepresident Bielsa, responsable de Coordinaci\u00f3 Institucional i Cohesi\u00f3 Territorial, \u00abpermetr\u00e0 que tinguem municipis millor finan\u00e7ats per a afrontar reptes en mat\u00e8ria cultural, benestar, educaci\u00f3, patrimoni i desenvolupament econ\u00f2mic en general\u00bb.<\/span><\/p>\n<p style=\"text-align: justify;\"><span style=\"color: #003366;\">L&#8217;equip de govern provincial ha centrat els seus esfor\u00e7os durant l&#8217;estat d&#8217;alarma a garantir, d&#8217;una banda, la liquiditat dels municipis per a fer front a la crisi de la COVID-19, i per una altra, en la preparaci\u00f3 de l&#8217;escenari posterior a l\u2019estat d&#8217;alarma per a reprendre immediatament l&#8217;activitat, cas de la posada en marxa dels projectes d&#8217;este Pla d&#8217;Inversions que servir\u00e0 per a \u00abreactivar l&#8217;economia dels municipis valencians\u00bb.<\/span><\/p>\n<p style=\"text-align: justify;\"><span style=\"color: #003366;\">El Pla d&#8217;Inversions 2020-21 de la Diputaci\u00f3 de Val\u00e8ncia t\u00e9 una dotaci\u00f3 global de 144 milions d&#8217;euros, dels quals prop de 139 milions es repartiran entre 261 municipis de la prov\u00edncia, al voltant d&#8217;1.250.000 euros entre les 3 entitats locals menors existents i altres 4 milions d&#8217;euros que arribaran a les 25 mancomunitats valencianes, en funci\u00f3 de la seua activitat i els municipis als quals representen. Les 5 grans ciutats, Val\u00e8ncia, Torrent, Paterna, Gandia i Sagunt, comptaran igualment amb ajuda de la Diputaci\u00f3 per a finan\u00e7ar projectes singulars.<\/span><\/p>\n<p style=\"text-align: justify;\">\u00a0\/\/\/\/\/\/\/\/\/\/\/\/\/\/\/\/\/\/\/\/\/\/\/<\/p>\n<p style=\"text-align: justify;\">L\u2019OLLER\u00cdA 649.375,69<\/p>\n<p style=\"text-align: justify;\">AIELO DE MALFERIT 538.861,48<\/p>\n<p style=\"text-align: justify;\">MONTAVERNER\u00a0 450.628,98<\/p>\n<p style=\"text-align: justify;\">ALFARRAS\u00cd 364.895,48<\/p>\n<p style=\"text-align: justify;\">BENISUERA 318.403,38<\/p>\n<p style=\"text-align: justify;\">GUADASS\u00c9QUIES 313.763,70<\/p>\n<p style=\"text-align: justify;\">BELL\u00daS 300.550,01<\/p>\n<p style=\"text-align: justify;\">SEMPERE 282.923,16<\/p>\n","protected":false},"excerpt":{"rendered":"<p>&nbsp; Diputaci\u00f3n de Valencia 2\/5\/2020 Los municipios de La Vall d\u2019Albaida recibir\u00e1n 14,3 millones de euros de la Diputaci\u00f3 para mejorar sus infraestructuras y servicios El Plan de Inversiones 2020-21, aprobado en el pleno de abril, contempla una aportaci\u00f3n de 14.389.644 euros para la comarca Los ayuntamientos y las mancomunidades tendr\u00e1n dos a\u00f1os para ejecutar [&hellip;]<\/p>\n","protected":false},"author":1,"featured_media":0,"comment_status":"closed","ping_status":"open","sticky":false,"template":"","format":"standard","meta":{"_monsterinsights_skip_tracking":false,"_monsterinsights_sitenote_active":false,"_monsterinsights_sitenote_note":"","_monsterinsights_sitenote_category":0},"categories":[171,12],"tags":[],"_links":{"self":[{"href":"http:\/\/www.portaldelolleria.es\/index.php?rest_route=\/wp\/v2\/posts\/25175"}],"collection":[{"href":"http:\/\/www.portaldelolleria.es\/index.php?rest_route=\/wp\/v2\/posts"}],"about":[{"href":"http:\/\/www.portaldelolleria.es\/index.php?rest_route=\/wp\/v2\/types\/post"}],"author":[{"embeddable":true,"href":"http:\/\/www.portaldelolleria.es\/index.php?rest_route=\/wp\/v2\/users\/1"}],"replies":[{"embeddable":true,"href":"http:\/\/www.portaldelolleria.es\/index.php?rest_route=%2Fwp%2Fv2%2Fcomments&post=25175"}],"version-history":[{"count":2,"href":"http:\/\/www.portaldelolleria.es\/index.php?rest_route=\/wp\/v2\/posts\/25175\/revisions"}],"predecessor-version":[{"id":25178,"href":"http:\/\/www.portaldelolleria.es\/index.php?rest_route=\/wp\/v2\/posts\/25175\/revisions\/25178"}],"wp:attachment":[{"href":"http:\/\/www.portaldelolleria.es\/index.php?rest_route=%2Fwp%2Fv2%2Fmedia&parent=25175"}],"wp:term":[{"taxonomy":"category","embeddable":true,"href":"http:\/\/www.portaldelolleria.es\/index.php?rest_route=%2Fwp%2Fv2%2Fcategories&post=25175"},{"taxonomy":"post_tag","embeddable":true,"href":"http:\/\/www.portaldelolleria.es\/index.php?rest_route=%2Fwp%2Fv2%2Ftags&post=25175"}],"curies":[{"name":"wp","href":"https:\/\/api.w.org\/{rel}","templated":true}]}}