{"id":25221,"date":"2020-05-08T22:29:18","date_gmt":"2020-05-08T20:29:18","guid":{"rendered":"http:\/\/www.portaldelolleria.es\/?p=25221"},"modified":"2020-05-08T22:29:18","modified_gmt":"2020-05-08T20:29:18","slug":"este-lunes-lolleria-comienza-la-fase-1-de-desescalada","status":"publish","type":"post","link":"http:\/\/www.portaldelolleria.es\/?p=25221","title":{"rendered":"Este lunes, l&#8217;Olleria comienza la FASE 1 de desescalada"},"content":{"rendered":"<p><a href=\"http:\/\/www.portaldelolleria.es\/wp-content\/uploads\/2020\/05\/fase1.jpg\"><img loading=\"lazy\" class=\"aligncenter size-full wp-image-25222\" title=\"fase1\" src=\"http:\/\/www.portaldelolleria.es\/wp-content\/uploads\/2020\/05\/fase1.jpg\" alt=\"\" width=\"598\" height=\"396\" srcset=\"http:\/\/www.portaldelolleria.es\/wp-content\/uploads\/2020\/05\/fase1.jpg 598w, http:\/\/www.portaldelolleria.es\/wp-content\/uploads\/2020\/05\/fase1-300x198.jpg 300w\" sizes=\"(max-width: 598px) 100vw, 598px\" \/><\/a><\/p>\n<p>&nbsp;<\/p>\n<p style=\"text-align: justify;\">El Gobierno acaba de comunicar las provincias o departamentos sanitarios que pasar\u00e1n el lunes a la fase 1 de la desescalada.\u00a0 En la provincia de Valencia, tan s\u00f3lo tres departamentos estan autorizados a comenzar la fase 1, Requena, Gand\u00eda, y X\u00e0tiva-Ontinyent.\u00a0 La Generalitat hab\u00eda presentado el pasado mi\u00e9rcoles al Ministerio la petici\u00f3n oficial de que toda la Comunitat pasara el pr\u00f3ximo lunes de la fase 0 a la 1, al considerar que todos sus departamentos de salud est\u00e1n en condiciones de hacerlo.<\/p>\n<p style=\"text-align: justify;\">Pero, \u00bfqu\u00e9 actividades est\u00e1n permitidas dentro de la fase 1 de desescalada y qu\u00e9 es lo que no se puede hacer en esta etapa? Aunque las fechas marcadas por el Ejecutivo son orientativas (del 11 al 25 de mayo), el <a href=\"https:\/\/www.lamoncloa.gob.es\/consejodeministros\/resumenes\/Documents\/2020\/PlanTransicionNuevaNormalidad.pdf\" target=\"_blank\">Plan para la Transici\u00f3n hacia la Nueva Normalidad <\/a>recoge que en esta fase inicial se autorizar\u00e1 la apertura parcial de actividades, en particular, \u00abactividades econ\u00f3micas como las de peque\u00f1o comercio con cita previa o servicio en mostrador, restaurantes y cafeter\u00edas con entrega para llevar, actividades en el \u00e1mbito agrario, actividades deportivas, profesionales, alojamientos tur\u00edsticos sin utilizaci\u00f3n de zonas comunes y con restricciones\u00bb, entre otras actividades.<\/p>\n<h2 style=\"text-align: justify;\">Visitas a familia y amigos<\/h2>\n<p style=\"text-align: justify;\">Cuando las comunidades lleguen a esta fase, los ciudadanos podr\u00e1n disfrutar de una mayor libertad de movimiento y menos limitaciones en el contacto social, ya que a partir de entonces, se permitir\u00e1n las <strong>reuniones de un m\u00e1ximo de 10 personas <\/strong>(no tienen por qu\u00e9 ser convivientes) en cualquier lugar \u2014 un domicilio, un bar o la calle \u2014 siempre y cuando se respeten las medidas de prevenci\u00f3n, de higiene de manos y de distanciamiento interpersonal y, cuando no se pudiera cumplir con estas recomendaciones, recurrir al uso de mascarilla. Seg\u00fan detalla el <a href=\"https:\/\/www.ecestaticos.com\/file\/0b6e8e9dd7465ce9cc8bcd8b3499e67a\/1588519535-pdf-completo.pdf\" target=\"_blank\">Bolet\u00edn Oficial del Estado (BOE)<\/a>, solo podr\u00e1n mantener estas reuniones las personas que no sean poblaci\u00f3n de riesgo o las personas vulnerables \u00absiempre que su condici\u00f3n cl\u00ednica est\u00e9 controlada y lo permita, y manteniendo rigurosas medidas de protecci\u00f3n\u00bb.<\/p>\n<p style=\"text-align: justify;\">Adem\u00e1s, tambi\u00e9n se permitir\u00e1n las <strong>visitas a los domicilios de familiares o amigos <\/strong>\u2014 excluyendo las residencias de ancianos \u2014, siempre y cuando se encuentren en la misma provincia o el desplazamiento est\u00e9 debidamente justificado. No as\u00ed para aquellos que presenten s\u00edntomas del covid-19 \u00abo est\u00e9n en aislamiento domiciliario\u00bb.<\/p>\n<h2 style=\"text-align: justify;\">Apertura de bares y terrazas<\/h2>\n<p style=\"text-align: justify;\">Algunos de estos encuentros podr\u00e1n realizarse en bares, cafeter\u00edas o restaurantes, puesto que en la fase 1 ya se reabrir\u00e1n al p\u00fablico, con condiciones. Los establecimientos podr\u00e1n pasar de entregar comida para llevar a abrir por primera vez sus<strong> terrazas en un 50 por ciento de su aforo<\/strong>, con una zona reservada para personas mayores y una distancia de al menos dos metros entre las mesas. En este sentido, el BOE hace un matiz: \u00abEn el caso de que el establecimiento de hosteler\u00eda y restauraci\u00f3n obtuviera el permiso del Ayuntamiento para incrementar la superficie destinada a la terraza, se podr\u00e1n incrementar el n\u00famero de mesas\u00bb. Aparte del n\u00famero de mesas, desde Sanidad lanzan una serie de <strong>directrices para garantizar la correcta higiene del establecimiento<\/strong> de cara a los clientes.<\/p>\n<p style=\"text-align: justify;\">.<\/p>\n<h2 style=\"text-align: justify;\">M\u00e1s de dos personas en el coche<\/h2>\n<p style=\"text-align: justify;\">En la etapa inicial tambi\u00e9n hay mayor flexibilizaci\u00f3n en el uso del coche de tal manera que ya no habr\u00e1 un m\u00e1ximo de dos personas, sino que podr\u00e1n viajar en el mismo veh\u00edculo lo que el mismo permita, <strong>siempre y cuando sean convivientes<\/strong>. Cambia tambi\u00e9n el motivo de los desplazamientos en coche particular, ya que una vez en esta fase, se podr\u00e1 utilizar para desplazarse a visitar a un familiar, para las reuniones con amigos o para acudir a cualquiera de las actividades permitidas en la misma sin necesidad de justificaci\u00f3n. El l\u00edmite en este caso ser\u00e1 la provincia.<\/p>\n<h2 style=\"text-align: justify;\">Compras sin cita previa<\/h2>\n<p style=\"text-align: justify;\">Aunque ya desde el pasado 4 de mayo se reabrieron los locales y establecimientos minoristas de menos de 400 metros cuadrados y con una atenci\u00f3n al cliente individualizada y respetando la distancia interpersonal de dos metros y bajo cita previa, tal y como aparece reflejado en la orden ministerial recogida por el BOE. A partir de la fase 1, sin embargo, se permite la apertura generalizada de los locales y establecimientos comerciales \u00abque no tengan car\u00e1cter de centro o parque comercial\u00bb sin necesidad de cita previa. Adem\u00e1s, <strong>el aforo estar\u00e1 limitado al 30 por ciento<\/strong> y continuando con la distancia de seguridad de dos metros entre clientes y, en caso de que esta medida no se pueda cumplir, solo se permitir\u00e1 la entrada de un cliente por vez.<\/p>\n<p style=\"text-align: justify;\">Tambi\u00e9n se fijar\u00e1 un <strong>horario preferente para los mayores de 65 a\u00f1os <\/strong>y podr\u00e1n volver los mercadillos \u2014 con condiciones de distanciamiento entre puestos, y una limitaci\u00f3n inicial al 25 por ciento de los puestos habituales \u2014 siempre y cuando el ayuntamiento as\u00ed lo autorice. Con todo, la reapertura de centros comerciales no se realizar\u00e1 hasta la fase 2.<\/p>\n<h2 style=\"text-align: justify;\">Pistas abiertas<\/h2>\n<p style=\"text-align: justify;\">Los deportistas no profesionales tambi\u00e9n podr\u00e1n disfrutar de la pr\u00e1ctica de deportes en instalaciones deportivas al aire libre (como pistas de atletismo o tenis), aunque con cita previa, sin p\u00fablico y siempre que sean <strong>actividades que no impliquen contacto f\u00edsico<\/strong>. Adem\u00e1s, se reanudar\u00e1n las \u00abactividades deportivas individuales con previa cita en centros deportivos que no impliquen contacto f\u00edsico ni uso de vestuarios\u00bb.<\/p>\n<h2 style=\"text-align: justify;\">Entierros y velatorios<\/h2>\n<p style=\"text-align: justify;\">\u00abSe autorizan los velatorios en todo tipo de instalaciones, p\u00fablicas o privadas, con un l\u00edmite m\u00e1ximo de <strong>15 personas en espacios al aire libre<\/strong> y <strong>10 personas en espacios cerrados<\/strong>\u00ab, detalla el BOE. En el caso de las cremaciones, se restringe tambi\u00e9n a un m\u00e1ximo de 15 personas (entre familiares y allegados). Tambi\u00e9n se puede acudir a lugares de culto, cumpliendo con un aforo de un tercio del total de su ocupaci\u00f3n y cumpliendo con las medidas de higiene, y la distancia entre los asistentes de dos metros.<\/p>\n<h2 style=\"text-align: justify;\">Servicios sociales<\/h2>\n<p style=\"text-align: justify;\">En este sector habr\u00e1 una \u00abreactivaci\u00f3n progresiva\u00bb, con <strong>atenci\u00f3n prioritaria a los colectivos m\u00e1s desfavorecidos <\/strong>y siempre en funci\u00f3n de las recomendaciones sanitarias establecidas. \u00abEntre ellos, y en atenci\u00f3n a las personas con discapacidad, las terapias de atenci\u00f3n temprana, ocupacionales, de rehabilitaci\u00f3n y psicosociales\u00bb, se\u00f1ala el documento. Tambi\u00e9n se permitir\u00e1 la atenci\u00f3n domiciliaria y seguimiento continuo a personas mayores<strong> \u00abque no vivan en residencias\u00bb<\/strong>.<\/p>\n","protected":false},"excerpt":{"rendered":"<p>&nbsp; El Gobierno acaba de comunicar las provincias o departamentos sanitarios que pasar\u00e1n el lunes a la fase 1 de la desescalada.\u00a0 En la provincia de Valencia, tan s\u00f3lo tres departamentos estan autorizados a comenzar la fase 1, Requena, Gand\u00eda, y X\u00e0tiva-Ontinyent.\u00a0 La Generalitat hab\u00eda presentado el pasado mi\u00e9rcoles al Ministerio la petici\u00f3n oficial de [&hellip;]<\/p>\n","protected":false},"author":1,"featured_media":0,"comment_status":"closed","ping_status":"open","sticky":false,"template":"","format":"standard","meta":{"_monsterinsights_skip_tracking":false,"_monsterinsights_sitenote_active":false,"_monsterinsights_sitenote_note":"","_monsterinsights_sitenote_category":0},"categories":[3,12],"tags":[],"_links":{"self":[{"href":"http:\/\/www.portaldelolleria.es\/index.php?rest_route=\/wp\/v2\/posts\/25221"}],"collection":[{"href":"http:\/\/www.portaldelolleria.es\/index.php?rest_route=\/wp\/v2\/posts"}],"about":[{"href":"http:\/\/www.portaldelolleria.es\/index.php?rest_route=\/wp\/v2\/types\/post"}],"author":[{"embeddable":true,"href":"http:\/\/www.portaldelolleria.es\/index.php?rest_route=\/wp\/v2\/users\/1"}],"replies":[{"embeddable":true,"href":"http:\/\/www.portaldelolleria.es\/index.php?rest_route=%2Fwp%2Fv2%2Fcomments&post=25221"}],"version-history":[{"count":1,"href":"http:\/\/www.portaldelolleria.es\/index.php?rest_route=\/wp\/v2\/posts\/25221\/revisions"}],"predecessor-version":[{"id":25223,"href":"http:\/\/www.portaldelolleria.es\/index.php?rest_route=\/wp\/v2\/posts\/25221\/revisions\/25223"}],"wp:attachment":[{"href":"http:\/\/www.portaldelolleria.es\/index.php?rest_route=%2Fwp%2Fv2%2Fmedia&parent=25221"}],"wp:term":[{"taxonomy":"category","embeddable":true,"href":"http:\/\/www.portaldelolleria.es\/index.php?rest_route=%2Fwp%2Fv2%2Fcategories&post=25221"},{"taxonomy":"post_tag","embeddable":true,"href":"http:\/\/www.portaldelolleria.es\/index.php?rest_route=%2Fwp%2Fv2%2Ftags&post=25221"}],"curies":[{"name":"wp","href":"https:\/\/api.w.org\/{rel}","templated":true}]}}