{"id":25243,"date":"2020-05-14T18:09:20","date_gmt":"2020-05-14T16:09:20","guid":{"rendered":"http:\/\/www.portaldelolleria.es\/?p=25243"},"modified":"2020-05-14T18:09:20","modified_gmt":"2020-05-14T16:09:20","slug":"cfs-lolleria-se-proclama-campeon-y-asciende-a-tercera-division","status":"publish","type":"post","link":"http:\/\/www.portaldelolleria.es\/?p=25243","title":{"rendered":"CFS L&#8217;Olleria, se proclama campe\u00f3n y asciende a tercera divisi\u00f3n."},"content":{"rendered":"<p><a href=\"http:\/\/www.portaldelolleria.es\/wp-content\/uploads\/2020\/05\/futsal16.jpg\"><img loading=\"lazy\" class=\"aligncenter size-full wp-image-25245\" title=\"futsal16\" src=\"http:\/\/www.portaldelolleria.es\/wp-content\/uploads\/2020\/05\/futsal16.jpg\" alt=\"\" width=\"598\" height=\"396\" srcset=\"http:\/\/www.portaldelolleria.es\/wp-content\/uploads\/2020\/05\/futsal16.jpg 598w, http:\/\/www.portaldelolleria.es\/wp-content\/uploads\/2020\/05\/futsal16-300x198.jpg 300w\" sizes=\"(max-width: 598px) 100vw, 598px\" \/><\/a><\/p>\n<p style=\"text-align: justify;\"><span style=\"color: #000000;\"><strong>La\u00a0 Federaci\u00f3n de F\u00fatbol de la Comunidad Valenciana, d\u00e1 por finalizadas las competiciones territoriales de esta temporada.<\/strong> <\/span><\/p>\n<p style=\"text-align: justify;\"><span style=\"color: #000000;\"><strong>CFS L&#8217;Olleria<\/strong>,\u00a0 se proclama <strong>campe\u00f3n de Regional Preferente Grupo I\u00ba<\/strong> y <strong>asciende a tercera divisi\u00f3n<\/strong> gracias al puesto que ocupaba en la jornada 21,\u00a0 cuando se suspendi\u00f3 la competici\u00f3n.\u00a0 <\/span><\/p>\n<p style=\"text-align: justify;\"><span style=\"color: #000000;\">No es la forma ideal de conseguir un ascenso, pero\u00a0 tambi\u00e9n es cierto que durante esas 21 jornadas, fu\u00e9 el equipo que m\u00e1s\u00a0 lo merec\u00eda, resolviendo con encuentros \u00e9picos sus confrontaciones antes rivales directos.\u00a0\u00a0 Enhorabuena\u00a1\u00a1\u00a1<\/span><\/p>\n<p style=\"text-align: justify;\">Por su parte<strong> L&#8217;Olleria CF<\/strong>,\u00a0 finaliza la temporada en la s\u00e9ptima plaza de Preferente Grupo III,\u00a0 por lo que la pr\u00f3xima temporada militar\u00e1 en la misma categor\u00eda.\u00a0\u00a0 Alejado de los puestos de descenso y ascenso,\u00a0 no se v\u00e9 especialmente afectado por la decisi\u00f3n de la FFCV.<\/p>\n<p style=\"text-align: justify;\"><span style=\"color: #000000;\"><strong>la\u00a0Junta Directiva\u00a0de la\u00a0FFCV\u00a0 ha adoptado de forma un\u00e1nime los siguientes acuerdos que deber\u00e1n ser ratificados por la Asamblea General<\/strong><\/span><\/p>\n<ul style=\"text-align: justify;\">\n<li style=\"text-align: justify;\"><span style=\"color: #000000;\">Dar por finalizada la temporada deportiva 2019\/2020 de \u00e1mbito territorial a fecha 14 de marzo, momento en el que se decret\u00f3 el\u00a0<strong>Estado de Alarma<\/strong>\u00a0en\u00a0<strong>Espa\u00f1a<\/strong>, estableciendo el orden de la competici\u00f3n con los resultados de la clasificaci\u00f3n que estaban establecidos en la \u00faltima jornada disputada. Se realizar\u00e1 la clasificaci\u00f3n final y se resolver\u00e1n los posibles empates seg\u00fan los criterios establecidos en el art. 285 del\u00a0<strong>Reglamento General\u00a0<\/strong>de la\u00a0<strong>FFCV<\/strong>. En el caso de que en alg\u00fan grupo hubiera equipos que tuvieran partidos atrasados, pendientes de jugar o cuya composici\u00f3n sea de equipos impares, para establecer la clasificaci\u00f3n se aplicar\u00e1 el criterio del coeficiente, es decir, dividir los puntos obtenidos entre los partidos disputados para determinar su puesto en la clasificaci\u00f3n final.<\/span><\/li>\n<li style=\"text-align: justify;\"><span style=\"color: #000000;\">Que no se produzcan descensos en las categor\u00edas de \u00e1mbito territorial, en coherencia con lo establecido en las competiciones de \u00e1mbito nacional no profesionales.<\/span><\/li>\n<li style=\"text-align: justify;\"><span style=\"color: #000000;\">Que se produzcan los ascensos establecidos mediante las circulares de competici\u00f3n de\u00a0<strong>Futbol<\/strong>\u00a0y\u00a0<strong>F\u00fatbol Sala<\/strong>\u00a0(tanto masculino como femenino), para la temporada 2019\/2020 tanto para aquellos equipos que ascend\u00edan de forma directa como para los equipos que ocupan puestos de promoci\u00f3n de ascenso, siempre en el caso de que su categor\u00eda inmediatamente superior sea de \u00e1mbito territorial.<\/span><\/li>\n<li style=\"text-align: justify;\"><span style=\"color: #000000;\">Las competiciones con promoci\u00f3n de ascenso a competiciones de car\u00e1cter nacional se jugar\u00e1n de la forma prevista, de consenso mayoritario con los clubes afectados, si bien se disputar\u00e1n mediante formato expr\u00e9s y siempre y cuando la autoridad sanitaria competente lo permita y se cumplan los protocolos sanitarios para poder desarrollar la pr\u00e1ctica deportiva, tal y como ha establecido la\u00a0<strong>RFEF<\/strong>\u00a0en las categor\u00edas de \u00e1mbito nacional.<\/span><\/li>\n<li style=\"text-align: justify;\"><span style=\"color: #000000;\">Que no haya descenso de \u00e1rbitros en ninguna categor\u00eda territorial.<\/span><\/li>\n<\/ul>\n<div style=\"text-align: justify;\">_________________________<\/div>\n<p style=\"text-align: justify;\"><strong><span style=\"color: #003366;\">La Federaci\u00f3 de Futbol de la Comunitat Valenciana, d\u00f3na per finalitzades les competicions territorials d&#8217;aquesta temporada.<\/span><\/strong><\/p>\n<p style=\"text-align: justify;\"><span style=\"color: #003366;\"><strong>CFS l&#8217;Olleria, es proclama campe\u00f3 de Regional Preferent Grup I \u00ba i ascendeix a tercera divisi\u00f3<\/strong> gr\u00e0cies a el lloc que ocupava en la jornada 21, quan es va suspendre la competici\u00f3.<\/span><\/p>\n<p style=\"text-align: justify;\"><span style=\"color: #003366;\">No \u00e9s la forma ideal d&#8217;aconseguir un ascens, per\u00f2 tamb\u00e9 \u00e9s cert que durant aquestes 21 jornades, va ser l&#8217;equip que m\u00e9s ho mereixia, resolent amb trobades \u00e8pics seus confrontacions abans rivals directes. Enhorabuena\u00a1\u00a1\u00a1<\/span><\/p>\n<p style=\"text-align: justify;\"><span style=\"color: #003366;\">Per la seua banda<strong> l&#8217;Olleria CF<\/strong>, finalitza la temporada a la setena pla\u00e7a de Preferent Grup III, de manera que la temporada que ve militar\u00e0 en la mateixa categoria. Allunyat dels llocs de descens i ascens, no es veu especialment afectat per la decisi\u00f3 de la FFCV.<\/span><\/p>\n<p style=\"text-align: justify;\"><strong><span style=\"color: #003366;\">la Junta Directiva de la FFCV ha adoptat de forma un\u00e0nime dels seg\u00fcents acords que hauran de ser ratificats per l&#8217;Assemblea General<\/span><\/strong><\/p>\n<p style=\"text-align: justify;\"><span style=\"color: #003366;\">\u00a0\u00a0\u00a0 Donar per finalitzada la temporada esportiva 2019\/2020 d&#8217;\u00e0mbit territorial a data 14 de mar\u00e7, moment en qu\u00e8 es va decretar l&#8217;Estat d&#8217;Alarma a Espanya, establint l&#8217;ordre de la competici\u00f3 amb els resultats de la classificaci\u00f3 que estaven establerts en l&#8217;\u00faltima jornada disputada. Es realitzar\u00e0 la classificaci\u00f3 final i es resoldran els possibles empats segons els criteris establerts en l&#8217;art. 285 de el Reglament General de la FFCV. En el cas que en algun grup hagu\u00e9s equips que tinguessin partits endarrerits, pendents de jugar o la composici\u00f3 sigui d&#8217;equips senars, per establir la classificaci\u00f3 s&#8217;aplicar\u00e0 el criteri de coeficient, \u00e9s a dir, dividir els punts obtinguts entre els partits disputats per determinar el seu lloc en la classificaci\u00f3 final.<\/span><br \/>\n<span style=\"color: #003366;\">\u00a0\u00a0\u00a0 Que no es produeixin descensos en les categories d&#8217;\u00e0mbit territorial, en coher\u00e8ncia amb el que estableixen les competicions d&#8217;\u00e0mbit nacional no professionals.<\/span><br \/>\n<span style=\"color: #003366;\">\u00a0\u00a0\u00a0 Que es produeixin els ascensos establerts mitjan\u00e7ant les circulars de competici\u00f3 de Futbol i Futbol Sala (tant mascul\u00ed com femen\u00ed), per a la temporada 2019\/2020 tant per a aquells equips que ascendien de forma directa com per als equips que ocupen llocs de promoci\u00f3 d&#8217;ascens, sempre en el cas que el seu categoria immediatament superior sigui d&#8217;\u00e0mbit territorial.<\/span><br \/>\n<span style=\"color: #003366;\">\u00a0\u00a0\u00a0 Les competicions amb promoci\u00f3 d&#8217;ascens a competicions de car\u00e0cter nacional es jugaran de la forma prevista, de consens majoritari amb els clubs afectats, si b\u00e9 es disputaran mitjan\u00e7ant format expr\u00e9s i sempre que l&#8217;autoritat sanit\u00e0ria competent ho permeti i es compleixin els protocols sanitaris per poder desenvolupar la pr\u00e0ctica esportiva, tal com ha establert la RFEF en les categories d&#8217;\u00e0mbit nacional.<\/span><br \/>\n<span style=\"color: #003366;\">\u00a0\u00a0\u00a0 Que no hi hagi descens d&#8217;\u00e0rbitres en cap categoria territorial.<\/span><\/p>\n","protected":false},"excerpt":{"rendered":"<p>La\u00a0 Federaci\u00f3n de F\u00fatbol de la Comunidad Valenciana, d\u00e1 por finalizadas las competiciones territoriales de esta temporada. CFS L&#8217;Olleria,\u00a0 se proclama campe\u00f3n de Regional Preferente Grupo I\u00ba y asciende a tercera divisi\u00f3n gracias al puesto que ocupaba en la jornada 21,\u00a0 cuando se suspendi\u00f3 la competici\u00f3n.\u00a0 No es la forma ideal de conseguir un ascenso, [&hellip;]<\/p>\n","protected":false},"author":1,"featured_media":0,"comment_status":"closed","ping_status":"open","sticky":false,"template":"","format":"standard","meta":{"_monsterinsights_skip_tracking":false,"_monsterinsights_sitenote_active":false,"_monsterinsights_sitenote_note":"","_monsterinsights_sitenote_category":0},"categories":[9,12],"tags":[],"_links":{"self":[{"href":"http:\/\/www.portaldelolleria.es\/index.php?rest_route=\/wp\/v2\/posts\/25243"}],"collection":[{"href":"http:\/\/www.portaldelolleria.es\/index.php?rest_route=\/wp\/v2\/posts"}],"about":[{"href":"http:\/\/www.portaldelolleria.es\/index.php?rest_route=\/wp\/v2\/types\/post"}],"author":[{"embeddable":true,"href":"http:\/\/www.portaldelolleria.es\/index.php?rest_route=\/wp\/v2\/users\/1"}],"replies":[{"embeddable":true,"href":"http:\/\/www.portaldelolleria.es\/index.php?rest_route=%2Fwp%2Fv2%2Fcomments&post=25243"}],"version-history":[{"count":1,"href":"http:\/\/www.portaldelolleria.es\/index.php?rest_route=\/wp\/v2\/posts\/25243\/revisions"}],"predecessor-version":[{"id":25246,"href":"http:\/\/www.portaldelolleria.es\/index.php?rest_route=\/wp\/v2\/posts\/25243\/revisions\/25246"}],"wp:attachment":[{"href":"http:\/\/www.portaldelolleria.es\/index.php?rest_route=%2Fwp%2Fv2%2Fmedia&parent=25243"}],"wp:term":[{"taxonomy":"category","embeddable":true,"href":"http:\/\/www.portaldelolleria.es\/index.php?rest_route=%2Fwp%2Fv2%2Fcategories&post=25243"},{"taxonomy":"post_tag","embeddable":true,"href":"http:\/\/www.portaldelolleria.es\/index.php?rest_route=%2Fwp%2Fv2%2Ftags&post=25243"}],"curies":[{"name":"wp","href":"https:\/\/api.w.org\/{rel}","templated":true}]}}