{"id":25247,"date":"2020-05-10T20:36:31","date_gmt":"2020-05-10T18:36:31","guid":{"rendered":"http:\/\/www.portaldelolleria.es\/?p=25247"},"modified":"2020-05-15T11:12:34","modified_gmt":"2020-05-15T09:12:34","slug":"el-plan-reactivem-lolleria-invertira-600-000-e-en-impulsar-la-economia-local","status":"publish","type":"post","link":"http:\/\/www.portaldelolleria.es\/?p=25247","title":{"rendered":"El plan Reactivem l&#8217;Olleria invertir\u00e1, 600.000 \u20ac en impulsar la econom\u00eda local."},"content":{"rendered":"<p style=\"text-align: justify;\"><a href=\"http:\/\/www.portaldelolleria.es\/wp-content\/uploads\/2020\/05\/ajuntament.jpg\"><img loading=\"lazy\" class=\"aligncenter size-full wp-image-25253\" title=\"ajuntament\" src=\"http:\/\/www.portaldelolleria.es\/wp-content\/uploads\/2020\/05\/ajuntament.jpg\" alt=\"\" width=\"598\" height=\"395\" srcset=\"http:\/\/www.portaldelolleria.es\/wp-content\/uploads\/2020\/05\/ajuntament.jpg 598w, http:\/\/www.portaldelolleria.es\/wp-content\/uploads\/2020\/05\/ajuntament-300x198.jpg 300w\" sizes=\"(max-width: 598px) 100vw, 598px\" \/><\/a><em>ComarcalTV,\u00a0 8\/5\/2020<\/em><\/p>\n<p style=\"text-align: justify;\">Alrededor de 600.000 euros invertir\u00e1 el equipo de gobierno de l&#8217;Oller\u00eda en el plan Reactivem l&#8217;Oller\u00eda para impulsar la econom\u00eda local con una serie de medidas econ\u00f3micas y sociales divididas en cuatro l\u00edneas de acci\u00f3n.<\/p>\n<p style=\"text-align: justify;\">Un presupuesto que se divide en 130.000 euros en acciones de servicios sociales; 110.000 euros dirigidos a aut\u00f3nomos y pymes; 110.000 para el sector comercial y hostelero y 250.000 euros para la construcci\u00f3n y empresas afines.<\/p>\n<p style=\"text-align: justify;\">Un plan pensando para activar y recuperar la actividad del municipio en todos los \u00e1mbitos y en todos los sectores pero desde el inicio de la crisis ya con la declaraci\u00f3n del Estado de Alarma, el Ayuntamiento de l&#8217;Olleria ha estado siempre al lado de los m\u00e1s desfavorecidos, introduciendo todo tipo de medidas sociales como la agilizaci\u00f3n de los procesos en las ayudas de emergencia.<\/p>\n<p style=\"text-align: justify;\">Tambi\u00e9n desde el minuto cero, en tema de salud p\u00fablica, la concejal\u00eda de Servicios Municipales no ha parado de limpiar y desinfectar las zonas m\u00e1s transitadas del pueblo, zonas sensibles, contenedores y calles en general para evitar la propagaci\u00f3n o contagio de la Covidien-19 . Y como no, el ayuntamiento tambi\u00e9n ha garantizado la seguridad de sus vecinos con el reparto de kits de protecci\u00f3n para cada una de las casas y mascarillas, tambi\u00e9n para los m\u00e1s peque\u00f1os.<\/p>\n<p style=\"text-align: justify;\">Y no han faltado equipos de protecci\u00f3n para los comercios, algunos de ellos ya han podido abrir el pasado lunes y otros lo har\u00e1n la pr\u00f3xima semana. En total el Ayuntamiento ha dado 50 pantallas faciales protectoras a los comerciantes para que puedan atender a sus clientes de forma segura.<\/p>\n<p>____________________________<\/p>\n<p style=\"text-align: justify;\"><span style=\"color: #003366;\">Al voltant de 600.000 euros invertir\u00e0 l\u2019equip de govern de l\u2019Olleria al pla Reactivem l\u2019Olleria per impulsar l\u2019economia local amb tot un seguit de mesures econ\u00f2miques i socials dividides en quatre l\u00ednies d\u2019acci\u00f3.<\/span><\/p>\n<p style=\"text-align: justify;\"><span style=\"color: #003366;\">Un pressupost que es divideix en 130.000 euros en accions de serveis socials; 110.000 euros dirigits a aut\u00f2noms i pimes; 110.000 per al sector comercial i hostaler i 250.000 euros per a la construcci\u00f3 i empreses afins.<\/span><\/p>\n<p style=\"text-align: justify;\"><span style=\"color: #003366;\">Un pla pensant per activar i recuperar l\u2019activitat del municipi en tots els \u00e0mbits i en tots els sectors per\u00f2 des de l\u2019inici de la crisi ja amb la declaraci\u00f3 de l\u2019Estat d\u2019Alarma, l\u2019Ajuntament de l\u2019Olleria ha estat sempre al costat dels m\u00e9s desfavorits, introduint tot tipus de mesures socials com l\u2019agilitzaci\u00f3 dels processos en les ajudes d\u2019emerg\u00e8ncia.<\/span><\/p>\n<p style=\"text-align: justify;\"><span style=\"color: #003366;\">Tamb\u00e9 des del minut zero, en tema de salut p\u00fablica, la regidoria de Servicis Municipals no ha parat de netejar i desinfectar les zones m\u00e9s transitades del poble, zones sensibles, contenidors i carrers en general per evitar la propagaci\u00f3 o contagi de la Covid-19. I com no, l\u2019ajuntament tamb\u00e9 ha garantit la seguretat dels seus ve\u00efns amb el repartiment de kits de protecci\u00f3 per cadascuna de les cases i mascaretes, tamb\u00e9 per als m\u00e9s menuts.<\/span><\/p>\n<p style=\"text-align: justify;\"><span style=\"color: #003366;\">I no han faltat equips de protecci\u00f3 per als comer\u00e7os, alguns d\u2019ells ja han pogut obrir el passat dilluns i altres ho faran la setmana que ve. En total l\u2019Ajuntament ha donat 50 pantalles facials protectores als comerciants perqu\u00e8 puguen atendre als seus clients de forma segura.<\/span><\/p>\n<p><iframe loading=\"lazy\" src=\"http:\/\/www.comarcal.tv\/video\/080520olleria.mp4\" width=\"598\" height=\"369\"><\/iframe><\/p>\n","protected":false},"excerpt":{"rendered":"<p>ComarcalTV,\u00a0 8\/5\/2020 Alrededor de 600.000 euros invertir\u00e1 el equipo de gobierno de l&#8217;Oller\u00eda en el plan Reactivem l&#8217;Oller\u00eda para impulsar la econom\u00eda local con una serie de medidas econ\u00f3micas y sociales divididas en cuatro l\u00edneas de acci\u00f3n. Un presupuesto que se divide en 130.000 euros en acciones de servicios sociales; 110.000 euros dirigidos a aut\u00f3nomos [&hellip;]<\/p>\n","protected":false},"author":1,"featured_media":0,"comment_status":"closed","ping_status":"open","sticky":false,"template":"","format":"standard","meta":{"_monsterinsights_skip_tracking":false,"_monsterinsights_sitenote_active":false,"_monsterinsights_sitenote_note":"","_monsterinsights_sitenote_category":0},"categories":[171,12],"tags":[],"_links":{"self":[{"href":"http:\/\/www.portaldelolleria.es\/index.php?rest_route=\/wp\/v2\/posts\/25247"}],"collection":[{"href":"http:\/\/www.portaldelolleria.es\/index.php?rest_route=\/wp\/v2\/posts"}],"about":[{"href":"http:\/\/www.portaldelolleria.es\/index.php?rest_route=\/wp\/v2\/types\/post"}],"author":[{"embeddable":true,"href":"http:\/\/www.portaldelolleria.es\/index.php?rest_route=\/wp\/v2\/users\/1"}],"replies":[{"embeddable":true,"href":"http:\/\/www.portaldelolleria.es\/index.php?rest_route=%2Fwp%2Fv2%2Fcomments&post=25247"}],"version-history":[{"count":5,"href":"http:\/\/www.portaldelolleria.es\/index.php?rest_route=\/wp\/v2\/posts\/25247\/revisions"}],"predecessor-version":[{"id":25256,"href":"http:\/\/www.portaldelolleria.es\/index.php?rest_route=\/wp\/v2\/posts\/25247\/revisions\/25256"}],"wp:attachment":[{"href":"http:\/\/www.portaldelolleria.es\/index.php?rest_route=%2Fwp%2Fv2%2Fmedia&parent=25247"}],"wp:term":[{"taxonomy":"category","embeddable":true,"href":"http:\/\/www.portaldelolleria.es\/index.php?rest_route=%2Fwp%2Fv2%2Fcategories&post=25247"},{"taxonomy":"post_tag","embeddable":true,"href":"http:\/\/www.portaldelolleria.es\/index.php?rest_route=%2Fwp%2Fv2%2Ftags&post=25247"}],"curies":[{"name":"wp","href":"https:\/\/api.w.org\/{rel}","templated":true}]}}