{"id":25275,"date":"2020-05-18T18:56:16","date_gmt":"2020-05-18T16:56:16","guid":{"rendered":"http:\/\/www.portaldelolleria.es\/?p=25275"},"modified":"2020-05-18T18:57:34","modified_gmt":"2020-05-18T16:57:34","slug":"reapertura-del-mercadillo-municipal","status":"publish","type":"post","link":"http:\/\/www.portaldelolleria.es\/?p=25275","title":{"rendered":"Reapertura del Mercadillo municipal"},"content":{"rendered":"<p><a href=\"http:\/\/www.portaldelolleria.es\/wp-content\/uploads\/2020\/05\/mercat1.jpg\"><img loading=\"lazy\" class=\"aligncenter size-full wp-image-25277\" title=\"mercat\" src=\"http:\/\/www.portaldelolleria.es\/wp-content\/uploads\/2020\/05\/mercat1.jpg\" alt=\"\" width=\"598\" height=\"395\" srcset=\"http:\/\/www.portaldelolleria.es\/wp-content\/uploads\/2020\/05\/mercat1.jpg 598w, http:\/\/www.portaldelolleria.es\/wp-content\/uploads\/2020\/05\/mercat1-300x198.jpg 300w\" sizes=\"(max-width: 598px) 100vw, 598px\" \/><\/a><\/p>\n<p>&nbsp;<\/p>\n<p style=\"text-align: justify;\"><span style=\"color: #888888;\"><em>Ajuntament de l&#8217;Olleria, 18\/5\/2020<\/em><\/span><\/p>\n<p style=\"text-align: justify;\"><strong>Reapertura del Mercadillo municipal<\/strong><\/p>\n<p style=\"text-align: justify;\">De acuerdo con la Orden SND\/399\/2020, del 9 de mayo, del Ministerio de Sanidad, desde el Ayuntamiento de L&#8217;Olleria se procede a la reapertura del Mercado Municipal, los jueves en el lugar habitual i siguiendo las siguientes indicaciones:<\/p>\n<p style=\"text-align: justify;\">&#8211; Se realizar\u00e1 una limpieza y desinfecci\u00f3n constante de los puestos y de los materiales de protecci\u00f3n.<br \/>\n&#8211; Dentro de un mismo lugar las personas vendedoras tendr\u00e1n que guardar una distancia de 2 metros entre ellos, quedando restringida la actividad a un solo vendedor en caso de que las medidas del lugar no hagan posible esta separaci\u00f3n.<br \/>\n&#8211; Los vendedores tendr\u00e1n que llevar mascarilla y guantes de protecci\u00f3n y deber\u00e1n de contar con gel hidroalcoh\u00f2lic para los clientes.<br \/>\n&#8211; Cada lugar de venta dispondr\u00e1 de su propio dispositivo de recogida de residuos de acceso con pedal.<br \/>\n&#8211; La distancia entre lugares de venta ser\u00e1 de 2 metros m\u00ednimo y la de las personas que acudan al Mercado tambi\u00e9n.<br \/>\n&#8211; El tiempo de permanencia en los establecimientos ser\u00e1 el estrictamente necesario.<br \/>\n&#8211; Los clientes no podr\u00e1n manipular directamente los productos.<br \/>\n&#8211; En los establecimientos del sector textil solo, una persona a la vez, podr\u00e1 utilizar los probadores y ser desinfectados despu\u00e9s de cada uso.<\/p>\n<p style=\"text-align: justify;\">Si todos colaboramos podemos evitar posibles contagios.<\/p>\n<p style=\"text-align: justify;\">_______________________<\/p>\n<p style=\"text-align: justify;\"><span style=\"color: #003366;\"><strong>Reobertura del Mercat ambulant municipal<\/strong><\/span><\/p>\n<p style=\"text-align: justify;\"><span style=\"color: #003366;\">D&#8217;acord amb l&#8217;Ordre SND\/399\/2020, del 9 de maig, del Ministeri de Sanitat, des de l&#8217;Ajuntament de L&#8217;Olleria es procedeix a la reobertura del Mercat Municipal, el dijous al lloc de costum i seguint les seg\u00fcents indicacions:<\/span><\/p>\n<p style=\"text-align: justify;\"><span style=\"color: #003366;\">&#8211; Es realitzar\u00e0 una neteja i desinfecci\u00f3 constant de les paradetes i dels materials de protecci\u00f3.<\/span><br \/>\n<span style=\"color: #003366;\"> &#8211; Dins d&#8217;un mateix lloc les persones venedores hauran de guardar una dist\u00e0ncia de 2 metres entre ells, quedant restringida l&#8217;activitat a un sol venedor en cas que les mesures del lloc no facen possible aquesta separaci\u00f3.<\/span><br \/>\n<span style=\"color: #003366;\"> &#8211; Els venedors hauran de dur mascareta i guants de protecci\u00f3 i deuran comptar amb gel hidroalcoh\u00f2lic per als clients.<\/span><br \/>\n<span style=\"color: #003366;\"> &#8211; Cada lloc de venda disposar\u00e0 del seu propi dispositiu de recollida de residus d&#8217;acc\u00e9s amb pedal.<\/span><br \/>\n<span style=\"color: #003366;\"> &#8211; La dist\u00e0ncia entre llocs de venda ser\u00e0 de 2 metres m\u00ednim i la de les persones que acudisquen al Mercat tamb\u00e9.<\/span><br \/>\n<span style=\"color: #003366;\"> &#8211; El temps de perman\u00e8ncia en els establiments ser\u00e0 l&#8217;estrictament necessari.<\/span><br \/>\n<span style=\"color: #003366;\"> &#8211; Els clients no podran manipular directament els productes.<\/span><br \/>\n<span style=\"color: #003366;\"> &#8211; En els establiments del sector t\u00e8xtil sols una persona a la vegada podr\u00e0 utilitzar els emprovadors i ser desinfectats despr\u00e9s de cada \u00fas.<\/span><\/p>\n<p style=\"text-align: justify;\"><span style=\"color: #003366;\">Si tots col\u00b7laborem podem evitar possibles contagis<\/span><\/p>\n","protected":false},"excerpt":{"rendered":"<p>&nbsp; Ajuntament de l&#8217;Olleria, 18\/5\/2020 Reapertura del Mercadillo municipal De acuerdo con la Orden SND\/399\/2020, del 9 de mayo, del Ministerio de Sanidad, desde el Ayuntamiento de L&#8217;Olleria se procede a la reapertura del Mercado Municipal, los jueves en el lugar habitual i siguiendo las siguientes indicaciones: &#8211; Se realizar\u00e1 una limpieza y desinfecci\u00f3n constante [&hellip;]<\/p>\n","protected":false},"author":1,"featured_media":0,"comment_status":"closed","ping_status":"open","sticky":false,"template":"","format":"standard","meta":{"_monsterinsights_skip_tracking":false,"_monsterinsights_sitenote_active":false,"_monsterinsights_sitenote_note":"","_monsterinsights_sitenote_category":0},"categories":[171,12],"tags":[],"_links":{"self":[{"href":"http:\/\/www.portaldelolleria.es\/index.php?rest_route=\/wp\/v2\/posts\/25275"}],"collection":[{"href":"http:\/\/www.portaldelolleria.es\/index.php?rest_route=\/wp\/v2\/posts"}],"about":[{"href":"http:\/\/www.portaldelolleria.es\/index.php?rest_route=\/wp\/v2\/types\/post"}],"author":[{"embeddable":true,"href":"http:\/\/www.portaldelolleria.es\/index.php?rest_route=\/wp\/v2\/users\/1"}],"replies":[{"embeddable":true,"href":"http:\/\/www.portaldelolleria.es\/index.php?rest_route=%2Fwp%2Fv2%2Fcomments&post=25275"}],"version-history":[{"count":2,"href":"http:\/\/www.portaldelolleria.es\/index.php?rest_route=\/wp\/v2\/posts\/25275\/revisions"}],"predecessor-version":[{"id":25279,"href":"http:\/\/www.portaldelolleria.es\/index.php?rest_route=\/wp\/v2\/posts\/25275\/revisions\/25279"}],"wp:attachment":[{"href":"http:\/\/www.portaldelolleria.es\/index.php?rest_route=%2Fwp%2Fv2%2Fmedia&parent=25275"}],"wp:term":[{"taxonomy":"category","embeddable":true,"href":"http:\/\/www.portaldelolleria.es\/index.php?rest_route=%2Fwp%2Fv2%2Fcategories&post=25275"},{"taxonomy":"post_tag","embeddable":true,"href":"http:\/\/www.portaldelolleria.es\/index.php?rest_route=%2Fwp%2Fv2%2Ftags&post=25275"}],"curies":[{"name":"wp","href":"https:\/\/api.w.org\/{rel}","templated":true}]}}