{"id":25289,"date":"2020-05-20T20:02:20","date_gmt":"2020-05-20T18:02:20","guid":{"rendered":"http:\/\/www.portaldelolleria.es\/?p=25289"},"modified":"2020-05-20T20:09:32","modified_gmt":"2020-05-20T18:09:32","slug":"primero-cambios-en-lolleria-cf-para-la-proxima-temporada","status":"publish","type":"post","link":"http:\/\/www.portaldelolleria.es\/?p=25289","title":{"rendered":"Primeros cambios en l&#8217;Olleria CF para la pr\u00f3xima temporada"},"content":{"rendered":"<p><a href=\"http:\/\/www.portaldelolleria.es\/wp-content\/uploads\/2020\/05\/tecnicos.jpg\"><img loading=\"lazy\" class=\"aligncenter size-full wp-image-25290\" title=\"tecnicos\" src=\"http:\/\/www.portaldelolleria.es\/wp-content\/uploads\/2020\/05\/tecnicos.jpg\" alt=\"\" width=\"598\" height=\"405\" srcset=\"http:\/\/www.portaldelolleria.es\/wp-content\/uploads\/2020\/05\/tecnicos.jpg 598w, http:\/\/www.portaldelolleria.es\/wp-content\/uploads\/2020\/05\/tecnicos-300x203.jpg 300w\" sizes=\"(max-width: 598px) 100vw, 598px\" \/><\/a><\/p>\n<p style=\"text-align: justify;\"><strong>L\u00b4Oller\u00eda CF, que finaliz\u00f3\u00a0 como s\u00e9ptimo clasificado en el Grupo III de la Regional Preferente<\/strong>,\u00a0 iniciar\u00e1 un nuevo proyecto para\u00a0 la pr\u00f3xima temporada 2020\/21 en el que no entran ni el entrenador ni el segundo t\u00e9cnico.<\/p>\n<p style=\"text-align: justify;\">El primero que deja su puesto de entrenador ser\u00e1\u00a0<strong> Juanjo Antol\u00ed<\/strong>, lleg\u00f3 al Club el 12 de junio de 2018,\u00a0 bajo su direcci\u00f3n, el equipo consigui\u00f3 un 10\u00ba puesto en la campa\u00f1a anterior y el 7\u00ba en la presente que finaliz\u00f3 precipitadamente.\u00a0 El de Bocairent se caracteriz\u00f3 por convertir La Solana en uno de los campos m\u00e1s dificiles para los rivales esta temporada.<\/p>\n<p style=\"text-align: justify;\">A esta baja se suma la de un \u00abhombre de la casa\u00bb,\u00a0\u00a0 <strong>Toni\u00a0 S\u00e1nchez<\/strong>,\u00a0 que ha comunicado su intenci\u00f3n de no seguir en el puesto.\u00a0\u00a0 La falta de tiempo debido a sus compromisos tanto laborales como deportivos, le obligan a centrar esfuerzos, entre ellos\u00a0 la Coordinaci\u00f3n de todo el Futbol Base de l&#8217;Olleria.<\/p>\n<p style=\"text-align: justify;\">Son las dos primeras bajas que implica una remodelaci\u00f3n\u00a0 en el banquillo con todas las consecuencias que se derivan.<\/p>\n<p style=\"text-align: justify;\"><strong>Comunicado Oficial de L\u2019Olleria C.F.<\/strong><\/p>\n<p style=\"text-align: justify;\">Desde el club queremos comunicar la continuidad de la Directiva para afrontar la temporada que viene, estamos reestructurando el organigrama interno para lo que va a ser una nueva temporada incierta en preferente;<\/p>\n<p style=\"text-align: justify;\">La primera noticia es la no continuidad del segundo entrenador Toni S\u00e1nchez, Toni hombre de la casa, ex-judador de L\u2019Olleria C.F y coordinador de la Escuela de futbol base de L\u2019Olleria nos ha comunicado no continuar la temporada que viene\u00a0 por asuntos personales de trabajo y por falta de tiempo para desempe\u00f1ar el a\u00f1o que viene dicha funci\u00f3n, desde aqu\u00ed agradecerle sus servicios y sabemos que esto no es un adi\u00f3s es un hasta luego.<\/p>\n<p style=\"text-align: justify;\">El segundo punto es comunicar la no continuidad de Juanjo Antol\u00ed que ven\u00eda siendo\u00a0 el entrenador del primer equipo estas dos \u00faltimas temporadas, no ha sido una decisi\u00f3n f\u00e1cil por parte del club, ya que Juanjo ha demostrado ser un gran profesional, un gran entrenador, sacrificado y hombre de club, de verdad no podemos decir nada negativo de \u00e9l.<\/p>\n<p style=\"text-align: justify;\">\u00abDesde aqu\u00ed desearte lo mejor en tus nuevos retos y decirte que est\u00e1 siempre ser\u00e1 tu casa, muchas gracias por todo Juanjo\u00bb.<\/p>\n<p style=\"text-align: justify;\">___________________________<\/p>\n<p style=\"text-align: justify;\"><strong><span style=\"color: #003366;\">L&#8217;Olleria CF, que va finalitzar com a set\u00e8 classificat en el Grup III de la Regional Preferent, iniciar\u00e0 un nou projecte per a la temporada 2020\/21 en el qual no entren ni l&#8217;entrenador ni el segon t\u00e8cnic.<\/span><\/strong><\/p>\n<p style=\"text-align: justify;\"><span style=\"color: #003366;\">El primer que deixa el seu lloc d&#8217;entrenador ser\u00e0 <strong>Juanjo Antol\u00ed<\/strong>, portava dues temporades al Club, sota la seva direcci\u00f3, l&#8217;equip va aconseguir un 10\u00e8 lloc en la campanya anterior i el 7\u00e8 en la present que va finalitzar precipitadament. El de Bocairent es va caracteritzar per convertir la Solana en un dels camps m\u00e9s dif\u00edcils per als rivals aquesta temporada.<\/span><\/p>\n<p style=\"text-align: justify;\"><span style=\"color: #003366;\">A aquesta baixa se suma la d&#8217;un \u00abhome de la casa\u00bb, <strong>Toni S\u00e1nchez<\/strong>, que ha comunicat la seva intenci\u00f3 de no seguir en el lloc. La manca de temps a causa dels seus compromisos tant laborals com esportius, l&#8217;obliguen a centrar esfor\u00e7os. Entre ells la Coordinaci\u00f3 de tot el Futbol Base de l&#8217;Olleria.<\/span><\/p>\n<p style=\"text-align: justify;\"><span style=\"color: #003366;\">S\u00f3n les dues primera baixes que implica una remodelaci\u00f3 a la banqueta amb totes les conseq\u00fc\u00e8ncies que se&#8217;n deriven.<\/span><\/p>\n<p style=\"text-align: justify;\"><strong><span style=\"color: #003366;\">Comunicat Oficial de l&#8217;Olleria C.F.<\/span><\/strong><\/p>\n<p style=\"text-align: justify;\"><span style=\"color: #003366;\">Des del club volem comunicar la continu\u00eftat de la Directiva per afrontar la temporada que ve, estem reestructurant l&#8217;organigrama intern per al que ser\u00e0 una nova temporada incerta en preferent;<\/span><\/p>\n<p style=\"text-align: justify;\"><span style=\"color: #003366;\">La primera not\u00edcia \u00e9s la no continu\u00eftat de l&#8217;segon entrenador Toni S\u00e1nchez, Toni home de la casa, ex-judador de l&#8217;Olleria CF i coordinador de l&#8217;Escola de futbol base de l&#8217;Olleria ens ha comunicat no continuar la temporada vinent per assumptes personals de treball i per falta de temps per exercir l&#8217;any que ve aquesta funci\u00f3, des d&#8217;aqu\u00ed agrair els seus serveis i sabem que aix\u00f2 no \u00e9s un ad\u00e9u \u00e9s un fins despr\u00e9s.<\/span><\/p>\n<p style=\"text-align: justify;\"><span style=\"color: #003366;\">El segon punt \u00e9s comunicar la no continu\u00eftat de Juanjo Antol\u00ed que venia sent l&#8217;entrenador del primer equip aquestes dues \u00faltimes temporades, no ha estat una decisi\u00f3 f\u00e0cil per part de club, ja que Juanjo ha demostrat ser un gran professional, un gran entrenador, sacrificat i home de club, de veritat no podem dir res negatiu d&#8217;ell.<\/span><\/p>\n<p style=\"text-align: justify;\"><span style=\"color: #003366;\">\u00abDes d&#8217;aqu\u00ed desitjar-te el millor en els teus nous reptes i dir-te que est\u00e0 sempre ser\u00e0 casa teva, moltes gr\u00e0cies per tot Juanjo\u00bb.<\/span><\/p>\n","protected":false},"excerpt":{"rendered":"<p>L\u00b4Oller\u00eda CF, que finaliz\u00f3\u00a0 como s\u00e9ptimo clasificado en el Grupo III de la Regional Preferente,\u00a0 iniciar\u00e1 un nuevo proyecto para\u00a0 la pr\u00f3xima temporada 2020\/21 en el que no entran ni el entrenador ni el segundo t\u00e9cnico. El primero que deja su puesto de entrenador ser\u00e1\u00a0 Juanjo Antol\u00ed, lleg\u00f3 al Club el 12 de junio de [&hellip;]<\/p>\n","protected":false},"author":1,"featured_media":0,"comment_status":"closed","ping_status":"open","sticky":false,"template":"","format":"standard","meta":{"_monsterinsights_skip_tracking":false,"_monsterinsights_sitenote_active":false,"_monsterinsights_sitenote_note":"","_monsterinsights_sitenote_category":0},"categories":[9,12],"tags":[],"_links":{"self":[{"href":"http:\/\/www.portaldelolleria.es\/index.php?rest_route=\/wp\/v2\/posts\/25289"}],"collection":[{"href":"http:\/\/www.portaldelolleria.es\/index.php?rest_route=\/wp\/v2\/posts"}],"about":[{"href":"http:\/\/www.portaldelolleria.es\/index.php?rest_route=\/wp\/v2\/types\/post"}],"author":[{"embeddable":true,"href":"http:\/\/www.portaldelolleria.es\/index.php?rest_route=\/wp\/v2\/users\/1"}],"replies":[{"embeddable":true,"href":"http:\/\/www.portaldelolleria.es\/index.php?rest_route=%2Fwp%2Fv2%2Fcomments&post=25289"}],"version-history":[{"count":8,"href":"http:\/\/www.portaldelolleria.es\/index.php?rest_route=\/wp\/v2\/posts\/25289\/revisions"}],"predecessor-version":[{"id":25298,"href":"http:\/\/www.portaldelolleria.es\/index.php?rest_route=\/wp\/v2\/posts\/25289\/revisions\/25298"}],"wp:attachment":[{"href":"http:\/\/www.portaldelolleria.es\/index.php?rest_route=%2Fwp%2Fv2%2Fmedia&parent=25289"}],"wp:term":[{"taxonomy":"category","embeddable":true,"href":"http:\/\/www.portaldelolleria.es\/index.php?rest_route=%2Fwp%2Fv2%2Fcategories&post=25289"},{"taxonomy":"post_tag","embeddable":true,"href":"http:\/\/www.portaldelolleria.es\/index.php?rest_route=%2Fwp%2Fv2%2Ftags&post=25289"}],"curies":[{"name":"wp","href":"https:\/\/api.w.org\/{rel}","templated":true}]}}