{"id":25312,"date":"2020-05-22T10:11:32","date_gmt":"2020-05-22T08:11:32","guid":{"rendered":"http:\/\/www.portaldelolleria.es\/?p=25312"},"modified":"2020-05-22T17:34:11","modified_gmt":"2020-05-22T15:34:11","slug":"jose-jaime-alemany-dirigira-a-lolleria-cf-la-proxima-temporada","status":"publish","type":"post","link":"http:\/\/www.portaldelolleria.es\/?p=25312","title":{"rendered":"Jose Jaime Alemany, dirigir\u00e1 a l&#8217;Olleria CF, la pr\u00f3xima temporada."},"content":{"rendered":"<p><a href=\"http:\/\/www.portaldelolleria.es\/wp-content\/uploads\/2020\/05\/josealemany6.jpg\"><img loading=\"lazy\" class=\"aligncenter size-full wp-image-25324\" title=\"josealemany\" src=\"http:\/\/www.portaldelolleria.es\/wp-content\/uploads\/2020\/05\/josealemany6.jpg\" alt=\"\" width=\"598\" height=\"398\" srcset=\"http:\/\/www.portaldelolleria.es\/wp-content\/uploads\/2020\/05\/josealemany6.jpg 598w, http:\/\/www.portaldelolleria.es\/wp-content\/uploads\/2020\/05\/josealemany6-300x199.jpg 300w\" sizes=\"(max-width: 598px) 100vw, 598px\" \/><\/a><\/p>\n<p style=\"text-align: justify;\"><strong>L&#8217;Olleria CF, apuesta por \u00abhombres de la casa\u00bb, para dirigir el \u00abbanquillo\u00bb de la pr\u00f3xima temporada.<\/strong><\/p>\n<p style=\"text-align: justify;\"><strong>Jos\u00e9 Jaime Alemany<\/strong> (38 a\u00f1os), ser\u00e1 el nuevo entrenador,\u00a0 tras su paso por el equipo de su pueblo, Bellreguard, al que deja ascendido a primera regional.\u00a0 El ex-jugador\u00a0 que lleg\u00f3 al equipo en la temporada 2014-15,\u00a0 particip\u00f3 de forma activa en el \u00e9pico ascenso de hace dos temporadas siendo una de las piezas fundamentales en aquella haza\u00f1a.\u00a0\u00a0 Conoce el vestuario y a buen seguro aportar\u00e1 otra visi\u00f3n m\u00e1s ambiciosa al juego del equipo.<\/p>\n<p style=\"text-align: justify;\">Su segundo , que a la vez tambi\u00e9n ser\u00e1 el preparador f\u00edsico, es <strong>Roberto Carlos Navarro<\/strong>,\u00a0 formado en todas las categor\u00edas del futbol base de l&#8217;Olleria,\u00a0 y con un amplio bagaje en importantes equipos como preparador f\u00edsico\u00a0 y como t\u00e9cnico.<\/p>\n<p style=\"text-align: justify;\"><a href=\"http:\/\/www.portaldelolleria.es\/wp-content\/uploads\/2020\/05\/josealemany5.jpg\"><img loading=\"lazy\" class=\"aligncenter size-full wp-image-25321\" title=\"josealemany5\" src=\"http:\/\/www.portaldelolleria.es\/wp-content\/uploads\/2020\/05\/josealemany5.jpg\" alt=\"\" width=\"598\" height=\"217\" srcset=\"http:\/\/www.portaldelolleria.es\/wp-content\/uploads\/2020\/05\/josealemany5.jpg 598w, http:\/\/www.portaldelolleria.es\/wp-content\/uploads\/2020\/05\/josealemany5-300x108.jpg 300w\" sizes=\"(max-width: 598px) 100vw, 598px\" \/><\/a><\/p>\n<p style=\"text-align: justify;\"><strong>Felipe Salamanca<\/strong>,\u00a0 seguir\u00e1 en su puesto,\u00a0 entrenador de porteros,\u00a0 con lo que seguir\u00e1 compartiendo toda su experiencia,\u00a0 tanto con los porteros del primer equipo, como todos los de las categor\u00edas base.<\/p>\n<p style=\"text-align: justify;\"><a href=\"http:\/\/www.portaldelolleria.es\/wp-content\/uploads\/2020\/05\/josealemany4.jpg\"><img loading=\"lazy\" class=\"aligncenter size-full wp-image-25322\" title=\"josealemany4\" src=\"http:\/\/www.portaldelolleria.es\/wp-content\/uploads\/2020\/05\/josealemany4.jpg\" alt=\"\" width=\"598\" height=\"247\" srcset=\"http:\/\/www.portaldelolleria.es\/wp-content\/uploads\/2020\/05\/josealemany4.jpg 598w, http:\/\/www.portaldelolleria.es\/wp-content\/uploads\/2020\/05\/josealemany4-300x123.jpg 300w\" sizes=\"(max-width: 598px) 100vw, 598px\" \/><\/a><\/p>\n<p style=\"text-align: justify;\"><strong>Comunicado oficial de L\u2019Olleria C.F<\/strong><\/p>\n<p style=\"text-align: justify;\"><em>Hoy queremos presentar al nuevo cuerpo t\u00e9cnico para la pr\u00f3xima temporada 2020\/21 en la Regional preferente.<\/em><br \/>\n<em> L\u2019Olleria cf ha llegado a un acuerdo con el ex-jugador del club Jose Jaime Alemany para que dirija el a\u00f1o que viene la primera plantilla.<\/em><br \/>\n<em> El de Bellreguard ha defendido durante 5 a\u00f1os la camiseta rojiblanca y fue uno de los hombres clave en el ascenso a Regional Preferente, como jugador ha estado en varios equipos en preferente y en otras categor\u00edas En Preferente: UD Oliva, Tavernes, Carcaixent, UE Gandia, en 3a Divisi\u00f3n:, Ontinyent CF, Gandia CF, CD Denia, Catarroja CF, En 2aB, Villajoyosa CF, CD Denia.<\/em><br \/>\n<em> Como entrenador la temporada pasada ascendi\u00f3 al Bellreguard a la primera regional.<\/em><\/p>\n<p style=\"text-align: justify;\"><em>Como Segundo entrenador y preparador f\u00edsico hemos contado con una persona de la casa y con mucha experiencia, se trata de Roberto Carlos, ex-jugador del club desde categor\u00edas infantil hasta el senior y con una amplia experiencia en los banquillos, EEMMFF L\u2019Olleria: todas las categor\u00edas, Benig\u00e0nim en preferente de preparador f\u00edsico, Carlet preferente de preparador f\u00edsico, X\u00e0tiva FB entrenador del primer equipo, Benig\u00e0nim Segundo entrenador 3a divisi\u00f3n, FEBO cadete, Muro preferente segundo entrenador, Dragon Force entrenador 2a regional, y por \u00faltimo como entrenador de porteros continuar\u00e1 una temporada m\u00e1s Felipe Salamanca que viene haciendo un trabajo extraordinario tanto en las escuelas deportivas como en el primer equipo.<\/em><\/p>\n<p style=\"text-align: justify;\"><em>De parte de toda la directiva les damos la bienvenida y les deseamos mucha suerte<\/em><\/p>\n<p>_______________________________________<\/p>\n<p style=\"text-align: justify;\"><span style=\"color: #003366;\">L&#8217;Olleria CF, aposta per \u00abhomes de la casa\u00bb, per dirigir el \u00abbanqueta\u00bb de la propera temporada.<\/span><\/p>\n<p style=\"text-align: justify;\"><span style=\"color: #003366;\">Jos\u00e9 Jaime Alemany (38 anys), ser\u00e0 el nou entrenador, despr\u00e9s del seu pas per l&#8217;equip del seu poble, Bellreguard, a qu\u00e8 deixa ascendit a primera regional. L&#8217;ex-jugador que va arribar a l&#8217;equip en la temporada 2014-15, va participar de manera activa en l&#8217;\u00e8pic ascens de fa dues temporades sent una de les peces fonamentals en aquella gesta. Coneix el vestuari i de ben segur aportar\u00e0 una altra visi\u00f3 m\u00e9s ambiciosa a el joc de l&#8217;equip.<\/span><\/p>\n<p style=\"text-align: justify;\"><span style=\"color: #003366;\">El seu segon, que alhora tamb\u00e9 ser\u00e0 el preparador f\u00edsic, ser\u00e0 Roberto Carlos Navarro, format en totes les categories de futbol base de l&#8217;Olleria, i amb un ampli bagatge en importants equips com a preparador f\u00edsicio.<\/span><\/p>\n<p style=\"text-align: justify;\"><span style=\"color: #003366;\">Felip Salamanca, seguir\u00e0 en el seu lloc, perfeccionant a tots els porters del planter i entrenant als del primer equip.<\/span><\/p>\n<p style=\"text-align: justify;\"><strong><span style=\"color: #003366;\">Comunicat oficial de l&#8217;Olleria C.F<\/span><\/strong><\/p>\n<p style=\"text-align: justify;\"><span style=\"color: #003366;\"><em>Hui volem presentar a el nou cos t\u00e8cnic per a la temporada 2020\/21 en la Regional preferent.<\/em><\/span><br \/>\n<span style=\"color: #003366;\"><em>L&#8217;Olleria cf ha arribat a un acord amb l&#8217;ex-jugador de el club Jose Jaime Alemany perqu\u00e8 dirigeixi l&#8217;any que ve la primera plantilla.<\/em><\/span><br \/>\n<span style=\"color: #003366;\"><em>El de Bellreguard ha defensat durant 5 anys la samarreta blanca i vermella i va ser un dels homes clau en l&#8217;ascens a Regional Preferent, com a jugador ha estat en diversos equips en preferent i en altres categories A Preferent: UD Oliva, Tavernes, Carcaixent, UE Gandia , en 3a Divisi\u00f3 :, Ontinyent CF, Gandia CF, CD D\u00e9nia, Catarroja CF, a 2aB, la Vila Joiosa CF, CD D\u00e9nia.<\/em><\/span><br \/>\n<span style=\"color: #003366;\"><em>Com a entrenador la temporada passada va ascendir a l&#8217;Bellreguard a la primera regional.<\/em><\/span><\/p>\n<p style=\"text-align: justify;\"><span style=\"color: #003366;\"><em>Com Segon entrenador i preparador f\u00edsic hem comptat amb una persona de la casa i amb molta experi\u00e8ncia, es tracta de Roberto Carlos, ex-jugador de el club des categories infantil fins al s\u00e8nior i amb una \u00e0mplia experi\u00e8ncia a les banquetes, EEMMFF l&#8217;Olleria: totes les categories, Benig\u00e0nim en preferent de preparador f\u00edsic, Carlet preferent de preparador f\u00edsic, X\u00e0tiva FB entrenador del primer equip, Benig\u00e0nim segon entrenador 3a divisi\u00f3, FEBO cadet, Muro preferent segon entrenador, Dragon Force entrenador 2a regional, i finalment com a entrenador de porters continuar\u00e0 una temporada m\u00e9s Felipe Salamanca que ve fent una feina extraordin\u00e0ria tant a les escoles esportives com en el primer equip.<\/em><\/span><\/p>\n<p style=\"text-align: justify;\"><span style=\"color: #003366;\"><em>De part de tota la directiva els donem la benvinguda i els desitgem molta sort<\/em><\/span><\/p>\n","protected":false},"excerpt":{"rendered":"<p>L&#8217;Olleria CF, apuesta por \u00abhombres de la casa\u00bb, para dirigir el \u00abbanquillo\u00bb de la pr\u00f3xima temporada. Jos\u00e9 Jaime Alemany (38 a\u00f1os), ser\u00e1 el nuevo entrenador,\u00a0 tras su paso por el equipo de su pueblo, Bellreguard, al que deja ascendido a primera regional.\u00a0 El ex-jugador\u00a0 que lleg\u00f3 al equipo en la temporada 2014-15,\u00a0 particip\u00f3 de forma [&hellip;]<\/p>\n","protected":false},"author":1,"featured_media":0,"comment_status":"closed","ping_status":"open","sticky":false,"template":"","format":"standard","meta":{"_monsterinsights_skip_tracking":false,"_monsterinsights_sitenote_active":false,"_monsterinsights_sitenote_note":"","_monsterinsights_sitenote_category":0},"categories":[9,12],"tags":[],"_links":{"self":[{"href":"http:\/\/www.portaldelolleria.es\/index.php?rest_route=\/wp\/v2\/posts\/25312"}],"collection":[{"href":"http:\/\/www.portaldelolleria.es\/index.php?rest_route=\/wp\/v2\/posts"}],"about":[{"href":"http:\/\/www.portaldelolleria.es\/index.php?rest_route=\/wp\/v2\/types\/post"}],"author":[{"embeddable":true,"href":"http:\/\/www.portaldelolleria.es\/index.php?rest_route=\/wp\/v2\/users\/1"}],"replies":[{"embeddable":true,"href":"http:\/\/www.portaldelolleria.es\/index.php?rest_route=%2Fwp%2Fv2%2Fcomments&post=25312"}],"version-history":[{"count":10,"href":"http:\/\/www.portaldelolleria.es\/index.php?rest_route=\/wp\/v2\/posts\/25312\/revisions"}],"predecessor-version":[{"id":25329,"href":"http:\/\/www.portaldelolleria.es\/index.php?rest_route=\/wp\/v2\/posts\/25312\/revisions\/25329"}],"wp:attachment":[{"href":"http:\/\/www.portaldelolleria.es\/index.php?rest_route=%2Fwp%2Fv2%2Fmedia&parent=25312"}],"wp:term":[{"taxonomy":"category","embeddable":true,"href":"http:\/\/www.portaldelolleria.es\/index.php?rest_route=%2Fwp%2Fv2%2Fcategories&post=25312"},{"taxonomy":"post_tag","embeddable":true,"href":"http:\/\/www.portaldelolleria.es\/index.php?rest_route=%2Fwp%2Fv2%2Ftags&post=25312"}],"curies":[{"name":"wp","href":"https:\/\/api.w.org\/{rel}","templated":true}]}}