{"id":25343,"date":"2020-05-26T21:27:18","date_gmt":"2020-05-26T19:27:18","guid":{"rendered":"http:\/\/www.portaldelolleria.es\/?p=25343"},"modified":"2020-05-26T21:27:18","modified_gmt":"2020-05-26T19:27:18","slug":"las-brigadas-forestales-de-la-diputacio-retoman-sus-trabajos-de-silvicultura-para-prevenir-incendios","status":"publish","type":"post","link":"http:\/\/www.portaldelolleria.es\/?p=25343","title":{"rendered":"Las brigadas forestales de la Diputaci\u00f3 retoman sus trabajos de silvicultura para prevenir incendios"},"content":{"rendered":"<p><a href=\"http:\/\/www.portaldelolleria.es\/wp-content\/uploads\/2020\/05\/unsu0630.jpg\"><img loading=\"lazy\" class=\"aligncenter size-full wp-image-25344\" title=\"unsu0630\" src=\"http:\/\/www.portaldelolleria.es\/wp-content\/uploads\/2020\/05\/unsu0630.jpg\" alt=\"\" width=\"598\" height=\"400\" srcset=\"http:\/\/www.portaldelolleria.es\/wp-content\/uploads\/2020\/05\/unsu0630.jpg 598w, http:\/\/www.portaldelolleria.es\/wp-content\/uploads\/2020\/05\/unsu0630-300x200.jpg 300w\" sizes=\"(max-width: 598px) 100vw, 598px\" \/><\/a><span style=\"color: #808080;\"><em>Diputaci\u00f3n de Valencia, 26\/5\/2020<\/em><\/span><\/p>\n<p style=\"text-align: justify;\">Desde el 21 de abril, las brigadas de Divalterra se han dedicado a labores de vigilancia en el monte valenciano con el objetivo de detectar incendios forestales, coincidiendo con el levantamiento de la prohibici\u00f3n de quemas agr\u00edcolas<\/p>\n<div>\n<p style=\"text-align: justify;\">Las brigadas forestales de la Diputaci\u00f3 de Val\u00e8ncia retoman este martes 26 de mayo su plan de trabajo habitual de prevenci\u00f3n de incendios mediante labores de silvicultura preventiva. El retorno de los efectivos de Divalterra implica la reanudaci\u00f3n de las actuaciones incluidas en el Plan de Trabajo anual para 2020, elaborado a partir de las peticiones que los ayuntamientos hacen llegar a la empresa de la Diputaci\u00f3.<\/p>\n<p style=\"text-align: justify;\">La decisi\u00f3n fue acordada durante un encuentro de trabajo en el que estuvieron presentes el secretario auton\u00f3mico de Seguridad y Emergencias de la Generalitat Valenciana, Jos\u00e9 Mar\u00eda \u00c1ngel, el presidente de la Diputaci\u00f3 de Val\u00e8ncia, Toni Gaspar, la vicepresidenta de la Diputaci\u00f3 y diputada de Medio Ambiente, Maria Josep Amig\u00f3, y responsables del Consorcio Provincial de Bomberos y Divalterra.<\/p>\n<p style=\"text-align: justify;\"><strong>Vigilancia durante el per\u00edodo de quemas<\/strong><\/p>\n<p style=\"text-align: justify;\">Desde el pasado 21 de abril las brigadas forestales se han dedicado a labores de vigilancia en el monte valenciano con el objetivo de detectar incendios forestales en su fase inicial y reducir al m\u00e1ximo el tiempo de respuesta.<\/p>\n<p style=\"text-align: justify;\">La reincorporaci\u00f3n de los brigadistas, que hasta ese d\u00eda permanecieron confinados en sus domicilios y movilizables para casos de emergencia desde el inicio del estado de alarma, se realiz\u00f3 como consecuencia del levantamiento de la prohibici\u00f3n de las quemas agr\u00edcolas por parte de la Direcci\u00f3n General de Prevenci\u00f3n de Incendios Forestales de la Generalitat.<\/p>\n<p style=\"text-align: justify;\">Durante este per\u00edodo, las brigadas de Divalterra han contabilizado cerca de 30 movilizaciones de emergencia, entre incendios forestales, retirada de \u00e1rboles ca\u00eddos y comprobaciones de humo.<\/p>\n<p style=\"text-align: justify;\"><strong>Plan de trabajo<\/strong><\/p>\n<p style=\"text-align: justify;\">Las principales tareas silv\u00edcolas que vuelven a formar parte del d\u00eda a d\u00eda de las brigadas forestales se centran en la adecuaci\u00f3n de zonas de uso p\u00fablico y de interfaz urbano-forestal, la apertura y mantenimiento de fajas auxiliares y \u00e1reas cortafuegos, y actuaciones en el entorno de pistas forestales, cauces y barrancos.<\/p>\n<p style=\"text-align: justify;\">La valoraci\u00f3n y priorizaci\u00f3n de estos trabajos se lleva a cabo desde una comisi\u00f3n de seguimiento en la que est\u00e1n representados el Consorcio Provincial de Bomberos, el servicio de Medio Ambiente de la Diputaci\u00f3 de Val\u00e8ncia y el servicio de Brigadas Forestales de Divalterra.<\/p>\n<p style=\"text-align: justify;\">En cuanto a los domingos y festivos, adem\u00e1s de los d\u00edas en que se establezca el nivel de preemergencia 3 por riesgo extremo de incendios forestales, las brigadas realizar\u00e1n exclusivamente labores de vigilancia, tanto desde los puntos fijos de alta visibilidad como a trav\u00e9s de rutas dise\u00f1adas a tal efecto.<\/p>\n<p style=\"text-align: justify;\"><strong>Medidas sanitarias especiales <\/strong><\/p>\n<p style=\"text-align: justify;\">Con motivo de la crisis sanitaria provocada por la COVID-19, se ha instaurado un protocolo especial de trabajo que recoge medidas para la protecci\u00f3n de la salud del colectivo de brigadistas y la minimizaci\u00f3n del riesgo de contagio, adem\u00e1s de las directrices para la utilizaci\u00f3n de las herramientas de trabajo y elementos de protecci\u00f3n individual (EPI\u2019s).<\/p>\n<p style=\"text-align: justify;\">En este sentido, Divalterra ha facilitado a toda la plantilla de brigadistas elementos de protecci\u00f3n como mascarillas y gel hidroalcoh\u00f3lico, y ha adquirido el material necesario para la desinfecci\u00f3n de veh\u00edculos, maquinaria y herramientas.<\/p>\n<\/div>\n","protected":false},"excerpt":{"rendered":"<p>Diputaci\u00f3n de Valencia, 26\/5\/2020 Desde el 21 de abril, las brigadas de Divalterra se han dedicado a labores de vigilancia en el monte valenciano con el objetivo de detectar incendios forestales, coincidiendo con el levantamiento de la prohibici\u00f3n de quemas agr\u00edcolas Las brigadas forestales de la Diputaci\u00f3 de Val\u00e8ncia retoman este martes 26 de mayo [&hellip;]<\/p>\n","protected":false},"author":1,"featured_media":0,"comment_status":"closed","ping_status":"open","sticky":false,"template":"","format":"standard","meta":{"_monsterinsights_skip_tracking":false,"_monsterinsights_sitenote_active":false,"_monsterinsights_sitenote_note":"","_monsterinsights_sitenote_category":0},"categories":[3,12],"tags":[],"_links":{"self":[{"href":"http:\/\/www.portaldelolleria.es\/index.php?rest_route=\/wp\/v2\/posts\/25343"}],"collection":[{"href":"http:\/\/www.portaldelolleria.es\/index.php?rest_route=\/wp\/v2\/posts"}],"about":[{"href":"http:\/\/www.portaldelolleria.es\/index.php?rest_route=\/wp\/v2\/types\/post"}],"author":[{"embeddable":true,"href":"http:\/\/www.portaldelolleria.es\/index.php?rest_route=\/wp\/v2\/users\/1"}],"replies":[{"embeddable":true,"href":"http:\/\/www.portaldelolleria.es\/index.php?rest_route=%2Fwp%2Fv2%2Fcomments&post=25343"}],"version-history":[{"count":1,"href":"http:\/\/www.portaldelolleria.es\/index.php?rest_route=\/wp\/v2\/posts\/25343\/revisions"}],"predecessor-version":[{"id":25345,"href":"http:\/\/www.portaldelolleria.es\/index.php?rest_route=\/wp\/v2\/posts\/25343\/revisions\/25345"}],"wp:attachment":[{"href":"http:\/\/www.portaldelolleria.es\/index.php?rest_route=%2Fwp%2Fv2%2Fmedia&parent=25343"}],"wp:term":[{"taxonomy":"category","embeddable":true,"href":"http:\/\/www.portaldelolleria.es\/index.php?rest_route=%2Fwp%2Fv2%2Fcategories&post=25343"},{"taxonomy":"post_tag","embeddable":true,"href":"http:\/\/www.portaldelolleria.es\/index.php?rest_route=%2Fwp%2Fv2%2Ftags&post=25343"}],"curies":[{"name":"wp","href":"https:\/\/api.w.org\/{rel}","templated":true}]}}