{"id":25372,"date":"2020-05-30T11:27:36","date_gmt":"2020-05-30T09:27:36","guid":{"rendered":"http:\/\/www.portaldelolleria.es\/?p=25372"},"modified":"2020-05-30T11:30:01","modified_gmt":"2020-05-30T09:30:01","slug":"lunes-1-de-junio-fase-2","status":"publish","type":"post","link":"http:\/\/www.portaldelolleria.es\/?p=25372","title":{"rendered":"Lunes 1 de junio  FASE 2"},"content":{"rendered":"<p><img loading=\"lazy\" class=\"aligncenter size-full wp-image-25374\" title=\"fase2\" src=\"http:\/\/www.portaldelolleria.es\/wp-content\/uploads\/2020\/05\/fase2.jpg\" alt=\"\" width=\"598\" height=\"396\" srcset=\"http:\/\/www.portaldelolleria.es\/wp-content\/uploads\/2020\/05\/fase2.jpg 598w, http:\/\/www.portaldelolleria.es\/wp-content\/uploads\/2020\/05\/fase2-300x198.jpg 300w\" sizes=\"(max-width: 598px) 100vw, 598px\" \/><\/p>\n<p>&nbsp;<\/p>\n<p style=\"text-align: justify;\">A partir del lunes, l&#8217;Olleria como\u00a0 buena parte del territorio estar\u00e1 en la <strong>Fase 2 de la desescalada.<\/strong> Esto abre la puerta a una serie de actividades y horarios permitidos, aunque en todos habr\u00e1 <strong>normas de control y prevenci\u00f3n, sobre todo de la distancia llamada social.<\/strong><\/p>\n<h3 style=\"text-align: justify;\"><\/h3>\n<h3 style=\"text-align: justify;\">\u00bfQu\u00e9 se puede hacer en fase 2 de desescalada?<\/h3>\n<p style=\"text-align: justify;\">Cuando un territorio cambia de fase debe permanecer como m\u00ednimo dos semanas en la misma. La Comunidad Valencia, por ejemplo, seguir\u00e1 m\u00e1s tiempo porque no ha solicitado el paso de fase 1 a la 2 por prevenci\u00f3n<\/p>\n<p style=\"text-align: justify;\">El nuevo avance se aprecia, sobre todo, en las <strong>formas de relaci\u00f3n social y en sus ambitos.<\/strong><\/p>\n<h3 style=\"text-align: justify;\"><strong>Franjas horarias y visitas a residencias de mayores <\/strong><\/h3>\n<p style=\"text-align: justify;\"><strong>En la Fase 2 de la desescalada,<\/strong> por ejemplo, <strong>desaparecen las franjas horarias<\/strong> para regular la salida de ni\u00f1os y mayores, los menores de 14 a\u00f1os podr\u00e1n realizar sus paseos diarios acompa\u00f1ados de cualquier persona que conviva con ellos, y no necesariamente un adulto. <strong>Se podr\u00e1n visitar de nuevo viviendas tuteladas y residencias de personas con discapacidad. <\/strong>En este caso la visita ser\u00e1 de una persona por residente, y con equipos de protecci\u00f3n. Tambi\u00e9n se permitir\u00e1n las<strong> visitas a residencias de ancianos, <\/strong>aunque en casos excepcionales. Entre ellos, el peligro de fallecimiento.<\/p>\n<h3 style=\"text-align: justify;\">Colegios y Universidad en la Fase 2 de desescalada<\/h3>\n<p style=\"text-align: justify;\">Se permite la <strong>apertura de los centros educativos y universitarios<\/strong> para su desinfecci\u00f3n, acondicionamiento y funciones administrativas. Podr\u00e1n <strong>acudir a clase de forma voluntaria <\/strong>alumnos de cuarto de ESO, segundo de Bachillerato y segundo de Formaci\u00f3n Profesional. Tambien se abrir\u00e1n las residencias para investigadores.<\/p>\n<h3 style=\"text-align: justify;\">Misas, bodas y entierros en Fase 2<\/h3>\n<p style=\"text-align: justify;\">El aforo de los lugares de culto<strong> se ampl\u00eda al 50%.<\/strong> Tambi\u00e9n las <strong>bodas<\/strong>, con la misma limitacion de aforo, y en todo caso, 100 personas al aire libre o 50 en espacios cerrados. En los <strong>entierros<\/strong>la asistencia se limita a 25 personas y en velatorios, 25 personas en espacios al aire libre o 15 en espacios cerrados. En todos los casos se deben<strong> mantener las distancia<\/strong>s de seguridad.<\/p>\n<h3 style=\"text-align: justify;\">Deportes, playas y piscinas en Fase 2<\/h3>\n<p style=\"text-align: justify;\">Se podr\u00e1n visitar las <strong>playas <\/strong>para hacer deporte, trabajar o pasear, pero de manera <strong>individual y sin contacto f\u00edsico<\/strong>. Tambien podr\u00e1n abrir las <strong>piscinas<\/strong>, convenientemente desinfectadas, con un aforo del 30%, turnos, cita previa y dos metros de separaci\u00f3n entre ba\u00f1istas.<\/p>\n<p style=\"text-align: justify;\">El deporte de base se podr\u00e1 realizar a <strong>cualquier hora<\/strong>, salvo de 10 a 12 y de 19 a 20 horas, reservadas a personas de m\u00e1s de 70 a\u00f1os. Se abrir\u00e1n las <strong>instalaciones deportivas cubiertas,<\/strong> con cita previa y al 30 % de su capacidad. Las<strong> competiciones profesionales <\/strong>podr\u00e1n reanudarse a puerta cerrada.<\/p>\n<h3 style=\"text-align: justify;\">Bares y restaurantes en Fase 2 de desescalada<\/h3>\n<p style=\"text-align: justify;\"><strong>Los bares y restaurantes podr\u00e1n empezar a atender en sus locales<\/strong>, con un m\u00e1ximo del 40% del aforo y dos metros de distancia entre mesas. Los <strong>hoteles <\/strong>podr\u00e1n abrir al p\u00fablico sus zonas comunes, pero con un tercio del aforo.<strong> No abren todav\u00eda discotecas o locales de ocio nocturno<\/strong> permanecer\u00e1n cerrados durante esta fase.<\/p>\n<h3 style=\"text-align: justify;\">Centros comerciales en la Fase 2 de desescalada<\/h3>\n<p style=\"text-align: justify;\">Podr\u00e1n abrir sus <strong>zonas comunes al 30% de su capacidad<\/strong>, pero sin m\u00e1s utilizaci\u00f3n que el tr\u00e1nsito. Los <strong>locales <\/strong>comerciales tendr\u00e1n un aforo del 40 %.<\/p>\n<h3 style=\"text-align: justify;\">Sector cultural en la Fase 2 de la desescalada<\/h3>\n<p style=\"text-align: justify;\">Las <strong>salas de exposiciones<\/strong> pueden abrir con un tercio del aforo. Los<strong> cines, teatros y auditorios,<\/strong> tambi\u00e9n con el mismo aforo, butacas preasignadas y normas de seguridad. En <strong>actos culturales diversos,<\/strong> l\u00edmite de 50 personas, o 400 si al aire libre. Las bibliotecas tambi\u00e9n podr\u00e1n abrir con un tercio de aforo, al igual que los <strong>monumentos<\/strong>.<\/p>\n<p>&nbsp;<\/p>\n<p><a href=\"https:\/\/www.mscbs.gob.es\/profesionales\/saludPublica\/ccayes\/alertasActual\/nCov-China\/documentos\/Plan_Transicion_Guia_Fase_2.pdf\" target=\"_blank\"><img loading=\"lazy\" class=\"aligncenter size-full wp-image-25373\" title=\"fase2b\" src=\"http:\/\/www.portaldelolleria.es\/wp-content\/uploads\/2020\/05\/fase2b.jpg\" alt=\"\" width=\"554\" height=\"202\" srcset=\"http:\/\/www.portaldelolleria.es\/wp-content\/uploads\/2020\/05\/fase2b.jpg 554w, http:\/\/www.portaldelolleria.es\/wp-content\/uploads\/2020\/05\/fase2b-300x109.jpg 300w\" sizes=\"(max-width: 554px) 100vw, 554px\" \/><\/a><\/p>\n","protected":false},"excerpt":{"rendered":"<p>&nbsp; A partir del lunes, l&#8217;Olleria como\u00a0 buena parte del territorio estar\u00e1 en la Fase 2 de la desescalada. Esto abre la puerta a una serie de actividades y horarios permitidos, aunque en todos habr\u00e1 normas de control y prevenci\u00f3n, sobre todo de la distancia llamada social. \u00bfQu\u00e9 se puede hacer en fase 2 de [&hellip;]<\/p>\n","protected":false},"author":1,"featured_media":0,"comment_status":"closed","ping_status":"open","sticky":false,"template":"","format":"standard","meta":{"_monsterinsights_skip_tracking":false,"_monsterinsights_sitenote_active":false,"_monsterinsights_sitenote_note":"","_monsterinsights_sitenote_category":0},"categories":[3,12],"tags":[],"_links":{"self":[{"href":"http:\/\/www.portaldelolleria.es\/index.php?rest_route=\/wp\/v2\/posts\/25372"}],"collection":[{"href":"http:\/\/www.portaldelolleria.es\/index.php?rest_route=\/wp\/v2\/posts"}],"about":[{"href":"http:\/\/www.portaldelolleria.es\/index.php?rest_route=\/wp\/v2\/types\/post"}],"author":[{"embeddable":true,"href":"http:\/\/www.portaldelolleria.es\/index.php?rest_route=\/wp\/v2\/users\/1"}],"replies":[{"embeddable":true,"href":"http:\/\/www.portaldelolleria.es\/index.php?rest_route=%2Fwp%2Fv2%2Fcomments&post=25372"}],"version-history":[{"count":4,"href":"http:\/\/www.portaldelolleria.es\/index.php?rest_route=\/wp\/v2\/posts\/25372\/revisions"}],"predecessor-version":[{"id":25378,"href":"http:\/\/www.portaldelolleria.es\/index.php?rest_route=\/wp\/v2\/posts\/25372\/revisions\/25378"}],"wp:attachment":[{"href":"http:\/\/www.portaldelolleria.es\/index.php?rest_route=%2Fwp%2Fv2%2Fmedia&parent=25372"}],"wp:term":[{"taxonomy":"category","embeddable":true,"href":"http:\/\/www.portaldelolleria.es\/index.php?rest_route=%2Fwp%2Fv2%2Fcategories&post=25372"},{"taxonomy":"post_tag","embeddable":true,"href":"http:\/\/www.portaldelolleria.es\/index.php?rest_route=%2Fwp%2Fv2%2Ftags&post=25372"}],"curies":[{"name":"wp","href":"https:\/\/api.w.org\/{rel}","templated":true}]}}