{"id":25411,"date":"2020-06-12T18:19:27","date_gmt":"2020-06-12T16:19:27","guid":{"rendered":"http:\/\/www.portaldelolleria.es\/?p=25411"},"modified":"2020-06-12T18:22:04","modified_gmt":"2020-06-12T16:22:04","slug":"el-lunes-15-de-junio-entramos-en-fase-3","status":"publish","type":"post","link":"http:\/\/www.portaldelolleria.es\/?p=25411","title":{"rendered":"El lunes 15 de junio, entramos en fase 3"},"content":{"rendered":"<p><a href=\"http:\/\/www.portaldelolleria.es\/wp-content\/uploads\/2020\/06\/olleria2.jpg\"><img loading=\"lazy\" class=\"aligncenter size-full wp-image-25412\" title=\"olleria2\" src=\"http:\/\/www.portaldelolleria.es\/wp-content\/uploads\/2020\/06\/olleria2.jpg\" alt=\"\" width=\"598\" height=\"401\" srcset=\"http:\/\/www.portaldelolleria.es\/wp-content\/uploads\/2020\/06\/olleria2.jpg 598w, http:\/\/www.portaldelolleria.es\/wp-content\/uploads\/2020\/06\/olleria2-300x201.jpg 300w\" sizes=\"(max-width: 598px) 100vw, 598px\" \/><\/a><\/p>\n<p><strong>El pr\u00f3ximo lunes 15 de junio, la Comunidad Valencia, entra en la fase 3 de la \u00abdesescalada\u00bb<\/strong>,\u00a0 la pregunta ahora \u00e9s:\u00a0 \u00bfqu\u00e9 se puede hacer en la tercera fase que no se pudiese en la segunda?<\/p>\n<p>&nbsp;<\/p>\n<p>Para empezar se ampl\u00eda el n\u00famero de personas que se pueden reunir as\u00ed como el aforo en lugares de culto o bares. ++<\/p>\n<h2>Grupos de hasta 20 personas<\/h2>\n<p>Se eliminan todas las franjas horarias y se permiten grupos de hasta 20 personas.<\/p>\n<h2>Bares y restaurantes<\/h2>\n<p>Podr\u00e1n reabrir los establecimientos de hosteler\u00eda, restauraci\u00f3n y discotecas y bares de ocio nocturno, para <strong>consumo en el local<\/strong> y siempre que no se supere el 50 % de su aforo. Se permite consumir de pie <strong>en la barra <\/strong>siempre que se garantice una separaci\u00f3n m\u00ednima de 2 metros entre los clientes.<\/p>\n<p>En las <strong>terrazas <\/strong>al aire libre, el aforo se limitar\u00e1 al<strong> 75% de las mesas permitidas<\/strong>, con una ocupaci\u00f3n m\u00e1xima de 20 personas. En las discotecas y bares de copas no estar\u00e1 permitido bailar.<\/p>\n<h2>Bodas, velatorios y lugares de culto<\/h2>\n<p>Las <strong>bodas <\/strong>podr\u00e1n celebrarse con un n\u00famero m\u00e1ximo de <strong>150 asistentes al aire libre y 75 en espacios cerrados.<\/strong> Eso s\u00ed, nunca se podr\u00e1 superar<strong> el 75% del aforo <\/strong>de la instalaciones.<\/p>\n<p>Los <strong>velatorios <\/strong>se podr\u00e1n celebrar con un <strong>m\u00e1ximo de 50 personas<\/strong> en la <strong>Fase 3 de desescalada<\/strong> si son al aire libre y de 25 si se celebran en espacios cerrados, mientras que para el enterramiento o despedida para cremaci\u00f3n se restringe a 50 personas.<\/p>\n<p>Asimismo, se permitir\u00e1 la asistencia a <strong>lugares de culto siempre que no se supere el 75%<\/strong> de su aforo, si bien la capacidad m\u00e1xima se tendr\u00e1 que publicar en lugar visible y se deber\u00e1n cumplir las medidas generales de seguridad e higiene establecidas por las autoridades sanitarias.<\/p>\n<h2>\u00c1mbito laboral<\/h2>\n<p>En cuanto al \u00e1mbito laboral, durante la <strong>Fase 3<\/strong> se establecer\u00e1n<strong> protocolos de reincorporaci\u00f3n <\/strong>presencial a las empresas (pudiendo emplearse EPIs y otras medidas de protecci\u00f3n) estableciendo <strong>horarios escalonados<\/strong> y potenciando las medidas de conciliaci\u00f3n.<\/p>\n<p>Aunque se sigue apostando por el<strong> teletrabajo, <\/strong>para quienes asistan a su centro de trabajo, se prescribe la <strong>distancia de seguridad de dos metros <\/strong>en los puestos de trabajo y debe evitarse usar el ascensor.<\/p>\n<p>Los<strong> congresos, encuentros, reuniones de negocio, <\/strong>conferencias y eventos <strong>no podr\u00e1n superar los 80 asistentes.<\/strong><\/p>\n<h2>Comercio y centros comerciales<\/h2>\n<p>Los comercios pueden abrir con<strong> un 50 % del aforo. <\/strong> En cuanto a los <strong>centros comerciales,<\/strong> se levanta la prohibici\u00f3n de utilizaci\u00f3n de las zonas comunes y zonas recreativas. Eso s\u00ed, <strong>el aforo estar\u00e1 limitado al 50%<\/strong> y la distancia de seguridad se mantendr\u00e1 en dos metros. Asimismo, el aforo de los locales y establecimientos ubicados en ellos se fija tambi\u00e9n en un 50%.<\/p>\n<p>Los<strong> mercados al aire libre<\/strong> podr\u00e1n incrementar su actividad hasta alcanzar <strong>el 50% de los puestos<\/strong> o bien podr\u00e1n aumentar la superficie que permita una distancia similar entre puestos. Esto se har\u00e1 a criterio de los ayuntamientos que deben garantizar la<strong> distancia de seguridad de dos metros entre personas. <\/strong><\/p>\n<h2>Cines, teatros y auditorios<\/h2>\n<p>Los cines, teatros, auditorios, circos de carpa y espacios similares de espect\u00e1culos podr\u00e1n desarrollar su actividad, siempre que cuenten con<strong> butacas preasignadas <\/strong>y no superen<strong> el 50% del aforo <\/strong>autorizado.<\/p>\n<p>Se prev\u00e9 la reapertura de salas de artes esc\u00e9nicas y musicales con una limitaci\u00f3n de aforo de 1\/3. Asimismo, aquellos actos y espect\u00e1culos culturales de menos de 80 personas en lugares cerrados tambi\u00e9n podr\u00e1n abrir con un 30% de su aforo.<\/p>\n<p>Los <strong>espect\u00e1culos al aire libre <\/strong>podr\u00e1n llevarse a cabo ante un m\u00e1ximo de 800 espectadores, el doble de los permitidos en la Fase 2. Como condici\u00f3n, los asistentes deben permanecer<strong> sentados y respetando la distancia social de dos metros. <\/strong><\/p>\n<p>Podr\u00e1n volver los toros. Las <strong>plazas, recintos e instalaciones taurinas <\/strong>pueden abrir con una limitaci\u00f3n de aforo que garantice <strong>una persona por cada nueve metros cuadrados. <\/strong><\/p>\n<h2>Museos y bibliotecas<\/h2>\n<p>En los <strong>museos y salas de exposiciones <\/strong>el aforo ser\u00e1 del 50 % y las visitas podr\u00e1n ser de <strong>grupos de hasta 20 personas.<\/strong><\/p>\n<p>En las <strong>bibliotecas <\/strong>podr\u00e1n realizarse actividades culturales y de estudio, siempre que<strong> no se supere el 50% del aforo.<\/strong><\/p>\n<h2>Ciencia e innovaci\u00f3n<\/h2>\n<p>Podr\u00e1n celebrarse seminarios, congresos y ferias cient\u00edficas o de innovaci\u00f3n, siempre y cuando se respete la distancia social de m\u00e1s de dos metros y haya <strong>menos de 80 personas<\/strong>, garantizando el cumplimiento de protocolos de seguridad.<\/p>\n<h2>Hoteles y alojamientos tur\u00edsticos<\/h2>\n<p>En la <strong>Fase 2<\/strong>, se abrieron ya<strong> las zonas comunes <\/strong>con limitaci\u00f3n de un tercio del aforo. En esta nueva fase<strong> el aforo aumenta al 50%.<\/strong><\/p>\n<p>Las <strong>actividades de animaci\u00f3n<\/strong> o clases deber\u00e1n dise\u00f1arse con un aforo m\u00e1ximo de<strong> 20 personas<\/strong> y preferentemente al aire libre.<\/p>\n<p>En cuanto a las \u00e1reas de hosteler\u00eda, siguen las normas para el sector de la restauraci\u00f3n.<\/p>\n<h2>Playa y ocio al aire libre<\/h2>\n<p>Se permite el ba\u00f1o en la playa en condiciones de seguridad y <strong>distanciamiento. <\/strong><\/p>\n<p>En cuanto a los parques tem\u00e1ticos y de ocio al aire libre, podr\u00e1n abrir<strong> con menos de 800 person<\/strong>as (siempre y cuando sea sentado y manteniendo la distancia necesaria).<\/p>\n<p>Centros recreativos tur\u00edsticos,<strong> zool\u00f3gicos y acuarios <\/strong>abren con un aforo del 50 % y de un tercio en las atracciones y lugares cerrados.<\/p>\n<p>Las actividades de tiempo libre para la <strong>poblaci\u00f3n infantil y juvenil<\/strong> no superar\u00e1n <strong>los 200 participantes al aire libre <\/strong>y 80 en espacios cerrados.<\/p>\n<p>Se podr\u00e1n realizar actividades de <strong>turismo activo y de naturaleza<\/strong> para grupos de hasta un m\u00e1ximo de <strong>30 personas<\/strong> y se permite la realizaci\u00f3n de la actividad de gu\u00eda tur\u00edstico, mediante cita previa y con grupos de no m\u00e1s de 20 personas.<\/p>\n<h2>Deporte<\/h2>\n<p>Los deportistas de<strong> ligas no profesionales<\/strong> federadas podr\u00e1n realizar entrenamientos en <strong>grupos de hasta 20 personas.<\/strong><\/p>\n<p>Podr\u00e1n celebrarse<strong> partidos <\/strong>con un m\u00e1ximo de <span style=\"text-decoration: underline;\">un tercio del aforo<\/span>, garantizando siempre la separaci\u00f3n de seguridad entre los espectadores as\u00ed como las actividades deportivas al aire libre. Se podr\u00e1<strong> ir al gimnasio con un aforo m\u00e1ximo de un tercio<\/strong> y sin utilizar los vestuarios.<\/p>\n<p>Se autorizan los espect\u00e1culos y actividades deportivas en espacios cerrados (solo para practicar deportes en los que no exista contacto o el riesgo de contagio sea moderado; por ejemplo una pista de patinaje). El p\u00fablico estar\u00e1 limitado a una persona por cada 20 m2.<\/p>\n<h2>Juegos y apuestas<\/h2>\n<p>Los establecimientos y locales de juegos y apuestas <strong>no podr\u00e1n superar el 50 %<\/strong> del aforo ni superar las 50 personas en total.<\/p>\n<h2>Transporte p\u00fablico<\/h2>\n<p>Se prev\u00e9 el funcionamiento de todos los servicios de transporte p\u00fablico urbano e interurbano al 100%.<\/p>\n<h2>Transporte mar\u00edtimo<\/h2>\n<p>Se elimina la limitaci\u00f3n normativa de no embarcar pasajeros en los <em>ferries<\/em>, en funci\u00f3n de la evoluci\u00f3n de los par\u00e1metros sanitarios.<\/p>\n<p>Se autorizan, adem\u00e1s, las <strong>actividades n\u00e1uticas de recreo.<\/strong><\/p>\n<h2>Movimientos entre provincias<\/h2>\n<p>Seg\u00fan ha anunciado el ministro Salvador Illa, el movimiento entre provincias en la Fase 3 <strong>lo regular\u00e1 cada comunidad aut\u00f3noma. <\/strong><\/p>\n<h2>Uso de la mascarilla<\/h2>\n<p>En este nuevo estadio de la desescalada el uso de la mascarilla continuar\u00e1 siendo<strong> obligatorio con la misma normativa <\/strong>que rige hasta ahora.<\/p>\n","protected":false},"excerpt":{"rendered":"<p>El pr\u00f3ximo lunes 15 de junio, la Comunidad Valencia, entra en la fase 3 de la \u00abdesescalada\u00bb,\u00a0 la pregunta ahora \u00e9s:\u00a0 \u00bfqu\u00e9 se puede hacer en la tercera fase que no se pudiese en la segunda? &nbsp; Para empezar se ampl\u00eda el n\u00famero de personas que se pueden reunir as\u00ed como el aforo en lugares [&hellip;]<\/p>\n","protected":false},"author":1,"featured_media":0,"comment_status":"closed","ping_status":"open","sticky":false,"template":"","format":"standard","meta":{"_monsterinsights_skip_tracking":false,"_monsterinsights_sitenote_active":false,"_monsterinsights_sitenote_note":"","_monsterinsights_sitenote_category":0},"categories":[3,12],"tags":[],"_links":{"self":[{"href":"http:\/\/www.portaldelolleria.es\/index.php?rest_route=\/wp\/v2\/posts\/25411"}],"collection":[{"href":"http:\/\/www.portaldelolleria.es\/index.php?rest_route=\/wp\/v2\/posts"}],"about":[{"href":"http:\/\/www.portaldelolleria.es\/index.php?rest_route=\/wp\/v2\/types\/post"}],"author":[{"embeddable":true,"href":"http:\/\/www.portaldelolleria.es\/index.php?rest_route=\/wp\/v2\/users\/1"}],"replies":[{"embeddable":true,"href":"http:\/\/www.portaldelolleria.es\/index.php?rest_route=%2Fwp%2Fv2%2Fcomments&post=25411"}],"version-history":[{"count":4,"href":"http:\/\/www.portaldelolleria.es\/index.php?rest_route=\/wp\/v2\/posts\/25411\/revisions"}],"predecessor-version":[{"id":25414,"href":"http:\/\/www.portaldelolleria.es\/index.php?rest_route=\/wp\/v2\/posts\/25411\/revisions\/25414"}],"wp:attachment":[{"href":"http:\/\/www.portaldelolleria.es\/index.php?rest_route=%2Fwp%2Fv2%2Fmedia&parent=25411"}],"wp:term":[{"taxonomy":"category","embeddable":true,"href":"http:\/\/www.portaldelolleria.es\/index.php?rest_route=%2Fwp%2Fv2%2Fcategories&post=25411"},{"taxonomy":"post_tag","embeddable":true,"href":"http:\/\/www.portaldelolleria.es\/index.php?rest_route=%2Fwp%2Fv2%2Ftags&post=25411"}],"curies":[{"name":"wp","href":"https:\/\/api.w.org\/{rel}","templated":true}]}}