{"id":25418,"date":"2020-06-16T19:05:02","date_gmt":"2020-06-16T17:05:02","guid":{"rendered":"http:\/\/www.portaldelolleria.es\/?p=25418"},"modified":"2020-06-17T19:53:45","modified_gmt":"2020-06-17T17:53:45","slug":"reapertura-de-parques-infantiles-y-pistas-polideportivo-la-piscina-no-abrira-este-ano","status":"publish","type":"post","link":"http:\/\/www.portaldelolleria.es\/?p=25418","title":{"rendered":"Reapertura de parques infantiles y pistas polideportivo. La piscina no abrir\u00e1 este a\u00f1o."},"content":{"rendered":"<p style=\"text-align: justify;\"><a href=\"http:\/\/www.portaldelolleria.es\/wp-content\/uploads\/2020\/06\/DSC_8118.jpg\"><img loading=\"lazy\" class=\"aligncenter size-full wp-image-25421\" title=\"DSC_8118\" src=\"http:\/\/www.portaldelolleria.es\/wp-content\/uploads\/2020\/06\/DSC_8118.jpg\" alt=\"\" width=\"598\" height=\"398\" srcset=\"http:\/\/www.portaldelolleria.es\/wp-content\/uploads\/2020\/06\/DSC_8118.jpg 598w, http:\/\/www.portaldelolleria.es\/wp-content\/uploads\/2020\/06\/DSC_8118-300x199.jpg 300w\" sizes=\"(max-width: 598px) 100vw, 598px\" \/><\/a><span style=\"color: #888888;\"><em>Ajuntament de l&#8217;Olleria, 16\/06\/2020<\/em><\/span><\/p>\n<p style=\"text-align: justify;\"><strong>La Piscina de verano de L&#8217;Olleria no abrir\u00e1 las puertas este a\u00f1o<\/strong><\/p>\n<p style=\"text-align: justify;\">En verano de 2021 L&#8217;Olleria contar\u00e1 con una piscina totalmente renovada y accesible<\/p>\n<p style=\"text-align: justify;\">L&#8217;Olleria no abrir\u00e1 la Piscina de verano durante el periodo estival de 2020. Despu\u00e9s de varias semanas de estudio y de varios estudios t\u00e9cnicos, el Consistorio ha tomado esta determinaci\u00f3n, dada la imposibilidad de garantizar el estricto cumplimiento de las medidas de seguridad recogidas en el BOE ante la pandemia del Coronavirus y, como forma de evitar posibles contagios en esta instalaci\u00f3n p\u00fablica.<\/p>\n<p style=\"text-align: justify;\">Desde el Ayuntamiento de L&#8217;Olleria se ha priorizado, en todo momento, la salud de los vecinos y vecinas del municipio y, por este motivo, \u201cno podemos poner en marcha una instalaci\u00f3n si no tenemos pleno conocimiento de que se podr\u00e1 utilizar con plena seguridad, tanto para los usuarios como para los trabajadores\u201d.<\/p>\n<p style=\"text-align: justify;\">Los informes t\u00e9cnicos realizados a esta instalaci\u00f3n no aconsejan su apertura en esta temporada estival a causa de las varias deficiencias que presenta esta instalaci\u00f3n como por ejemplo el incumplimiento de la normativa de profundidad de las piscinas p\u00fablicas municipales y que hace imposible el uso de esta a las personas no nadadoras, la carencia de accesibilidad a personas con movilidad reducida y varios problemas de p\u00e9rdida de agua y al sistema de depuraci\u00f3n.<\/p>\n<p style=\"text-align: justify;\">Adaptar la piscina municipal de verano de L&#8217;Olleria a la normativa establecida y, adem\u00e1s, a las medidas sanitarias extraordinarias que exige el Ministerio de Sanidad a causa de la Covid-19, supone una gran inversi\u00f3n, que adem\u00e1s, no podr\u00e1 ser aprovechada por todos los vecinos y vecinas del municipio a causa de las restricciones de aforo, los horarios limitados, la obligaci\u00f3n de pedir cita previa para poder acudir a la piscina, las necesidades de personal de limpieza constante y la obligaci\u00f3n de respetar la distancia m\u00ednima de seguridad (2 m) establecidas por el Gobierno.<\/p>\n<p style=\"text-align: justify;\">Desde el Ayuntamiento hemos decidido invertir el gasto que cada a\u00f1o supone la apertura de este espacio recreativo a la reactivaci\u00f3n econ\u00f3mica del municipio y, a las personas m\u00e1s vulnerables, para hacer frente a esta situaci\u00f3n de crisis sanitaria y econ\u00f3mica que estamos sufriendo.<\/p>\n<p style=\"text-align: justify;\">El Concejal de Deportes, Daniel Semper, ha se\u00f1alado que \u201cesta no ha sido una decisi\u00f3n f\u00e1cil y que es una medida que se toma con responsabilidad para preservar la salud de nuestros vecinos y vecinas\u201d y adem\u00e1s, ha informado que L&#8217;Olleria contar\u00e1 con una piscina recreativa totalmente renovada para la temporada estival del 2021.<\/p>\n<p style=\"text-align: justify;\">Esta reforma del \u00e1rea de la piscina p\u00fablica de L&#8217;Olleria, incluida en el Plan de Inversiones de la Diputaci\u00f3n de Val\u00e8ncia, supondr\u00e1 un cambio muy necesario para la poblaci\u00f3n. Concretamente, esta actuaci\u00f3n eliminar\u00e1 las barreras de accesibilidad, ampliar\u00e1 la superficie de agua, que adem\u00e1s, podr\u00e1 ser utilizada mejor con una reducci\u00f3n de profundidad de la misma y crear\u00e1 espacios recreativos con sombra alrededor que har\u00e1n muy atractivo pasar los d\u00edas de verano en L&#8217;Olleria.<\/p>\n<p style=\"text-align: justify;\">Desde el Ayuntamiento de L&#8217;Olleria os animamos a seguir luchando todos juntos para ganarle la batalla a esta pandemia que nos ha tocado afrontar este 2020 y que nos har\u00e1 disfrutar mejor la piscina renovada con la que contaremos el a\u00f1o que viene.<\/p>\n<p style=\"text-align: justify;\">El Ayuntamiento agradece la comprensi\u00f3n de la ciudadan\u00eda.<\/p>\n<p style=\"text-align: justify;\"><a href=\"http:\/\/www.portaldelolleria.es\/wp-content\/uploads\/2020\/06\/DSC_8119.jpg\"><img loading=\"lazy\" class=\"aligncenter size-full wp-image-25419\" title=\"DSC_8119\" src=\"http:\/\/www.portaldelolleria.es\/wp-content\/uploads\/2020\/06\/DSC_8119.jpg\" alt=\"\" width=\"598\" height=\"255\" srcset=\"http:\/\/www.portaldelolleria.es\/wp-content\/uploads\/2020\/06\/DSC_8119.jpg 598w, http:\/\/www.portaldelolleria.es\/wp-content\/uploads\/2020\/06\/DSC_8119-300x127.jpg 300w\" sizes=\"(max-width: 598px) 100vw, 598px\" \/><\/a><\/p>\n<p style=\"text-align: justify;\"><strong>Reapertura de la Pista Exterior del Polideportivo Municipal de L&#8217;Olleria<\/strong><\/p>\n<div style=\"text-align: justify;\">\n<p>A partir de hoy martes 16 de junio se reabrir\u00e1 la Pista Exterior del Polideportivo Municipal de L&#8217;Olleria con aforo limitado a 30 usuarios.<br \/>\nEl horario de este espacio deportivo ser\u00e1:<br \/>\n&#8211; De lunes a viernes de 16h a 22h.<br \/>\n&#8211; S\u00e1bados de 9h a 14h.<br \/>\n&#8211; Domingos de 9h a 13h.<br \/>\nNormas de uso:<br \/>\n&#8211; El entrenamiento ser\u00e1 individual, evitando en todo momento el trabajo grupal.<br \/>\n&#8211; No se permitir\u00e1 la entrada a vestuarios, servicios y otras zonas comunes.<br \/>\n&#8211; Mantener la distancia m\u00ednima de seguridad de 2 metros.<br \/>\n&#8211; El aforo en esta instalaci\u00f3n estar\u00e1 limitado a 30 personas.<br \/>\n&#8211; Obligatorio pedir cita previa al 96 220 15 08.<\/p>\n<\/div>\n<p style=\"text-align: justify;\"><a href=\"http:\/\/www.portaldelolleria.es\/wp-content\/uploads\/2020\/06\/DSC_8117.jpg\"><img loading=\"lazy\" class=\"aligncenter size-full wp-image-25420\" title=\"DSC_8117\" src=\"http:\/\/www.portaldelolleria.es\/wp-content\/uploads\/2020\/06\/DSC_8117.jpg\" alt=\"\" width=\"598\" height=\"398\" srcset=\"http:\/\/www.portaldelolleria.es\/wp-content\/uploads\/2020\/06\/DSC_8117.jpg 598w, http:\/\/www.portaldelolleria.es\/wp-content\/uploads\/2020\/06\/DSC_8117-300x199.jpg 300w\" sizes=\"(max-width: 598px) 100vw, 598px\" \/><\/a><\/p>\n<p style=\"text-align: justify;\"><strong>APERTURA DE PARQUES INFANTILES<\/strong><\/p>\n<p style=\"text-align: justify;\">\u00a0A lo largo del d\u00eda de hoy iremos abriendo todos los espacios infantiles de los parques de L&#8217;Olleria, que estaban cerrados como medida preventiva por la COVID-19.<\/p>\n<p style=\"text-align: justify;\">\u00a0Los operarios de Servicios Municipales del Ayuntamiento de L&#8217;Olleria han est\u00e1n realizando tareas de desinfecci\u00f3n de estos espacios peri\u00f3dicamente, y lo seguir\u00e1n haciendo, con el fin de hacerlos totalmente seguros para nuestros peque\u00f1os y peque\u00f1as.<\/p>\n<p style=\"text-align: justify;\">\u00a0Desde el Ayuntamiento se pide precauci\u00f3n y responsabilidad a la ciudadan\u00eda para evitar la propagaci\u00f3n de la Covid-19<\/p>\n","protected":false},"excerpt":{"rendered":"<p>Ajuntament de l&#8217;Olleria, 16\/06\/2020 La Piscina de verano de L&#8217;Olleria no abrir\u00e1 las puertas este a\u00f1o En verano de 2021 L&#8217;Olleria contar\u00e1 con una piscina totalmente renovada y accesible L&#8217;Olleria no abrir\u00e1 la Piscina de verano durante el periodo estival de 2020. Despu\u00e9s de varias semanas de estudio y de varios estudios t\u00e9cnicos, el Consistorio [&hellip;]<\/p>\n","protected":false},"author":1,"featured_media":0,"comment_status":"closed","ping_status":"open","sticky":false,"template":"","format":"standard","meta":{"_monsterinsights_skip_tracking":false,"_monsterinsights_sitenote_active":false,"_monsterinsights_sitenote_note":"","_monsterinsights_sitenote_category":0},"categories":[3,12],"tags":[],"_links":{"self":[{"href":"http:\/\/www.portaldelolleria.es\/index.php?rest_route=\/wp\/v2\/posts\/25418"}],"collection":[{"href":"http:\/\/www.portaldelolleria.es\/index.php?rest_route=\/wp\/v2\/posts"}],"about":[{"href":"http:\/\/www.portaldelolleria.es\/index.php?rest_route=\/wp\/v2\/types\/post"}],"author":[{"embeddable":true,"href":"http:\/\/www.portaldelolleria.es\/index.php?rest_route=\/wp\/v2\/users\/1"}],"replies":[{"embeddable":true,"href":"http:\/\/www.portaldelolleria.es\/index.php?rest_route=%2Fwp%2Fv2%2Fcomments&post=25418"}],"version-history":[{"count":7,"href":"http:\/\/www.portaldelolleria.es\/index.php?rest_route=\/wp\/v2\/posts\/25418\/revisions"}],"predecessor-version":[{"id":25428,"href":"http:\/\/www.portaldelolleria.es\/index.php?rest_route=\/wp\/v2\/posts\/25418\/revisions\/25428"}],"wp:attachment":[{"href":"http:\/\/www.portaldelolleria.es\/index.php?rest_route=%2Fwp%2Fv2%2Fmedia&parent=25418"}],"wp:term":[{"taxonomy":"category","embeddable":true,"href":"http:\/\/www.portaldelolleria.es\/index.php?rest_route=%2Fwp%2Fv2%2Fcategories&post=25418"},{"taxonomy":"post_tag","embeddable":true,"href":"http:\/\/www.portaldelolleria.es\/index.php?rest_route=%2Fwp%2Fv2%2Ftags&post=25418"}],"curies":[{"name":"wp","href":"https:\/\/api.w.org\/{rel}","templated":true}]}}