{"id":25436,"date":"2020-06-23T17:33:15","date_gmt":"2020-06-23T15:33:15","guid":{"rendered":"http:\/\/www.portaldelolleria.es\/?p=25436"},"modified":"2020-06-25T18:27:45","modified_gmt":"2020-06-25T16:27:45","slug":"el-ayuntamiento-lanza-el-bono-reactivem-lolleria","status":"publish","type":"post","link":"http:\/\/www.portaldelolleria.es\/?p=25436","title":{"rendered":"El Ayuntamiento  lanza el \u00abBono Reactivem L&#8217;Olleria\u00bb"},"content":{"rendered":"<p><a href=\"http:\/\/www.portaldelolleria.es\/wp-content\/uploads\/2020\/06\/bonodoble.jpg\"><img loading=\"lazy\" class=\"aligncenter size-full wp-image-25437\" title=\"bonodoble\" src=\"http:\/\/www.portaldelolleria.es\/wp-content\/uploads\/2020\/06\/bonodoble.jpg\" alt=\"\" width=\"598\" height=\"400\" srcset=\"http:\/\/www.portaldelolleria.es\/wp-content\/uploads\/2020\/06\/bonodoble.jpg 598w, http:\/\/www.portaldelolleria.es\/wp-content\/uploads\/2020\/06\/bonodoble-300x200.jpg 300w\" sizes=\"(max-width: 598px) 100vw, 598px\" \/><\/a><\/p>\n<p><em>Ajuntament de l&#8217;Olleria, 23\/6\/2020<\/em><\/p>\n<p style=\"text-align: justify;\">El Ayuntamiento de L&#8217;Olleria lanza el \u00ab<strong>Bono Reactivem L&#8217;Olleria<\/strong>\u00ab<\/p>\n<p style=\"text-align: justify;\">El Ayuntamiento de L&#8217;Olleria, con la colaboraci\u00f3n de las asociaciones de comerciantes y hosteleros de L&#8217;Olleria, han organizado la Campa\u00f1a \u00abBono Reactivem L&#8217;Olleria\u00bb, con el objetivo de incentivar el consumo en los comercios y establecimientos locales, despu\u00e9s del periodo de suspensi\u00f3n de la mayor\u00eda de actividades econ\u00f3micas a consecuencia de la crisis sanitaria producida por la Covid-19.<\/p>\n<p style=\"text-align: justify;\">Esta campa\u00f1a consistir\u00e1 en poner en circulaci\u00f3n un \u00abbono\u00bb por valor de 20 euros, de los cuales los vecinos y vecinas s\u00f3lo abonar\u00e1n la mitad y el consistorio la otra mitad y, que se podr\u00e1 gastar en cualquiera de los comercios, establecimientos de hosteler\u00eda o servicios que se adhieran a la campa\u00f1a.<\/p>\n<p style=\"text-align: justify;\">Los establecimientos y comercios interesados en participar, asociados o no, tendr\u00e1n que rellenar las fichas de inscripci\u00f3n que se podr\u00e1n descargar m\u00e1s abajo y presentarlas a trav\u00e9s de la Sede electr\u00f3nica del Ayuntamiento hasta el 6 de julio de 2020 o a presencialmente en el Ayuntamiento (con cita previa). Para mayor informaci\u00f3n y cita previa hay que llamar al 607 547 643 (Vicent).<\/p>\n<p style=\"text-align: justify;\">En primer lugar se tienen que adherir los comercios, establecimientos y servicios interesados y una vez realizado este listado de participantes se lanzar\u00e1 el bono para la ciudadan\u00eda. Para gastarlo las personas consumidoras presentar\u00e1n el n\u00famero identificador como pago de la compra hasta el 15 de noviembre. Solo se podr\u00e1 utilizar un \u00abbono\u00bb por compra, en una sola compra y en un mismo establecimiento.<\/p>\n<p style=\"text-align: justify;\">Desde la Concejal\u00eda de Promoci\u00f3n Econ\u00f3mica del Ayuntamiento de L&#8217;Olleria, su Concejal, Rub\u00e9n Morri\u00f3 ha invitado a todos los establecimientos comerciales y hosteleros a participar en esta campa\u00f1a de fomento del comercio local y ha afirmado que \u00abdesde el consistorio seguiremos trabajando en la recuperaci\u00f3n de la econom\u00eda de nuestro pueblo y seguiremos invirtiendo para hacer de L&#8217;Olleria un referente. Compra en el comercio local, hagamos crecer a L&#8217;Olleria\u00bb.<\/p>\n<p style=\"text-align: justify;\">Consulta las BASES DE PARTICIPACI\u00d3N<\/p>\n<p style=\"text-align: justify;\"><a href=\"https:\/\/cutt.ly\/0u8i0a9?fbclid=IwAR2uMqTSrcWWhOxdEDA9sh5RG4neb9K7i6qMtmhjlyX6oGNv1LxzAbaPRXE\" rel=\"noopener nofollow\" target=\"_blank\" data-ft=\"{&quot;tn&quot;:&quot;-U&quot;}\" data-lynx-mode=\"async\" data-lynx-uri=\"https:\/\/l.facebook.com\/l.php?u=https%3A%2F%2Fcutt.ly%2F0u8i0a9%3Ffbclid%3DIwAR2uMqTSrcWWhOxdEDA9sh5RG4neb9K7i6qMtmhjlyX6oGNv1LxzAbaPRXE&amp;h=AT1Gr3minyfyO0juchau5t8r0q0qoo0RNmsaSDxcTtkXSA421b1Vys7GNVtcuJT0c0U34qo1DtEhR_g08yXCLfk452BLIdICbmHK-gmkocRgm1nfQa0za8MsuAKUdHs6m9kCgFiEYEd8LuyuiArrSvmMVT2_Nago-DnsHTtJGKm4QL9PtR-dw9nVj3rcJVBLgVwjU5xGnrrv5Qq-6hlXM7XOrR9JyQV9bm8_BmI0gmwuDmF0evc8-4rUQIlQNzk9X8ee9e7tJH5ekx75mTraukvzdTxehtYTyB7rB_JZASb6YX0nc5VvYAurAgvAN6iRgz3QuZf2aWkemeDNrftrtrYLF2ONO38vP-Ag43L_nt2zz1I-hGS1mKM4HzdigzrsxThSVxaqm5AXmZAQuiEUHXswBOuoP-EIclfrMRX-k6WEiGNg6wrJCzbJvKnpP6xNjWTTZyLKXEIYS-etB9hQmxKeV397_BR6x1DoIv6rmxBc8572T8ws715yfIyUtRCg9lwH2nyxUjMgfFmof4SrAiTdh5Y-LM7DPHmYl32_97PU3ruHRW_rYZnngs-BzghKcDt-qtq1AKikDWbevhoTgU8zR4bHeO3FmUfYHFQkL0ey5vBE9DJ4-si5zJMQLMyJuSP1Lw\">https:\/\/cutt.ly\/0u8i0a9<\/a><\/p>\n<p style=\"text-align: justify;\">Para inscribirse hay que rellenar los siguientes documentos<\/p>\n<p style=\"text-align: justify;\"><a href=\"https:\/\/cutt.ly\/fu8oRa8?fbclid=IwAR0T7s3z7HKdGNg4HtkGGdvYlgqXupddbGmmKM8dH8fJnu9uDKq-5x-yy3c\" rel=\"noopener nofollow\" target=\"_blank\" data-ft=\"{&quot;tn&quot;:&quot;-U&quot;}\" data-lynx-mode=\"async\" data-lynx-uri=\"https:\/\/l.facebook.com\/l.php?u=https%3A%2F%2Fcutt.ly%2Ffu8oRa8%3Ffbclid%3DIwAR0T7s3z7HKdGNg4HtkGGdvYlgqXupddbGmmKM8dH8fJnu9uDKq-5x-yy3c&amp;h=AT1w900wbtxyk81JOYXh2SaqESJA6jva54aSYfrRUlK1gJFacWkFb5bWl8eL2Nb-Jw1bq11SD1t8xNZ-40HZDVEQIZGnwcKyS9E0cSbln7dKDFt1EGNSulLIDWrC01RPsQV9Oa7rtRoV70c2hwJErCcllFo52ppG2JDlQv52UmJ1YYIjpzVAf89n2CEfta-HSZ1DhZL26xv-RHjZwMt0kDCy5NvbrUsq3DQ0bfiN388u3tZuscV17Fw6gjVGICJrAYG0MYLRck-LWY6pV_XpEbbLnsF5JrJEuW-frmog1aMYjRAJmy1St9jZCorkO5EKCPRho5IF4qES0N_nCRF_3RPX-qp9MYQb1xf3xfZHCyCKu8knq4EtwDSSNEvXtklrbJyXAls0nLn3csN_dQCWRMRVgtbXZz9SkYO3Ei9MhbAS4yO_Er-lrfxsXJavSl_O0atogF3g1HeZCYRu5gkS9Ax8KNaQ3K9sHOu2GaDkgDPJSZvCPZylSPL0jR9qtYOjv44K7INy5yAGSxOJjBCQY1Gdaa6JuMKhsDK0X_nQ3giOKbp1VdW9powby01-GwigOLTUEBZrS7Iol7JoISgl9nFMSG8h0hsiyW6Y79mF-FMIP4IYId-A5JtpRWfKUAabYSKEhQ\">https:\/\/cutt.ly\/fu8oRa8<\/a><\/p>\n<p style=\"text-align: justify;\">______________________________<\/p>\n<p style=\"text-align: justify;\"><span style=\"color: #003366;\">L&#8217;Ajuntament de L&#8217;Olleria llan\u00e7a el \u00ab<strong>Bono Reactivem L&#8217;Olleria<\/strong>\u00ab<\/span><\/p>\n<p style=\"text-align: justify;\"><span style=\"color: #003366;\">L&#8217;Ajuntament de L&#8217;Olleria, amb la col\u00b7laboraci\u00f3 de les associacions de comerciants i hostalers de L&#8217;Olleria, han organitzat la Campanya \u00abBono Reactivem L&#8217;Olleria\u00bb, amb l&#8217;objectiu d&#8217;incentivar el consum en els comer\u00e7os i establiments locals, despr\u00e9s del per\u00edode de suspensi\u00f3 de la majoria d&#8217;activitats econ\u00f2miques a conseq\u00fc\u00e8ncia de la crisi sanit\u00e0ria produ\u00efda per la Covid-19.<\/span><\/p>\n<p style=\"text-align: justify;\"><span style=\"color: #003366;\">Aquesta campanya consistir\u00e0 a posar en circulaci\u00f3 un \u00abbono\u00bb per valor de 20 euros, dels quals els ve\u00efns i ve\u00efnes sols abonaran la meitat i el consistori l&#8217;altra meitat i, que es podr\u00e0 gastar en qualsevol dels comer\u00e7os, establiments d&#8217;hostaleria o serveis que s&#8217;adherisquen a la campanya.<\/span><\/p>\n<p style=\"text-align: justify;\"><span style=\"color: #003366;\">Els establiments i comer\u00e7os interessats en participar, associats o no, hauran d&#8217;emplenar les fitxes d&#8217;inscripci\u00f3 que es podran descarregar m\u00e9s avall i presentar-les a trav\u00e9s de la Seu electr\u00f2nica de l&#8217;Ajuntament fins al 6 de juliol de 2020 o a presencialment a l\u2019Ajuntament (amb cita pr\u00e8via). Per a m\u00e9s informaci\u00f3 i cita pr\u00e8via cal cridar al 607 547 643 (Vicent).<\/span><\/p>\n<p style=\"text-align: justify;\"><span style=\"color: #003366;\">En primer lloc s\u2019han d\u2019adherir els comer\u00e7os, establiments i serveis interessats i una vegada realitzat aquest llistat de participants es llan\u00e7ar\u00e0 aquest bono per a la ciutadania. Per a gastar-lo les persones consumidores presentaran el n\u00famero identificador com a pagament de la compra fins al 15 de novembre. Sols es podr\u00e0 utilitzar un \u00abbono\u00bb per compra, en una sola compra i en un mateix establiment.<\/span><\/p>\n<p style=\"text-align: justify;\"><span style=\"color: #003366;\">Des de la Regidoria de Promoci\u00f3 econ\u00f2mica de l&#8217;Ajuntament de L&#8217;Olleria, el seu Regidor, Rub\u00e9n Morri\u00f3 ha convidat a tots els establiments comercials i hostalers a participar en aquesta campanya de foment del comer\u00e7 local i ha afirmat que \u00abdes del consistori seguirem treballant en la recuperaci\u00f3 de l&#8217;economia del nostre poble i seguirem invertint per fer de L&#8217;Olleria un referent, compra al comer\u00e7 local, fem cr\u00e9ixer L&#8217;Olleria\u00bb.<\/span><\/p>\n<p style=\"text-align: justify;\"><span style=\"color: #003366;\">Consulta les BASES DE PARTICIPACI\u00d3<\/span><\/p>\n<p style=\"text-align: justify;\"><span style=\"color: #003366;\"><a href=\"https:\/\/cutt.ly\/0u8i0a9?fbclid=IwAR1gmc3cWpElxji19FA2nZJsaxIbLHT7mi_2u-ZOuQx4SFlOJP-J4oh1ZU0\" rel=\"noopener nofollow\" target=\"_blank\" data-ft=\"{&quot;tn&quot;:&quot;-U&quot;}\" data-lynx-mode=\"async\" data-lynx-uri=\"https:\/\/l.facebook.com\/l.php?u=https%3A%2F%2Fcutt.ly%2F0u8i0a9%3Ffbclid%3DIwAR1gmc3cWpElxji19FA2nZJsaxIbLHT7mi_2u-ZOuQx4SFlOJP-J4oh1ZU0&amp;h=AT2Wcq6YjZGK_B8eA9w86EEwwhRPrqo1J3jL7TsFGODvK-UN3Ng3IgpAsGdhrePcAi8K8lnTnY2yC9WwuM0AjapirpJ4qnXw_wlwYuD4qUYRhEXon1DL1dM7GuCILSnSZfcwiRYAD6Oo-JrBsZ5SoPtCJuaVLMvSAcncZXAh766ziGyhBajAu6OG0mZuZrKJoUPF_PFPIk1evCNVEIjhQhZTJwn44bYLw5CUGWpaD-xe_6SYNnqd950D51oE6D6ID832J5pzhJ6Ad0Bi8KDAJ2ISsdgCduTrXVhK35PP63YYXMDL1EU-s1nleiAdC4MH4IgGBVTTK3Zj00_AhTXAJsYffkm23gc1qW6DqJxXfz3zPjWZffPZzeYyy4HJACQLRNVaoqluEB2MFr-lDV5RmLoZ1F6pjQVrDvy108SdDMvJsCfkpYkqccp498lFe3jd6ZGIy6OUfnUj-DkSu6h5tktpHyhmGK8eHFKRLPNV1Wv1BVHgKzADnpvPtALDRf9gDmPg3ILhmKrceQXJdUcsexRf-PCglSMcPqBbrVuDv_d0KWWez3vZDlK14Ok2IES3Qk82M2l90p7rMZD4nOMLu6rg97Xp9asrJ2Vmbt42P-2KyJ7nLVKu2oQDoLF-9bCOJ86YUA\"><span style=\"color: #003366;\">https:\/\/cutt.ly\/0u8i0a9<\/span><\/a><\/span><\/p>\n<p style=\"text-align: justify;\"><span style=\"color: #003366;\">Per a inscriure\u2019s cal emplenar els seg\u00fcents documents<\/span><\/p>\n<p style=\"text-align: justify;\"><span style=\"color: #003366;\"><a href=\"https:\/\/cutt.ly\/fu8oRa8?fbclid=IwAR2XBEBKb7woXUfKZeuKtV5xmFr5aqigaQM8Rdp5lxIHGHiHlYxPFN4YTi4\" rel=\"noopener nofollow\" target=\"_blank\" data-ft=\"{&quot;tn&quot;:&quot;-U&quot;}\" data-lynx-mode=\"async\" data-lynx-uri=\"https:\/\/l.facebook.com\/l.php?u=https%3A%2F%2Fcutt.ly%2Ffu8oRa8%3Ffbclid%3DIwAR2XBEBKb7woXUfKZeuKtV5xmFr5aqigaQM8Rdp5lxIHGHiHlYxPFN4YTi4&amp;h=AT2wKvYQAqx458zhvKcM8aD_K3EX4B-JYAamsL0vpQwgQYLu2BKgS1h0PbS-bHunmvc6Roj9ZWrF1byHpUynPwJFCvfbiX18L4-yuDUS44t5dRlGco7YD5sGhDxhXfivrT77IhdnVsp5rz3hM7t7IjyrHbtZ0Jh5B7yxmUy6TsmQEsF_EVOxjbTO0afqvkHQecfRUTxl6jDEFSgI8H-jFg-bROBm6Scdsyrc7XFewLhU1PKScTd3idgycPIj2ZtcQE3Ry1P3ZWdo8tT4ceIBdgD35qGfXIveyeUe54mc9BLnpIqYPy6-754WgFYj1gSjBNqqJO7FcE_XcLHN0osP4zSYIosFZsU702V71bkOrJ5pxoSMrAD6KYSxaCHB2WR27-wkzRPlVe-Jcq3QGptjpnrtpKilZwsR0JxD-_rxvjjKKj2-rK8KxEQhWIX1kPB28QDVmj33SSirqvF3UlC3sSAo6_8bLk6XlqdfLtZUN-_osFUPt3D0-ZNyAaJGeswUkAc6-n7CBpcQwB9RXEk8KN8wFuuT8mXK7LnmnnKsKMV71rv4BWH_0mjSy9Nv9yKRzwKMQ7tGVZ05gPDjEJ5EqGJSNJU6NxqBTfGFKUW3_pUdIEGYDK0FDhjio0-Rmy4zsswHxQ\"><span style=\"color: #003366;\">https:\/\/cutt.ly\/fu8oRa8<\/span><\/a><\/span><\/p>\n","protected":false},"excerpt":{"rendered":"<p>Ajuntament de l&#8217;Olleria, 23\/6\/2020 El Ayuntamiento de L&#8217;Olleria lanza el \u00abBono Reactivem L&#8217;Olleria\u00ab El Ayuntamiento de L&#8217;Olleria, con la colaboraci\u00f3n de las asociaciones de comerciantes y hosteleros de L&#8217;Olleria, han organizado la Campa\u00f1a \u00abBono Reactivem L&#8217;Olleria\u00bb, con el objetivo de incentivar el consumo en los comercios y establecimientos locales, despu\u00e9s del periodo de suspensi\u00f3n de [&hellip;]<\/p>\n","protected":false},"author":1,"featured_media":0,"comment_status":"closed","ping_status":"open","sticky":false,"template":"","format":"standard","meta":{"_monsterinsights_skip_tracking":false,"_monsterinsights_sitenote_active":false,"_monsterinsights_sitenote_note":"","_monsterinsights_sitenote_category":0},"categories":[171,12],"tags":[],"_links":{"self":[{"href":"http:\/\/www.portaldelolleria.es\/index.php?rest_route=\/wp\/v2\/posts\/25436"}],"collection":[{"href":"http:\/\/www.portaldelolleria.es\/index.php?rest_route=\/wp\/v2\/posts"}],"about":[{"href":"http:\/\/www.portaldelolleria.es\/index.php?rest_route=\/wp\/v2\/types\/post"}],"author":[{"embeddable":true,"href":"http:\/\/www.portaldelolleria.es\/index.php?rest_route=\/wp\/v2\/users\/1"}],"replies":[{"embeddable":true,"href":"http:\/\/www.portaldelolleria.es\/index.php?rest_route=%2Fwp%2Fv2%2Fcomments&post=25436"}],"version-history":[{"count":2,"href":"http:\/\/www.portaldelolleria.es\/index.php?rest_route=\/wp\/v2\/posts\/25436\/revisions"}],"predecessor-version":[{"id":25439,"href":"http:\/\/www.portaldelolleria.es\/index.php?rest_route=\/wp\/v2\/posts\/25436\/revisions\/25439"}],"wp:attachment":[{"href":"http:\/\/www.portaldelolleria.es\/index.php?rest_route=%2Fwp%2Fv2%2Fmedia&parent=25436"}],"wp:term":[{"taxonomy":"category","embeddable":true,"href":"http:\/\/www.portaldelolleria.es\/index.php?rest_route=%2Fwp%2Fv2%2Fcategories&post=25436"},{"taxonomy":"post_tag","embeddable":true,"href":"http:\/\/www.portaldelolleria.es\/index.php?rest_route=%2Fwp%2Fv2%2Ftags&post=25436"}],"curies":[{"name":"wp","href":"https:\/\/api.w.org\/{rel}","templated":true}]}}