{"id":25445,"date":"2020-06-26T19:04:59","date_gmt":"2020-06-26T17:04:59","guid":{"rendered":"http:\/\/www.portaldelolleria.es\/?p=25445"},"modified":"2020-06-26T19:04:59","modified_gmt":"2020-06-26T17:04:59","slug":"termina-el-plazo-para-optar-a-las-ayudas-de-valencia-turisme","status":"publish","type":"post","link":"http:\/\/www.portaldelolleria.es\/?p=25445","title":{"rendered":"Termina el plazo para optar a las ayudas de Val\u00e8ncia Turisme"},"content":{"rendered":"<div id=\"attachment_25447\" style=\"width: 608px\" class=\"wp-caption aligncenter\"><a href=\"http:\/\/www.portaldelolleria.es\/wp-content\/uploads\/2020\/06\/valencia-turisme1.jpg\"><img aria-describedby=\"caption-attachment-25447\" loading=\"lazy\" class=\"size-full wp-image-25447\" title=\"valencia turisme\" src=\"http:\/\/www.portaldelolleria.es\/wp-content\/uploads\/2020\/06\/valencia-turisme1.jpg\" alt=\"\" width=\"598\" height=\"426\" srcset=\"http:\/\/www.portaldelolleria.es\/wp-content\/uploads\/2020\/06\/valencia-turisme1.jpg 598w, http:\/\/www.portaldelolleria.es\/wp-content\/uploads\/2020\/06\/valencia-turisme1-300x213.jpg 300w\" sizes=\"(max-width: 598px) 100vw, 598px\" \/><\/a><p id=\"caption-attachment-25447\" class=\"wp-caption-text\">foto Raquel Abulaila<\/p><\/div>\n<h3 style=\"text-align: justify;\">Termina el plazo para optar a las ayudas de Val\u00e8ncia Turisme destinadas a recuperar el turismo en la provincia<\/h3>\n<div style=\"text-align: justify;\">\n<div>\n<ul>\n<li>Los plazos de presentaci\u00f3n de solicitudes concluyen los pr\u00f3ximos 3 y 4 de julio<\/li>\n<li>El Patronato Provincial de Turismo dirige sus tres lineas de subvenci\u00f3n de este a\u00f1o a incentivar el consumo tur\u00edstico, mediante ayuntamientos, mancomunidades, asociaciones y entidades del sector<\/li>\n<\/ul>\n<\/div>\n<\/div>\n<div style=\"text-align: justify;\">26\/06\/2020<\/div>\n<div>\n<p style=\"text-align: justify;\">El Patronato de Turismo de Val\u00e8ncia ha convocado ayudas econ\u00f3micas por un valor total de 1.331.000 euros para incentivar el consumo tur\u00edstico en la provincia y contrarrestar los efectos econ\u00f3micos negativos derivados de la crisis de la Covid-19, mediante subvenciones directas a ayuntamientos, mancomunidades, asociaciones y entidades del sector.<\/p>\n<p style=\"text-align: justify;\">\u00abHemos reorientado las l\u00edneas de inversi\u00f3n de este a\u00f1o para adaptarlas a la coyuntura actual y trabajar estrechamente con todos los agentes implicados en la recuperaci\u00f3n del sector tur\u00edstico en nuestra provincia\u00bb, ha exlicado el diputado de Turismo, Jordi Mayor.<\/p>\n<p style=\"text-align: justify;\">Se trata de una de las primeras medidas que el organismo ha comenzado a impulsar para que act\u00faen como reactivo entre los municipios, empresas y dem\u00e1s entidades implicadas en el impulso de la actividad tur\u00edstica, una vez realizado un an\u00e1lisis zonal y pormenorizado durante los meses de estado de alarma de la situaci\u00f3n provocada por la pandemia del coronavirus en todas las comarcas valencianas con todos los agentes del sector, p\u00fablicos y privados.<\/p>\n<p style=\"text-align: justify;\"><strong>Tres lineas de ayudas<\/strong><\/p>\n<p style=\"text-align: justify;\">El Bolet\u00edn Oficial de la Provincia (BOP) de los pasados d\u00edas 18 y 19 de junio recoge las convocatorias de las tres l\u00edneas de subvenciones.<\/p>\n<p style=\"text-align: justify;\">La linea dirigida a ayuntamientos menores de 100.000 habitantes y entidades locales menores tiene una dotaci\u00f3n de 951.000 euros. Tambi\u00e9n se ha puesto en marcha una nueva l\u00ednea de ayudas destinada a las mancomunidades y agrupaciones de municipios, que cuenta con un total de 180.000 euros. Por \u00faltimo, se distribuir\u00e1n subvenciones a asociaciones, fundaciones y otras entidades sin \u00e1nimo de lucro, por un importe global de 200.000 euros.<\/p>\n<p style=\"text-align: justify;\">En las tres lineas se subvencionar\u00e1n propuestas susceptibles de generar flujos tur\u00edsticos en la provincia de Val\u00e8ncia y que persigan la promoci\u00f3n de los destinos, vinculados a sus productos y experiencias tur\u00edsticas.<\/p>\n<p style=\"text-align: justify;\">Tambi\u00e9n podr\u00e1n optar a subvenci\u00f3n las acciones que potencien el consumo de actividades tur\u00edsticas vinculadas a recursos culturales o de relevancia social en los municipios, que contribuyan a mejorar la capacidad tur\u00edstica sostenible de las localidades o que est\u00e9n vinculadas al valor de la gastronom\u00eda y la alimentaci\u00f3n saludable como reclamo tur\u00edstico, integrando los productos alimentarios locales, el sistema de comercializaci\u00f3n empleado y los cocineros locales.<\/p>\n<p style=\"text-align: justify;\">Las propuestas se concretar\u00e1n en: acciones para el fomento del consumo de productos y experiencias ofrecidos por empresas tur\u00edsticas en los municipios; actividades campa\u00f1as de promoci\u00f3n para mejorar y posicionar la imagen de destino tur\u00edstico; proyectos conjuntos con empresas tur\u00edsticas locales para la creaci\u00f3n y promoci\u00f3n de productos tur\u00edsticos de \u00e1mbito gastron\u00f3mico, cultural o relacionados con el medio natural; y acciones y medidas destinadas a reforzar y garantizar la seguridad para los turistas y visitantes frente al COVID-19, en el uso y disfrute de productos y experiencias tur\u00edsticos.<\/p>\n<p style=\"text-align: justify;\"><strong>Objetivos de Desarrollo Sostenible (ODS)<\/strong><\/p>\n<p style=\"text-align: justify;\">Adem\u00e1s de todos los requisitos indicados, en la concesi\u00f3n de las subvenciones se valorar\u00e1 la promoci\u00f3n y aplicaci\u00f3n, en la medida de lo posible, de las recomendaciones para los destinos tur\u00edsticos de la Comunitat Valenciana de los Objetivos de Desarrollo Sostenible (ODS) (<a title=\"www.turisme.gva.es\" href=\"http:\/\/www.turisme.gva.es\">www.turisme.gva.es<\/a>).<\/p>\n<p style=\"text-align: justify;\">El plazo de presentaci\u00f3n de solicitudes (cuyo modelo oficial est\u00e1 disponible en <a href=\"http:\/\/www.valenciaturisme.org\/\">www.valenciaturisme.org<\/a>) es de 15 d\u00edas naturales a partir del d\u00eda siguiente a la publicaci\u00f3n de la convocatoria en el BOP, mientras que su tramitaci\u00f3n se realizar\u00e1 exclusivamente por v\u00eda telem\u00e1tica, a trav\u00e9s de la sede electr\u00f3nica de la Diputaci\u00f3n de Val\u00e8ncia (<a title=\"www.sede.dival.es\" href=\"http:\/\/www.sede.dival.es\">www.sede.dival.es<\/a>).<\/p>\n<\/div>\n<div><a href=\"https:\/\/www.dival.es\/sites\/default\/files\/sala-prensa\/video\/AjudesTurisme2020_ES_redes_0.mp4\" target=\"_blank\">V\u00eddeo explicativo de las subvenciones 2020<\/a><\/div>\n<div>__________________________<\/div>\n<div>\n<h3 style=\"text-align: justify;\"><span style=\"color: #003366;\">Acaba el termini per a optar a les ajudes de Val\u00e8ncia Turisme destinades a recuperar el turisme a la prov\u00edncia<\/span><\/h3>\n<div style=\"text-align: justify;\">\n<div>\n<ul>\n<li><span style=\"color: #003366;\">Els terminis de presentaci\u00f3 de sol\u00b7licituds conclouen els pr\u00f2xims 3 i 4 de juliol<\/span><\/li>\n<li><span style=\"color: #003366;\">El Patronat Provincial de Turisme dirigeix les seues tres l\u00ednies de subvenci\u00f3 d&#8217;enguany a incentivar el consum tur\u00edstic, mitjan\u00e7ant ajuntaments, mancomunitats, associacions i entitats del sector<\/span><\/li>\n<\/ul>\n<\/div>\n<\/div>\n<div style=\"text-align: justify;\"><span style=\"color: #003366;\">26\/06\/2020<\/span><\/div>\n<div style=\"text-align: justify;\">\n<p><span style=\"color: #003366;\">El Patronat de Turisme de Val\u00e8ncia ha convocat ajudes econ\u00f2miques per un valor total d&#8217;1.331.000 euros per a incentivar el consum tur\u00edstic a la prov\u00edncia i contrarestar els efectes econ\u00f2mics negatius derivats de la crisi de la Covid-19, mitjan\u00e7ant subvencions directes a ajuntaments, mancomunitats, associacions i entitats del sector.<\/span><br \/>\n<span style=\"color: #003366;\">\u00abHem reorientat les l\u00ednies d&#8217;inversi\u00f3 d&#8217;enguany per a adaptar-les a la conjuntura actual i treballar estretament amb tots els agents implicats en la recuperaci\u00f3 del sector tur\u00edstic a la nostra prov\u00edncia\u00bb, ha exlicado el diputat de Turisme, Jordi Mayor.<\/span><\/p>\n<p>&nbsp;<\/p>\n<p><span style=\"color: #003366;\">Es tracta d&#8217;una de les primeres mesures que l&#8217;organisme ha comen\u00e7at a impulsar perqu\u00e8 actuen com a reactiu entre els municipis, empreses i altres entitats implicades en l&#8217;impuls de l&#8217;activitat tur\u00edstica, una vegada realitzat una an\u00e0lisi zonal i detallada durant els mesos d&#8217;estat d&#8217;alarma de la situaci\u00f3 provocada per la pand\u00e8mia del coronavirus en totes les comarques valencianes amb tots els agents del sector, p\u00fablics i privats.<\/span><\/p>\n<p>&nbsp;<\/p>\n<p><span style=\"color: #003366;\"><strong>Tres l\u00ednies d&#8217;ajudes<\/strong><\/span><br \/>\n<span style=\"color: #003366;\">El Butllet\u00ed Oficial de la Prov\u00edncia (BOP) dels passats dies 18 i 19 de juny arreplega les convocat\u00f2ries de les tres l\u00ednies de subvencions.<\/span><br \/>\n<span style=\"color: #003366;\">La l\u00ednia dirigida a ajuntaments menors de 100.000 habitants i entitats locals menors t\u00e9 una dotaci\u00f3 de 951.000 euros. Tamb\u00e9 s&#8217;ha posat en marxa una nova l\u00ednia d&#8217;ajudes destinada a les mancomunitats i agrupacions de municipis, que compta amb un total de 180.000 euros. Finalment, es distribuiran subvencions a associacions, fundacions i altres entitats sense \u00e0nim de lucre, per un import global de 200.000 euros.<\/span><br \/>\n<span style=\"color: #003366;\">En les tres l\u00ednies se subvencionaran propostes susceptibles de generar fluxos tur\u00edstics a la prov\u00edncia de Val\u00e8ncia i que perseguisquen la promoci\u00f3 de les destinacions, vinculats als seus productes i experi\u00e8ncies tur\u00edstiques.<\/span><\/p>\n<p>&nbsp;<\/p>\n<p><span style=\"color: #003366;\">Tamb\u00e9 podran optar a subvenci\u00f3 les accions que potencien el consum d&#8217;activitats tur\u00edstiques vinculades a recursos culturals o de rellev\u00e0ncia social en els municipis, que contribu\u00efsquen a millorar la capacitat tur\u00edstica sostenible de les localitats o que estiguen vinculades al valor de la gastronomia i l&#8217;alimentaci\u00f3 saludable com a reclam tur\u00edstic, integrant els productes alimentaris locals, el sistema de comercialitzaci\u00f3 emprat i els cuiners locals.<\/span><\/p>\n<p>&nbsp;<\/p>\n<p><span style=\"color: #003366;\">Les propostes es concretaran en: accions per al foment del consum de productes i experi\u00e8ncies oferides per empreses tur\u00edstiques en els municipis; activitats i campanyes de promoci\u00f3 per a millorar i posicionar la imatge de destinaci\u00f3 tur\u00edstica; projectes conjunts amb empreses tur\u00edstiques locals per a la creaci\u00f3 i promoci\u00f3 de productes tur\u00edstics d&#8217;\u00e0mbit gastron\u00f2mic, cultural o relacionats amb el medi natural; i accions i mesures destinades a refor\u00e7ar i garantir la seguretat per als turistes i visitants enfront de la COVID-19, en l&#8217;\u00fas de productes i experi\u00e8ncies tur\u00edstics.<\/span><br \/>\n<span style=\"color: #003366;\"><strong>Objectius de Desenvolupament Sostenible (ODS)<\/strong><\/span><br \/>\n<span style=\"color: #003366;\">A m\u00e9s de tots els requisits indicats, en la concessi\u00f3 de les subvencions es valorar\u00e0 la promoci\u00f3 i aplicaci\u00f3, en la mesura que siga possible, de les recomanacions per a les destinacions tur\u00edstiques de la Comunitat Valenciana dels Objectius de Desenvolupament Sostenible (ODS) (<a title=\"www.turisme.gva.es\" href=\"http:\/\/www.turisme.gva.es\"><span style=\"color: #003366;\">www.turisme.gva.es<\/span><\/a>).<\/span><br \/>\n<span style=\"color: #003366;\">El termini de presentaci\u00f3 de sol\u00b7licituds (el model oficial de les quals est\u00e0 disponible en <a title=\"www.valenciaturisme.org\" href=\"http:\/\/www.valenciaturisme.org\"><span style=\"color: #003366;\">www.valenciaturisme.org<\/span><\/a>) \u00e9s de 15 dies naturals a partir de l&#8217;endem\u00e0 a la publicaci\u00f3 de la convocat\u00f2ria en el BOP, mentre que la seua tramitaci\u00f3 es realitzar\u00e0 exclusivament per via telem\u00e0tica, a trav\u00e9s de la seu electr\u00f2nica de la Diputaci\u00f3 de Val\u00e8ncia (<a title=\"www.sede.dival.es\" href=\"http:\/\/www.sede.dival.es\"><span style=\"color: #003366;\">www.sede.dival.es<\/span><\/a>).<\/span><\/p>\n<\/div>\n<div style=\"text-align: justify;\"><span style=\"color: #003366;\"><a href=\"https:\/\/www.dival.es\/sites\/default\/files\/sala-prensa\/video\/AjudesTurisme2020_VAL_redes_0.mp4\" target=\"_blank\"><span style=\"color: #003366;\">V\u00eddeo explicatiu de les subvencions 2020<\/span><\/a><\/span><\/div>\n<p>&nbsp;<\/p>\n<\/div>\n","protected":false},"excerpt":{"rendered":"<p>Termina el plazo para optar a las ayudas de Val\u00e8ncia Turisme destinadas a recuperar el turismo en la provincia Los plazos de presentaci\u00f3n de solicitudes concluyen los pr\u00f3ximos 3 y 4 de julio El Patronato Provincial de Turismo dirige sus tres lineas de subvenci\u00f3n de este a\u00f1o a incentivar el consumo tur\u00edstico, mediante ayuntamientos, mancomunidades, [&hellip;]<\/p>\n","protected":false},"author":1,"featured_media":0,"comment_status":"closed","ping_status":"open","sticky":false,"template":"","format":"standard","meta":{"_monsterinsights_skip_tracking":false,"_monsterinsights_sitenote_active":false,"_monsterinsights_sitenote_note":"","_monsterinsights_sitenote_category":0},"categories":[171,12],"tags":[],"_links":{"self":[{"href":"http:\/\/www.portaldelolleria.es\/index.php?rest_route=\/wp\/v2\/posts\/25445"}],"collection":[{"href":"http:\/\/www.portaldelolleria.es\/index.php?rest_route=\/wp\/v2\/posts"}],"about":[{"href":"http:\/\/www.portaldelolleria.es\/index.php?rest_route=\/wp\/v2\/types\/post"}],"author":[{"embeddable":true,"href":"http:\/\/www.portaldelolleria.es\/index.php?rest_route=\/wp\/v2\/users\/1"}],"replies":[{"embeddable":true,"href":"http:\/\/www.portaldelolleria.es\/index.php?rest_route=%2Fwp%2Fv2%2Fcomments&post=25445"}],"version-history":[{"count":1,"href":"http:\/\/www.portaldelolleria.es\/index.php?rest_route=\/wp\/v2\/posts\/25445\/revisions"}],"predecessor-version":[{"id":25448,"href":"http:\/\/www.portaldelolleria.es\/index.php?rest_route=\/wp\/v2\/posts\/25445\/revisions\/25448"}],"wp:attachment":[{"href":"http:\/\/www.portaldelolleria.es\/index.php?rest_route=%2Fwp%2Fv2%2Fmedia&parent=25445"}],"wp:term":[{"taxonomy":"category","embeddable":true,"href":"http:\/\/www.portaldelolleria.es\/index.php?rest_route=%2Fwp%2Fv2%2Fcategories&post=25445"},{"taxonomy":"post_tag","embeddable":true,"href":"http:\/\/www.portaldelolleria.es\/index.php?rest_route=%2Fwp%2Fv2%2Ftags&post=25445"}],"curies":[{"name":"wp","href":"https:\/\/api.w.org\/{rel}","templated":true}]}}