{"id":25453,"date":"2020-06-29T11:27:29","date_gmt":"2020-06-29T09:27:29","guid":{"rendered":"http:\/\/www.portaldelolleria.es\/?p=25453"},"modified":"2020-06-29T11:29:45","modified_gmt":"2020-06-29T09:29:45","slug":"ruta-turistica-en-lolleria-el-4-de-julio","status":"publish","type":"post","link":"http:\/\/www.portaldelolleria.es\/?p=25453","title":{"rendered":"Ruta tur\u00edstica en l&#8217;Olleria el 4 de julio"},"content":{"rendered":"<div id=\"attachment_25454\" style=\"width: 608px\" class=\"wp-caption aligncenter\"><a href=\"http:\/\/www.portaldelolleria.es\/wp-content\/uploads\/2020\/06\/turismo.jpg\"><img aria-describedby=\"caption-attachment-25454\" loading=\"lazy\" class=\"size-full wp-image-25454\" title=\"turismo\" src=\"http:\/\/www.portaldelolleria.es\/wp-content\/uploads\/2020\/06\/turismo.jpg\" alt=\"\" width=\"598\" height=\"387\" srcset=\"http:\/\/www.portaldelolleria.es\/wp-content\/uploads\/2020\/06\/turismo.jpg 598w, http:\/\/www.portaldelolleria.es\/wp-content\/uploads\/2020\/06\/turismo-300x194.jpg 300w\" sizes=\"(max-width: 598px) 100vw, 598px\" \/><\/a><p id=\"caption-attachment-25454\" class=\"wp-caption-text\">foto Solimar<\/p><\/div>\n<p style=\"text-align: center;\">\n<p>&nbsp;<\/p>\n<p>&nbsp;<\/p>\n<p style=\"text-align: justify;\"><span style=\"color: #333333;\"><em>Ajuntament de l&#8217;Olleria, 29\/06\/2020<\/em><\/span><\/p>\n<p style=\"text-align: justify;\">\u00a0 RUTA TUR\u00cdSTICA EN L\u2019OLLERIA EL 4 DE JULIO<\/p>\n<p style=\"text-align: justify;\">La Concejal\u00eda de Turismo del Ayuntamiento de L&#8217;Olleria ha organizado varias rutas tur\u00edsticas, patrimoniales y urbanas para dar a conocer, a toda la gente que quiera acercarse hasta el municipio, los fant\u00e1sticos monumentos, edificios y calles de este bonito municipio.<br \/>\nLa primera de estas rutas tendr\u00e1 lugar el pr\u00f3ximo s\u00e1bado 4 de julio a las 9:30h desde el Convento de Capuchinos.<\/p>\n<p style=\"text-align: justify;\"><strong>M\u00e1s informaci\u00f3n y reservas (de lunes a viernes) en el 962200866.<\/strong><\/p>\n<p style=\"text-align: justify;\">La ruta inclur\u00e0 un total de 12 lugares a visitar:<\/p>\n<p style=\"text-align: justify;\">Ermita de San Crist\u00f2fol<br \/>\nIglesia g\u00f3tica primitiva de las llamadas de Conquista datada en los siglos XII-XIII. Se encontraba en el centro del antiguo pueblo de los Casales o Miranda, despoblado a causa de la expulsi\u00f3n de los moriscos y jud\u00edos.<br \/>\nConvento de los Capuchinos<br \/>\nFundado en mayo del a\u00f1o 1601 por San Juan de Ribera, arzobispo de Val\u00e8ncia, que con el permiso del Papa fund\u00f3 el convento de los franciscanos menores, el punto de partida fue la antigua ermita dedicada en los Santos Abd\u00f3 y Sen\u00e9n, conocidos popularmente como los Santos de Piedra.<br \/>\nLes forques \/ Hospital monjas<br \/>\nEl Hospital de San Juan Baptista, que es encuentra en el casco urbano de l&#8217;Olleria, fue una fundaci\u00f3n Ben\u00e9fica que ten\u00eda como objetivos: la acogida de enfermos, y el fomento de la educaci\u00f3n infantil.<br \/>\nConvento de Loreto<br \/>\nLa iglesia de la Virgen de Loreto, tambi\u00e9n conocida como antiguo convento dominicano y fundada el 6 de enero de 1579, est\u00e1 situada en la plaza de la Virgen de Loreto, a la cual da nombre.<br \/>\nCalles Medievales<br \/>\nSe har\u00e1 un recorrido por las antiguas calles medievales de l&#8217;Olleria.<br \/>\nPlaca romana \/ Ayuntamiento Viejo<br \/>\nLa l\u00e1pida es de piedra calc\u00e1rea de unos 18 cm de alto y 58 cm de ancho. La letra de la l\u00ednea superior medida 5 cm de altura y 4,5 cm las de la l\u00ednea inferior; dos l\u00edneas est\u00e1n enmarcadas por una inscripci\u00f3n rectangular. Su estado de conservaci\u00f3n no es lo m\u00e1s deseable y su deterioro es debido a factores humanos no atmosf\u00e9ricos.<br \/>\nForn Gisberts<br \/>\nAntigua f\u00e1brica de Vidrio del pueblo<br \/>\nCine Cervantes<br \/>\nEste edificio tradici\u00f3n medieval lo construyeron los labradores, para guardar la reserva de grano de trigo y de arroz de la Vila.<br \/>\nTrinquete &#8211; Muralla &#8211; Ermita Cristo Palma<br \/>\nLa ermita del Cristo de la Palma, tambi\u00e9n conocida como ermita del cementerio viejo, est\u00e1 situada en el casco urbano de l&#8217;Olleria, concretamente en la plaza de Cristo de la Palma, que le da nombre, justo detr\u00e1s del \u00abtrinquete\u00bb.<br \/>\nCampanario &#8211; Iglesia<br \/>\nLa iglesia mayor de Santa Mar\u00eda Magdalena est\u00e1 declarada B.I.C, se trata de una de las pocas iglesias fortificadas que se conservan, est\u00e1 situada al casco urbano de l&#8217;Olleria.<br \/>\nCasa Zacar\u00e9s \/ Convento Agustinas<br \/>\nSe trata de un convento de clausura de la orden de las agustinas descalzas. Tanto el convento de capuchinos como el convento de Sant Josep y Santa Anna fue fundado por el Arzobispado de San Juan de Ribera, que muri\u00f3 antes de ser inaugurado el convento.<br \/>\nCasa Santonja<br \/>\nLa casa Santonja es el \u00fanico edificio con escudo nobiliario en el municipio, construido a finales del siglo XVIII o inicios del s. XIX, con m\u00e1s de 200 a\u00f1os de antig\u00fcedad. Un recinto que representa la ilustraci\u00f3n, el conocimiento, la igualdad, la fraternidad y la libertad.<br \/>\nHay que destacar el conjunto de pinturas murales(de autor desconocido) del interior con motivos art\u00edsticos de tradici\u00f3n valenciana.<\/p>\n<p style=\"text-align: justify;\">_____________________________<\/p>\n<p style=\"text-align: justify;\"><span style=\"color: #003366;\">RUTA TUR\u00cdSTICA A L\u2019OLLERIA EL 4 DE JULIOL<\/span><\/p>\n<p style=\"text-align: justify;\"><span style=\"color: #003366;\">La Regidoria de Turisme de l\u2019Ajuntament de L\u2019Olleria ha organitzat diverses rutes tur\u00edstiques, patrimonials i urbanes per a donar a con\u00e9ixer a tota la gent que vulga apropar-se fins al municipi, els fant\u00e0stics monuments, edificis i carrers amb els quals conta aquest bonic municipi.<\/span><br \/>\n<span style=\"color: #003366;\"> La primera d\u2019aquestes rutes tindr\u00e0 lloc el pr\u00f2xim dissabte 4 de juliol a les 9:30h des del Convent de Caputxins. M\u00e9s informaci\u00f3 i reserves (de dilluns a divendres) al 962200866.<\/span><\/p>\n<p style=\"text-align: justify;\"><span style=\"color: #003366;\">La ruta inclur\u00e0 un total de 12 llocs a visitar:<\/span><\/p>\n<p style=\"text-align: justify;\"><span style=\"color: #003366;\">Ermita de Sant Crist\u00f2fol<\/span><br \/>\n<span style=\"color: #003366;\"> Esgl\u00e9sia g\u00f2tica primitiva de les trucades de Conquesta datada als segles XII-XIII. Es trobava en el centre de l&#8217;antic poble dels Casals o Miranda, despoblat a causa de l&#8217;expulsi\u00f3 dels moriscos i jueus.<\/span><br \/>\n<span style=\"color: #003366;\"> Convent dels Caputxins<\/span><br \/>\n<span style=\"color: #003366;\"> Fundat al maig de l\u2019any 1601 per Sant Joan de Ribera, arquebisbe de Val\u00e8ncia, que amb el perm\u00eds del Papa va fundar el convent dels franciscans menors, el punt de partida fou l\u2019antiga ermita dedicada als Sants Abd\u00f3 i Sen\u00e9n, coneguts popularment com els Sants de Pedra.<\/span><br \/>\n<span style=\"color: #003366;\"> Les forques \/ Hospital monges<\/span><br \/>\n<span style=\"color: #003366;\"> L&#8217;Hospital de Sant Joan Baptista, que \u00e9s troba al nucli urb\u00e0 de l&#8217;Olleria, fou una fundaci\u00f3 Ben\u00e8fica que tenia com a objectius: l&#8217;acolliment de malalts, i el foment de l&#8217;educaci\u00f3 infantil.<\/span><br \/>\n<span style=\"color: #003366;\"> Convent de Loreto<\/span><br \/>\n<span style=\"color: #003366;\"> L&#8217;esgl\u00e9sia de la Verge de Loreto, tamb\u00e9 coneguda com a antic convent dominic\u00e0 i fundada el 6 de gener de 1579, est\u00e0 situada a la pla\u00e7a de la Verge de Loreto, a la qual d\u00f3na nom.<\/span><br \/>\n<span style=\"color: #003366;\"> Carrers Medievals<\/span><br \/>\n<span style=\"color: #003366;\"> Es far\u00e0 un recorregut pels antics carrers medievals de l\u2019Olleria.<\/span><br \/>\n<span style=\"color: #003366;\"> Placa romana \/ Ajuntament Vell<\/span><br \/>\n<span style=\"color: #003366;\"> La lapida \u00e9s de pedra calc\u00e0ria d&#8217;uns 18 cm d\u2019alt i 58 cm d\u2019ample. La lletra de la l\u00ednia superior mesura 5 cm d\u2019altura i 4,5 cm les de la l\u00ednia inferior; dues l\u00ednies estan emmarcades per una inscripci\u00f3 rectangular. El seu estat de conservaci\u00f3 no \u00e9s el m\u00e9s desitjable i el seu deteriorament \u00e9s degut a factors humans no atmosf\u00e8rics.<\/span><br \/>\n<span style=\"color: #003366;\"> Forn Gisberts<\/span><br \/>\n<span style=\"color: #003366;\"> Antiga f\u00e0brica de Vidre del poble<\/span><br \/>\n<span style=\"color: #003366;\"> Cine Cervantes<\/span><br \/>\n<span style=\"color: #003366;\"> Aquest edifici tradici\u00f3 medieval el van construir els llauradors, per guardar la reserva de gra de blat i d\u2019arr\u00f2s de la Vila.<\/span><br \/>\n<span style=\"color: #003366;\"> Trinquet &#8211; Muralla &#8211; Ermita Crist Palma<\/span><br \/>\n<span style=\"color: #003366;\"> L&#8217;ermita del Crist de la Palma, tamb\u00e9 coneguda com a ermita del cementeri vell, est\u00e0 situada al nucli urb\u00e0 de l&#8217;Olleria, concretament a la pla\u00e7a del Crist de la Palma, que li d\u00f3na nom, just darrere del \u00abtrinquet\u00bb.<\/span><br \/>\n<span style=\"color: #003366;\"> Campanar &#8211; Esgl\u00e9sia<\/span><br \/>\n<span style=\"color: #003366;\"> L\u2019esgl\u00e9sia major de Santa Maria Magdalena est\u00e0 declarada B.I.C, es tracta d\u2019una de les poques esgl\u00e9sies fortificades que es conserven, est\u00e0 situada al nucli urb\u00e0 de l\u2019Olleria.<\/span><br \/>\n<span style=\"color: #003366;\"> Casa Zacar\u00e9s \/ Convent Agustines<\/span><br \/>\n<span style=\"color: #003366;\"> Es tracta d\u2019un convent de clausura de l\u2019orde de les agustines descalces. Tant el convent de caputxins com el convent de Sant Josep i Santa Anna va ser fundat per l\u2019Arquebisbat de Sant Joan de Ribera, que va faltar abans de ser inaugurat el convent.<\/span><br \/>\n<span style=\"color: #003366;\"> Casa Santonja<\/span><br \/>\n<span style=\"color: #003366;\"> La casa Santonja \u00e9s l\u2019\u00fanic edifici amb escut nobiliari al municipi, constru\u00eft a finals del segle XVIII o inicis del s. XIX, amb m\u00e9s de 200 anys d\u2019antiguitat. Un recinte que representa la il\u00b7lustraci\u00f3, el coneixement, la igualtat, la fraternitat i la llibertat.<\/span><br \/>\n<span style=\"color: #003366;\"> Cal destacar el conjunt de pintures murals(d\u2019autor desconegut) de l\u2019interior amb motius art\u00edstics de tradici\u00f3 valenciana.<\/span><br \/>\n<span style=\"color: #003366;\"> &#8212;&#8212;&#8212;&#8212;&#8212;&#8212;&#8212;&#8212;&#8212;&#8212;&#8212;&#8212;&#8212;-<\/span><\/p>\n","protected":false},"excerpt":{"rendered":"<p>&nbsp; &nbsp; Ajuntament de l&#8217;Olleria, 29\/06\/2020 \u00a0 RUTA TUR\u00cdSTICA EN L\u2019OLLERIA EL 4 DE JULIO La Concejal\u00eda de Turismo del Ayuntamiento de L&#8217;Olleria ha organizado varias rutas tur\u00edsticas, patrimoniales y urbanas para dar a conocer, a toda la gente que quiera acercarse hasta el municipio, los fant\u00e1sticos monumentos, edificios y calles de este bonito municipio. [&hellip;]<\/p>\n","protected":false},"author":1,"featured_media":0,"comment_status":"closed","ping_status":"open","sticky":false,"template":"","format":"standard","meta":{"_monsterinsights_skip_tracking":false,"_monsterinsights_sitenote_active":false,"_monsterinsights_sitenote_note":"","_monsterinsights_sitenote_category":0},"categories":[171,12],"tags":[],"_links":{"self":[{"href":"http:\/\/www.portaldelolleria.es\/index.php?rest_route=\/wp\/v2\/posts\/25453"}],"collection":[{"href":"http:\/\/www.portaldelolleria.es\/index.php?rest_route=\/wp\/v2\/posts"}],"about":[{"href":"http:\/\/www.portaldelolleria.es\/index.php?rest_route=\/wp\/v2\/types\/post"}],"author":[{"embeddable":true,"href":"http:\/\/www.portaldelolleria.es\/index.php?rest_route=\/wp\/v2\/users\/1"}],"replies":[{"embeddable":true,"href":"http:\/\/www.portaldelolleria.es\/index.php?rest_route=%2Fwp%2Fv2%2Fcomments&post=25453"}],"version-history":[{"count":2,"href":"http:\/\/www.portaldelolleria.es\/index.php?rest_route=\/wp\/v2\/posts\/25453\/revisions"}],"predecessor-version":[{"id":25456,"href":"http:\/\/www.portaldelolleria.es\/index.php?rest_route=\/wp\/v2\/posts\/25453\/revisions\/25456"}],"wp:attachment":[{"href":"http:\/\/www.portaldelolleria.es\/index.php?rest_route=%2Fwp%2Fv2%2Fmedia&parent=25453"}],"wp:term":[{"taxonomy":"category","embeddable":true,"href":"http:\/\/www.portaldelolleria.es\/index.php?rest_route=%2Fwp%2Fv2%2Fcategories&post=25453"},{"taxonomy":"post_tag","embeddable":true,"href":"http:\/\/www.portaldelolleria.es\/index.php?rest_route=%2Fwp%2Fv2%2Ftags&post=25453"}],"curies":[{"name":"wp","href":"https:\/\/api.w.org\/{rel}","templated":true}]}}