{"id":25457,"date":"2020-06-30T19:09:14","date_gmt":"2020-06-30T17:09:14","guid":{"rendered":"http:\/\/www.portaldelolleria.es\/?p=25457"},"modified":"2020-06-30T19:41:07","modified_gmt":"2020-06-30T17:41:07","slug":"este-miercoles-lolleria-podria-superar-los-40%c2%bac","status":"publish","type":"post","link":"http:\/\/www.portaldelolleria.es\/?p=25457","title":{"rendered":"Este miercoles l&#8217;Olleria podr\u00eda superar los 40\u00baC"},"content":{"rendered":"<p><a href=\"http:\/\/www.portaldelolleria.es\/wp-content\/uploads\/2020\/06\/calor.jpg\"><img loading=\"lazy\" class=\"aligncenter size-full wp-image-25459\" title=\"calor\" src=\"http:\/\/www.portaldelolleria.es\/wp-content\/uploads\/2020\/06\/calor.jpg\" alt=\"\" width=\"598\" height=\"398\" srcset=\"http:\/\/www.portaldelolleria.es\/wp-content\/uploads\/2020\/06\/calor.jpg 598w, http:\/\/www.portaldelolleria.es\/wp-content\/uploads\/2020\/06\/calor-300x199.jpg 300w\" sizes=\"(max-width: 598px) 100vw, 598px\" \/><\/a><\/p>\n<p>&nbsp;<\/p>\n<p>&nbsp;<\/p>\n<p style=\"text-align: justify;\">El sur de la provincia de Valencia estar\u00e1 el mi\u00e9rcoles en <strong>alerta naranja<\/strong> por temperaturas m\u00e1ximas de hasta 40 grados, especialmente en localidades del interior, seg\u00fan la Agencia Estatal de Meteorolog\u00eda (Aemet).<\/p>\n<p style=\"text-align: justify;\">Seg\u00fan Aemet, est\u00e1 previsto que la alerta comience a las 12:00 horas y concluyan sobre las 20:00 horas.\u00a0\u00a0\u00a0 Este tipo\u00a0 de alerta tambi\u00e9n implica un alto riesgo de incendio forestal,\u00a0 por lo que es posible que se eleve el nivel de alerta que ahora mismo est\u00e1 en amarillo.<\/p>\n<p><a href=\"http:\/\/www.portaldelolleria.es\/wp-content\/uploads\/2020\/06\/miercoles1.jpg\"><img loading=\"lazy\" class=\"aligncenter size-full wp-image-25458\" title=\"miercoles1\" src=\"http:\/\/www.portaldelolleria.es\/wp-content\/uploads\/2020\/06\/miercoles1.jpg\" alt=\"\" width=\"598\" height=\"233\" srcset=\"http:\/\/www.portaldelolleria.es\/wp-content\/uploads\/2020\/06\/miercoles1.jpg 598w, http:\/\/www.portaldelolleria.es\/wp-content\/uploads\/2020\/06\/miercoles1-300x116.jpg 300w\" sizes=\"(max-width: 598px) 100vw, 598px\" \/><\/a><\/p>\n<p style=\"text-align: justify;\">La <strong>alerta naranja supone un riesgo metereol\u00f3gico importante<\/strong>, con fen\u00f3menos no habituales y cierto grado de peligro para la actividades cotidianas.\u00a0Para evitar los efectos negativos sobre la salud que pueden generar las altas temperaturas previstas, la Direcci\u00f3n General de Salud P\u00fablica recomienda beber mucha agua y l\u00edquidos sin alcohol ni cafe\u00edna; realizar comidas ligeras; permanecer en lugares frescos; evitar salidas al exterior en las horas centrales del d\u00eda as\u00ed como actividades que requieran un esfuerzo importante; utilizar ropa ligera y de colores claros. Asimismo, se aconseja no olvidar el empleo de protecci\u00f3n solar.<\/p>\n<p>__________________________________<\/p>\n<p>&nbsp;<\/p>\n<p style=\"text-align: justify;\"><span style=\"color: #003366;\">El sud de la prov\u00edncia de Val\u00e8ncia estar\u00e0 dimecres en alerta taronja per temperatures m\u00e0ximes de fins a 40 graus, especialment en localitats de l&#8217;interior, segons l&#8217;Ag\u00e8ncia Estatal de Meteorologia (Aemet).<\/span><\/p>\n<p><span style=\"color: #003366;\">Segons Aemet, est\u00e0 previst que l&#8217;alerta comenci a les 12:00 hores i concloguin sobre les 20:00 hores. Aquest tipus d&#8217;alerta tamb\u00e9 implica un alt risc d&#8217;incendi forestal, pel que \u00e9s possible que s&#8217;elevi el nivell d&#8217;alerta que ara mateix est\u00e0 en groc.<\/span><\/p>\n<p><span style=\"color: #003366;\">L&#8217;alerta taronja suposa un risc meteorol\u00f2gic important, amb fen\u00f2mens no habituals i cert grau de perill per a la activitats quotidianes. Per evitar els efectes negatius sobre la salut que poden generar les altes temperatures previstes, la Direcci\u00f3 General de Salut P\u00fablica recomana beure molta aigua i l\u00edquids sense alcohol ni cafe\u00efna; realitzar \u00e0pats lleugers; romandre en llocs frescos; evitar sortides a l&#8217;exterior en les hores centrals del dia aix\u00ed com activitats que requereixin un esfor\u00e7 important; utilitzar roba lleugera i de colors clars. Aix\u00ed mateix, s&#8217;aconsella no oblidar l&#8217;\u00fas de protecci\u00f3 solar.<\/span><\/p>\n<p>&nbsp;<\/p>\n","protected":false},"excerpt":{"rendered":"<p>&nbsp; &nbsp; El sur de la provincia de Valencia estar\u00e1 el mi\u00e9rcoles en alerta naranja por temperaturas m\u00e1ximas de hasta 40 grados, especialmente en localidades del interior, seg\u00fan la Agencia Estatal de Meteorolog\u00eda (Aemet). Seg\u00fan Aemet, est\u00e1 previsto que la alerta comience a las 12:00 horas y concluyan sobre las 20:00 horas.\u00a0\u00a0\u00a0 Este tipo\u00a0 de [&hellip;]<\/p>\n","protected":false},"author":1,"featured_media":0,"comment_status":"closed","ping_status":"open","sticky":false,"template":"","format":"standard","meta":{"_monsterinsights_skip_tracking":false,"_monsterinsights_sitenote_active":false,"_monsterinsights_sitenote_note":"","_monsterinsights_sitenote_category":0},"categories":[3,12],"tags":[],"_links":{"self":[{"href":"http:\/\/www.portaldelolleria.es\/index.php?rest_route=\/wp\/v2\/posts\/25457"}],"collection":[{"href":"http:\/\/www.portaldelolleria.es\/index.php?rest_route=\/wp\/v2\/posts"}],"about":[{"href":"http:\/\/www.portaldelolleria.es\/index.php?rest_route=\/wp\/v2\/types\/post"}],"author":[{"embeddable":true,"href":"http:\/\/www.portaldelolleria.es\/index.php?rest_route=\/wp\/v2\/users\/1"}],"replies":[{"embeddable":true,"href":"http:\/\/www.portaldelolleria.es\/index.php?rest_route=%2Fwp%2Fv2%2Fcomments&post=25457"}],"version-history":[{"count":4,"href":"http:\/\/www.portaldelolleria.es\/index.php?rest_route=\/wp\/v2\/posts\/25457\/revisions"}],"predecessor-version":[{"id":25463,"href":"http:\/\/www.portaldelolleria.es\/index.php?rest_route=\/wp\/v2\/posts\/25457\/revisions\/25463"}],"wp:attachment":[{"href":"http:\/\/www.portaldelolleria.es\/index.php?rest_route=%2Fwp%2Fv2%2Fmedia&parent=25457"}],"wp:term":[{"taxonomy":"category","embeddable":true,"href":"http:\/\/www.portaldelolleria.es\/index.php?rest_route=%2Fwp%2Fv2%2Fcategories&post=25457"},{"taxonomy":"post_tag","embeddable":true,"href":"http:\/\/www.portaldelolleria.es\/index.php?rest_route=%2Fwp%2Fv2%2Ftags&post=25457"}],"curies":[{"name":"wp","href":"https:\/\/api.w.org\/{rel}","templated":true}]}}