{"id":25476,"date":"2020-07-03T18:39:31","date_gmt":"2020-07-03T16:39:31","guid":{"rendered":"http:\/\/www.portaldelolleria.es\/?p=25476"},"modified":"2020-07-03T18:42:36","modified_gmt":"2020-07-03T16:42:36","slug":"lolleria-estrena-esta-noche-el-autocine-de-verano","status":"publish","type":"post","link":"http:\/\/www.portaldelolleria.es\/?p=25476","title":{"rendered":"L&#8217;Olleria estrena esta noche el \u00abautocine\u00bb de verano"},"content":{"rendered":"<p><a href=\"http:\/\/www.portaldelolleria.es\/wp-content\/uploads\/2020\/07\/11cine.jpg\"><img loading=\"lazy\" class=\"aligncenter size-full wp-image-25480\" title=\"11cine\" src=\"http:\/\/www.portaldelolleria.es\/wp-content\/uploads\/2020\/07\/11cine.jpg\" alt=\"\" width=\"598\" height=\"396\" srcset=\"http:\/\/www.portaldelolleria.es\/wp-content\/uploads\/2020\/07\/11cine.jpg 598w, http:\/\/www.portaldelolleria.es\/wp-content\/uploads\/2020\/07\/11cine-300x198.jpg 300w\" sizes=\"(max-width: 598px) 100vw, 598px\" \/><\/a><\/p>\n<p>&nbsp;<\/p>\n<p>&nbsp;<\/p>\n<p style=\"text-align: justify;\">Desde la Concejal\u00eda de Cultura del Ayuntamiento de L&#8217;Olleria se ha organizado un autocine con proyecci\u00f3n de pel\u00edculas las noches de los viernes del mes de julio de 2020 a las 22:30 h. Esta iniciativa, que trata de aportar actividades de ocio seguras para nuestros vecinos y vecinas, surge ante la necesidad de reinventarse a causa de la crisis sanitaria que estamos sufriendo por la Covid-19 y que est\u00e1 haciendo de este, un verano at\u00edpico para todos y todas.<\/p>\n<p style=\"text-align: justify;\">Las proyecciones se realizar\u00e1n en el solar, de propiedad municipal, situado en el Camino Tapetes, que ya est\u00e1 siendo adaptado para este uso con una divisi\u00f3n por parcelas, un cercado exterior y una adecuada entrada y salida de veh\u00edculos, para favorecer as\u00ed la distancia de seguridad entre participantes y hacer totalmente segura esta actividad (para llegar pulsa aqu\u00ed: <a href=\"https:\/\/url2.cl\/J9z7J?fbclid=IwAR0BB1lesqrX-7QDgM0eXgjosqD6QWfq2nunpV6ONb2CW6JT48GJRuiFIY4\" rel=\"noopener nofollow\" target=\"_blank\" data-ft=\"{&quot;tn&quot;:&quot;-U&quot;}\" data-lynx-mode=\"async\" data-lynx-uri=\"https:\/\/l.facebook.com\/l.php?u=https%3A%2F%2Furl2.cl%2FJ9z7J%3Ffbclid%3DIwAR0BB1lesqrX-7QDgM0eXgjosqD6QWfq2nunpV6ONb2CW6JT48GJRuiFIY4&amp;h=AT1dIp9w0pT1gsYUdFpIqqfDdLtqp4u-cIUUlwkeP5aL7Curxpp9dB9eg5eA6HhXjhBJfoe32SxAn5UY02_ApnaX_khlUufsY-G9CmfbkFO7nauRmzjjequB4R6_uHNOwh90q1joJGX5dmaTmyx6pjBXFLlY7-Nzwe-PE7o9YG-ztqFdgCBq2YREbodWGAiL98swhhbOOL0NrO5DdelsztnifJ8ucfgrMROQ1w8ODUr94mKC_Lut8a1BLQ7F6p96t_7GiylY1512djjnQ3roWBIFyrzxdu6p8uY9WFBug-qCO9PdaqRdOSpN6QzQrO-J68wwZChEv5b7AAQqsnUECP-shaDiWMGShCsuwoF_xpSKuFjjV8SpGj_qMf7sALjAz8-k13fdahshziuhhB4xAzbZ4qoIqMrbYYQIW0YqgbJQmWlGWZ5Xoz6-shXb8Gp3Wo6tR7eK1miK3BFh8z5iK1YowbqcnqIGe9Ay7mvH8IXc3ZChJNrxLjdHveg-tSFE0BOrff6O84txahHeLrGQVVjFOU7yxggm2hiZQarnCyTUdyt94AmCoLjZ0lMt19lIM3ImqdwUczIEXllrvsscL9EeGpwIDRNGP22pG-cXIZXqQXuIZ8gRyls62hbU0wwGMh1AiA\">https:\/\/url2.cl\/J9z7J<\/a>).<\/p>\n<p style=\"text-align: justify;\">Esta es una idea paralela que se suma a la programaci\u00f3n cultural del municipio para el mes de julio.<\/p>\n<p style=\"text-align: justify;\">______________________________<\/p>\n<p style=\"text-align: justify;\"><span style=\"color: #003366;\">Des de la Regidoria de Cultura de l\u2019Ajuntament de L\u2019Olleria s\u2019ha organitzat un autocine amb projecci\u00f3 de pel\u00b7l\u00edcules les nits dels divendres del mes de juliol de 2020 a les 22:30h. Aquesta iniciativa, que tracta d\u2019aportar activitats d\u2019oci segures per als nostres ve\u00efns i ve\u00efnes, sorgeix davant la necessitat de reinventar-se a causa de la crisi sanit\u00e0ria que estem patint per la Covid-19 i que est\u00e0 fent d\u2019aquest, un estiu at\u00edpic per a tots i totes.<\/span><\/p>\n<p style=\"text-align: justify;\"><span style=\"color: #003366;\">Les projeccions es realitzaran al solar, de propietat municipal, situat en el Cam\u00ed Tapets, que ja est\u00e0 sent adaptat per a aquest \u00fas amb una divisi\u00f3 per parcel\u00b7les, un tancat exterior i una adequada entrada i eixida de vehicles, per afavorir aix\u00ed la dist\u00e0ncia de seguretat entre participants i fer totalment segura aquesta activitat (per a arribar polsa ac\u00ed: <a href=\"https:\/\/l.facebook.com\/l.php?u=https%3A%2F%2Furl2.cl%2FJ9z7J%3Ffbclid%3DIwAR3k_BpdoiDgQbMZpHmFDVLiznyYnTbtxHp4JezGlNFu5MYtQEdHfQguR6s&amp;h=AT2rshF9ECD7y6uQyc0JfYnfS8jg953pcFkTM_ZCRfJyUKymrG2h0XBfenNHMlip0KUn03IlTbKggntfw7SEX2jRu3cZzSJqRT9Vo_vzkC9LUwVj7nwVqRqywWDcnjBWddd0xTZCXA3CKbK4WtbZMG3SEPv2PEDhNLYQGhEr4pS9taGyvJLtdK0G9ftVDW386MOMN2V_Ah00TVB_RVUbW5WuTDwob6s7c8hEdtwGe4mhKxsp4k5ximcFl1lL7nNbLwqwHcDjNggwQ9xUuNlCaYvqL5USYGAltkWHPukPKmM1DEZG6in7A6fb4qE6t6g6sTOw_bh8YPI5mVCvCDLoy6zQvsl1DLnn4zaYzwMxBWkWIvd3jT_fp0SHe8GyjyZRFBBvw2mITcfwNNEZjOVpGX6cf0GJOOiSTS-RtEHO14vLD6kri1EBP9y2P12nEUUfCRxgPMe2qw52ZUFigP1WyuyIWfYfjOWalrnsaQMT-MPabfy0FuQAFERcmCykeJSJdQHUHroBAV4hkoBKG8uPUdWr8fypSIWCZIEtKtur0k--c3HrKn41aw7By-WtSl5ghC-lBotOeYWOwxjhqMBzMWl2JGU4TZf8X_L5equsxIdWktB4jevKnmVg6I7Qoc7ro_zmdSi6qspb\" rel=\"noopener nofollow\" target=\"_blank\" data-ft=\"{&quot;tn&quot;:&quot;-U&quot;}\" data-lynx-mode=\"async\"><span style=\"color: #003366;\">https:\/\/url2.cl\/J9z7J<\/span><\/a>).<\/span><\/p>\n<p style=\"text-align: justify;\"><span style=\"color: #003366;\">Aquesta \u00e9s una idea paral\u00b7lela que es suma a la programaci\u00f3 cultural del municipi per al mes de juliol.<\/span><\/p>\n<p><a href=\"http:\/\/www.portaldelolleria.es\/wp-content\/uploads\/2020\/07\/1cine.jpg\"><img loading=\"lazy\" class=\"aligncenter size-full wp-image-25477\" title=\"1cine\" src=\"http:\/\/www.portaldelolleria.es\/wp-content\/uploads\/2020\/07\/1cine.jpg\" alt=\"\" width=\"598\" height=\"845\" srcset=\"http:\/\/www.portaldelolleria.es\/wp-content\/uploads\/2020\/07\/1cine.jpg 598w, http:\/\/www.portaldelolleria.es\/wp-content\/uploads\/2020\/07\/1cine-212x300.jpg 212w\" sizes=\"(max-width: 598px) 100vw, 598px\" \/><\/a><\/p>\n<p><a href=\"http:\/\/www.portaldelolleria.es\/wp-content\/uploads\/2020\/07\/13cine.jpg\"><img loading=\"lazy\" class=\"aligncenter size-full wp-image-25478\" title=\"13cine\" src=\"http:\/\/www.portaldelolleria.es\/wp-content\/uploads\/2020\/07\/13cine.jpg\" alt=\"\" width=\"598\" height=\"845\" srcset=\"http:\/\/www.portaldelolleria.es\/wp-content\/uploads\/2020\/07\/13cine.jpg 598w, http:\/\/www.portaldelolleria.es\/wp-content\/uploads\/2020\/07\/13cine-212x300.jpg 212w\" sizes=\"(max-width: 598px) 100vw, 598px\" \/><\/a><\/p>\n<p><a href=\"http:\/\/www.portaldelolleria.es\/wp-content\/uploads\/2020\/07\/12cine.jpg\"><img loading=\"lazy\" class=\"aligncenter size-full wp-image-25479\" title=\"12cine\" src=\"http:\/\/www.portaldelolleria.es\/wp-content\/uploads\/2020\/07\/12cine.jpg\" alt=\"\" width=\"598\" height=\"845\" srcset=\"http:\/\/www.portaldelolleria.es\/wp-content\/uploads\/2020\/07\/12cine.jpg 598w, http:\/\/www.portaldelolleria.es\/wp-content\/uploads\/2020\/07\/12cine-212x300.jpg 212w\" sizes=\"(max-width: 598px) 100vw, 598px\" \/><\/a><\/p>\n<p>\/\/\/\/\/\/\/\/\/\/\/\/\/\/\/\/\/\/\/\/<a href=\"https:\/\/www.filmaffinity.com\/es\/film594480.html\" target=\"_blank\">(FILMAFFINITY)<\/a>\/\/\/\/\/\/\/\/\/\/\/\/\/\/\/\/\/\/<\/p>\n<h2><span style=\"color: #800000;\">La vida es bella<\/span><\/h2>\n<dl>\n<dt>T\u00edtulo original<\/dt>\n<dd>La vita \u00e8 bella<\/dd>\n<dt>A\u00f1o<\/dt>\n<dd>1997<\/dd>\n<dt>Duraci\u00f3n<\/dt>\n<dd>117 min.<\/dd>\n<dt>Pa\u00eds<\/dt>\n<dd><img title=\"Italia\" src=\"https:\/\/www.filmaffinity.com\/imgs\/countries2\/IT.png\" alt=\"Italia\" \/>\u00a0Italia<\/dd>\n<dt>Direcci\u00f3n<\/dt>\n<dd>\n<div><a title=\"Roberto Benigni\" href=\"https:\/\/www.filmaffinity.com\/es\/search.php?stype=director&amp;sn&amp;stext=Roberto%20Benigni\">Roberto Benigni<\/a><\/div>\n<\/dd>\n<dt>Guion<\/dt>\n<dd>\n<div>Roberto Benigni, Vincenzo Cerami<\/div>\n<\/dd>\n<dt>M\u00fasica<\/dt>\n<dd>\n<div>Nicola Piovani<\/div>\n<\/dd>\n<dt>Fotograf\u00eda<\/dt>\n<dd>\n<div>Tonino Delli Colli<\/div>\n<\/dd>\n<dt>Reparto<\/dt>\n<dd>\n<div><a title=\"Roberto Benigni\" href=\"https:\/\/www.filmaffinity.com\/es\/search.php?stype=cast&amp;sn&amp;stext=Roberto%20Benigni\">Roberto Benigni<\/a>, <a title=\"Nicoletta Braschi\" href=\"https:\/\/www.filmaffinity.com\/es\/search.php?stype=cast&amp;sn&amp;stext=Nicoletta%20Braschi\">Nicoletta Braschi<\/a>, <a title=\"Giorgio Cantarini\" href=\"https:\/\/www.filmaffinity.com\/es\/search.php?stype=cast&amp;sn&amp;stext=Giorgio%20Cantarini\">Giorgio Cantarini<\/a>, <a title=\"Marisa Paredes\" href=\"https:\/\/www.filmaffinity.com\/es\/search.php?stype=cast&amp;sn&amp;stext=Marisa%20Paredes\">Marisa Paredes<\/a>, <a title=\"Giustino Durano\" href=\"https:\/\/www.filmaffinity.com\/es\/search.php?stype=cast&amp;sn&amp;stext=Giustino%20Durano\">Giustino Durano<\/a>, <a title=\"Horst Buchholz\" href=\"https:\/\/www.filmaffinity.com\/es\/search.php?stype=cast&amp;sn&amp;stext=Horst%20Buchholz\">Horst Buchholz<\/a>, <a title=\"Sergio Bini Bustric\" href=\"https:\/\/www.filmaffinity.com\/es\/search.php?stype=cast&amp;sn&amp;stext=Sergio%20Bini%20Bustric\">Sergio Bini Bustric<\/a><\/div>\n<\/dd>\n<dt>Productora<\/dt>\n<dd>\n<div>Distribuida por Miramax. Melampo Cinematografica, Cecchi Gori Group Tiger Cinematografica<\/div>\n<\/dd>\n<dt>G\u00e9nero<\/dt>\n<dd><a href=\"https:\/\/www.filmaffinity.com\/es\/moviegenre.php?genre=CO&amp;attr=rat_count&amp;nodoc\">Comedia<\/a>. <a href=\"https:\/\/www.filmaffinity.com\/es\/moviegenre.php?genre=DR&amp;attr=rat_count&amp;nodoc\">Drama<\/a> | <a href=\"https:\/\/www.filmaffinity.com\/es\/movietopic.php?topic=899776&amp;attr=rat_count&amp;nodoc\">Comedia dram\u00e1tica<\/a>. <a href=\"https:\/\/www.filmaffinity.com\/es\/movietopic.php?topic=595210&amp;attr=rat_count&amp;nodoc\">Nazismo<\/a>. <a href=\"https:\/\/www.filmaffinity.com\/es\/movietopic.php?topic=103053&amp;attr=rat_count&amp;nodoc\">Holocausto<\/a>. <a href=\"https:\/\/www.filmaffinity.com\/es\/movietopic.php?topic=664233&amp;attr=rat_count&amp;nodoc\">II Guerra Mundial<\/a>. <a href=\"https:\/\/www.filmaffinity.com\/es\/movietopic.php?topic=751350&amp;attr=rat_count&amp;nodoc\">A\u00f1os 30<\/a>. <a href=\"https:\/\/www.filmaffinity.com\/es\/movietopic.php?topic=503186&amp;attr=rat_count&amp;nodoc\">A\u00f1os 40<\/a><\/dd>\n<dt>Sinopsis<\/dt>\n<dd>En 1939, a punto de estallar la Segunda Guerra Mundial (1939-1945), el extravagante Guido llega a Arezzo, en la Toscana, con la intenci\u00f3n de abrir una librer\u00eda. All\u00ed conoce a la encantadora Dora y, a pesar de que es la prometida del fascista Rodolfo, se casa con ella y tiene un hijo. Al estallar la guerra, los tres son internados en un campo de exterminio, donde Guido har\u00e1 lo imposible para hacer creer a su hijo que la terrible situaci\u00f3n que est\u00e1n padeciendo es tan s\u00f3lo un juego.<\/dd>\n<\/dl>\n<dl>\n<dt>Premios<\/dt>\n<dd>\n<div><a href=\"https:\/\/www.filmaffinity.com\/es\/awards.php?award_id=academy_awards&amp;year=1999\">1998<\/a>: 3 Oscars: Mejor actor (Benigni), pel\u00edcula habla no inglesa, bso. 7 nominaciones<\/div>\n<div><a href=\"https:\/\/www.filmaffinity.com\/es\/awards.php?award_id=cannes&amp;year=1998\">1998<\/a>: Festival de Cannes: Gran Premio Especial del Jurado. 2 nominaciones<\/div>\n<div><a href=\"https:\/\/www.filmaffinity.com\/es\/awards.php?award_id=bafta&amp;year=1999\">1998<\/a>: Premios BAFTA: Mejor actor (Benigni). 3 nominaciones<\/div>\n<div><a href=\"https:\/\/www.filmaffinity.com\/es\/awards.php?award_id=cesar&amp;year=1999\">1998<\/a>: Premios Cesar: Mejor pel\u00edcula extranjera<\/div>\n<div><a href=\"https:\/\/www.filmaffinity.com\/es\/awards.php?award_id=goya&amp;year=1999\">1998<\/a>: Premios Goya: Mejor pel\u00edcula europea<\/div>\n<div><a href=\"https:\/\/www.filmaffinity.com\/es\/awards.php?award_id=nbr&amp;year=1998\">1998<\/a>: National Board of Review: Premio especial (Roberto Benigni)<\/div>\n<div><a href=\"https:\/\/www.filmaffinity.com\/es\/film594480.html#\">Mostrar 10 premios m\u00e1s<\/a><\/div>\n<\/dd>\n<\/dl>\n<dl>\n<dt>Cr\u00edticas<\/dt>\n<dd>\n<ul id=\"pro-reviews\">\n<li>\n<div>\n<div>Hermos\u00edsima historia \u00abchaplinesca\u00bb que conquist\u00f3 el coraz\u00f3n de medio mundo. La ternura, la sonrisa y la tragedia se entremezclan -como hac\u00eda tiempo que no se hab\u00eda visto- en una pel\u00edcula imprescindible de los a\u00f1os noventa. Poco importa que a nivel art\u00edstico no sea una gran obra: su mensaje universal lo eclipsa todo, y lleg\u00f3 a todos. Su \u00e9xito fue enorme: el mayor logro internacional del cine italiano desde la \u00e9poca dorada de Fellini, multipremiada, formidables cr\u00edticas y una excelente taquilla son algunos de los datos de esta f\u00e1bula sobre el escapismo de la imaginaci\u00f3n en los tiempos del horror nazi. Si todav\u00eda no la ha disfrutado (especialmente la primera vez) v\u00e9ala cuanto antes: reir\u00e1 y llorar\u00e1 como todos.<\/div>\n<div>Pablo Kurt: <strong>FilmAffinity<\/strong><\/div>\n<\/div>\n<\/li>\n<li>\n<div>\n<div>\u00abBella y conmovedora\u00bb<\/div>\n<div>\u00c1ngel Fern\u00e1ndez Santos: Diario El Pa\u00eds<\/div>\n<\/div>\n<\/li>\n<li>\n<div>\n<div>\u00abMagn\u00edfica f\u00e1bula\u00bb<\/div>\n<div>Javier Oca\u00f1a: Cineman\u00eda<\/div>\n<\/div>\n<\/li>\n<li>\n<div>\n<div>\u00abEntra\u00f1able relato. Con desbordante creatividad, Benigni dirige, escribe y protagoniza la pel\u00edcula italiana m\u00e1s importante de la d\u00e9cada\u00bb<\/div>\n<div>Omar Khan: Diario El Pa\u00eds<\/div>\n<\/div>\n<\/li>\n<li>\n<div>\n<div>\u00abEn los aut\u00e9nticos campos de la muerte, no habr\u00eda un papel para Guido. Pero &#8216;La vida es bella&#8217; no trata sobre nazis, ni fascistas, sino sobre el esp\u00edritu humano (&#8230;) Puntuaci\u00f3n: \u2605\u2605\u2605\u00bd (sobre 4)\u00bb<\/div>\n<div>Roger Ebert: Chicago Sun-Times<\/div>\n<\/div>\n<\/li>\n<li>\n<div>\n<div>\u00abSe atreve a re\u00edrse en la cara de lo inimaginable (&#8230;) una pel\u00edcula sin pretensiones, enormemente agradable, que juega con la historia con seriedad y travesura\u00bb<\/div>\n<div>Janet Maslin: The New York Times<\/div>\n<\/div>\n<\/li>\n<li>\n<div>\n<div>\u00abEl primer dram\u00f3n del Holocausto que te hace sentir bien\u00bb<\/div>\n<div>Owen Gleiberman: Entertainment Weekly<\/div>\n<\/div>\n<\/li>\n<\/ul>\n<\/dd>\n<\/dl>\n<p><iframe loading=\"lazy\" src=\"https:\/\/www.youtube.com\/embed\/Qb3o7ywmh04\" frameborder=\"0\" width=\"598\" height=\"369\"><\/iframe><\/p>\n","protected":false},"excerpt":{"rendered":"<p>&nbsp; &nbsp; Desde la Concejal\u00eda de Cultura del Ayuntamiento de L&#8217;Olleria se ha organizado un autocine con proyecci\u00f3n de pel\u00edculas las noches de los viernes del mes de julio de 2020 a las 22:30 h. Esta iniciativa, que trata de aportar actividades de ocio seguras para nuestros vecinos y vecinas, surge ante la necesidad de [&hellip;]<\/p>\n","protected":false},"author":1,"featured_media":0,"comment_status":"closed","ping_status":"open","sticky":false,"template":"","format":"standard","meta":{"_monsterinsights_skip_tracking":false,"_monsterinsights_sitenote_active":false,"_monsterinsights_sitenote_note":"","_monsterinsights_sitenote_category":0},"categories":[15,12],"tags":[],"_links":{"self":[{"href":"http:\/\/www.portaldelolleria.es\/index.php?rest_route=\/wp\/v2\/posts\/25476"}],"collection":[{"href":"http:\/\/www.portaldelolleria.es\/index.php?rest_route=\/wp\/v2\/posts"}],"about":[{"href":"http:\/\/www.portaldelolleria.es\/index.php?rest_route=\/wp\/v2\/types\/post"}],"author":[{"embeddable":true,"href":"http:\/\/www.portaldelolleria.es\/index.php?rest_route=\/wp\/v2\/users\/1"}],"replies":[{"embeddable":true,"href":"http:\/\/www.portaldelolleria.es\/index.php?rest_route=%2Fwp%2Fv2%2Fcomments&post=25476"}],"version-history":[{"count":4,"href":"http:\/\/www.portaldelolleria.es\/index.php?rest_route=\/wp\/v2\/posts\/25476\/revisions"}],"predecessor-version":[{"id":25484,"href":"http:\/\/www.portaldelolleria.es\/index.php?rest_route=\/wp\/v2\/posts\/25476\/revisions\/25484"}],"wp:attachment":[{"href":"http:\/\/www.portaldelolleria.es\/index.php?rest_route=%2Fwp%2Fv2%2Fmedia&parent=25476"}],"wp:term":[{"taxonomy":"category","embeddable":true,"href":"http:\/\/www.portaldelolleria.es\/index.php?rest_route=%2Fwp%2Fv2%2Fcategories&post=25476"},{"taxonomy":"post_tag","embeddable":true,"href":"http:\/\/www.portaldelolleria.es\/index.php?rest_route=%2Fwp%2Fv2%2Ftags&post=25476"}],"curies":[{"name":"wp","href":"https:\/\/api.w.org\/{rel}","templated":true}]}}