{"id":25493,"date":"2020-07-05T11:00:59","date_gmt":"2020-07-05T09:00:59","guid":{"rendered":"http:\/\/www.portaldelolleria.es\/?p=25493"},"modified":"2020-07-05T12:45:21","modified_gmt":"2020-07-05T10:45:21","slug":"lolleria-fs-celebra-su-ascenso-con-la-tradicional-recepcion-y-ofrenda","status":"publish","type":"post","link":"http:\/\/www.portaldelolleria.es\/?p=25493","title":{"rendered":"L&#8217;Olleria FS, celebra su ascenso con la tradicional recepci\u00f3n y ofrenda"},"content":{"rendered":"<p><img loading=\"lazy\" class=\"aligncenter size-full wp-image-25502\" title=\"fs_campeones_006\" src=\"http:\/\/www.portaldelolleria.es\/wp-content\/uploads\/2020\/07\/fs_campeones_0061.jpg\" alt=\"\" width=\"598\" height=\"399\" srcset=\"http:\/\/www.portaldelolleria.es\/wp-content\/uploads\/2020\/07\/fs_campeones_0061.jpg 598w, http:\/\/www.portaldelolleria.es\/wp-content\/uploads\/2020\/07\/fs_campeones_0061-300x200.jpg 300w\" sizes=\"(max-width: 598px) 100vw, 598px\" \/><\/p>\n<p style=\"text-align: justify;\">Todos los componentes de CFS L&#8217;Olleria la Vall d&#8217;Albaida,\u00a0 celebraron este s\u00e1bado el campeonato obtenido en el Grupo I de Regional Preferente y el ascenso a tercera divisi\u00f3n para la pr\u00f3xima temporada.<\/p>\n<p style=\"text-align: justify;\">La comitiva comenz\u00f3 su recorrido desde el parque hasta la calle Sto. Tom\u00e1s,\u00a0 portando la ofrenda floral a la patrona. El pasacalles se realiz\u00f3 en la m\u00e1s estricta intimidad,\u00a0 por razones obvias de seguridad en materia de salud,\u00a0 con objeto de evitar aglomeraciones, que en cualquier situaci\u00f3n normal habr\u00edan lucido el evento con la festividad que le corresponder\u00eda.<\/p>\n<p style=\"text-align: justify;\">Antes de dirigirse a la iglesia,\u00a0 se realiz\u00f3 una parada en el Ayuntamiento donde fueron recibidos por el Alcalde para recibir las felicitaciones oficiales en nombre de l&#8217;Olleria, adem\u00e1s de los discursos habituales de agradecimientos, para trasladarse posteriormente a la iglesia de la Virg\u00e9n de Loreto donde se realiz\u00f3 la ofrenda en agradecimiento por el \u00e9xito conseguido.<\/p>\n<p style=\"text-align: justify;\">La celebraci\u00f3n continu\u00f3 en el punto de partida con una cena entre todos los componentes del Club,\u00a0 con lo que se pone el punto final a una temporada que finaliz\u00f3 precipitadamente, pero de la que pocos dudan que en condiciones normales habr\u00eda finalizado con el mismo resultado.<\/p>\n<p><img loading=\"lazy\" class=\"aligncenter size-full wp-image-25494\" title=\"fs_campeones_036\" src=\"http:\/\/www.portaldelolleria.es\/wp-content\/uploads\/2020\/07\/fs_campeones_036.jpg\" alt=\"\" width=\"598\" height=\"380\" srcset=\"http:\/\/www.portaldelolleria.es\/wp-content\/uploads\/2020\/07\/fs_campeones_036.jpg 598w, http:\/\/www.portaldelolleria.es\/wp-content\/uploads\/2020\/07\/fs_campeones_036-300x190.jpg 300w\" sizes=\"(max-width: 598px) 100vw, 598px\" \/><\/p>\n<p style=\"text-align: justify;\"><span style=\"color: #003366;\">Tots els components de CFS l&#8217;Olleria la Vall d&#8217;Albaida, van celebrar aquest dissabte el campionat obtingut en el Grup I de Regional Preferent i l&#8217;ascens a tercera divisi\u00f3 per a la temporada que ve.<\/span><\/p>\n<p><span style=\"color: #003366;\">La comitiva va comen\u00e7ar el seu recorregut des del parc fins al carrer St.. Tom\u00e0s, portant l&#8217;ofrena floral a la patrona. La cercavila es va realitzar en la m\u00e9s estricta intimitat, per raons \u00f2bvies de seguretat en mat\u00e8ria de salut, a fi d&#8217;evitar aglomeracions, que en qualsevol situaci\u00f3 normal haurien llu\u00eft l&#8217;esdeveniment amb la festivitat que li correspondria.<\/span><\/p>\n<p><span style=\"color: #003366;\">Abans de dirigir-se a l&#8217;esgl\u00e9sia, es va realitzar una parada a l&#8217;Ajuntament on van ser rebuts per l&#8217;Alcalde per rebre les felicitacions oficials en nom de l&#8217;Olleria, a m\u00e9s dels discursos habituals d&#8217;agra\u00efments, per traslladar-se posteriorment a l&#8217;esgl\u00e9sia de la Mare de D\u00e9u de Loreto on es va realitzar l&#8217;ofrena en agra\u00efment per l&#8217;\u00e8xit aconseguit.<\/span><\/p>\n<p><span style=\"color: #003366;\">La celebraci\u00f3 va continuar en el punt de partida amb un sopar entre tots els components de l&#8217;Club, amb el que es posa el punt final a una temporada que va finalitzar precipitadament, per\u00f2 de la qual pocs dubten que en condicions normals hauria finalitzat amb el mateix resultat.<\/span><\/p>\n<p style=\"text-align: center;\"><a href=\"https:\/\/www.flickr.com\/photos\/186124381@N03\/albums\/72157714975222226\" target=\"_blank\"><img loading=\"lazy\" class=\"aligncenter size-full wp-image-25495\" title=\"fs_campeones_050\" src=\"http:\/\/www.portaldelolleria.es\/wp-content\/uploads\/2020\/07\/fs_campeones_050.jpg\" alt=\"\" width=\"598\" height=\"345\" srcset=\"http:\/\/www.portaldelolleria.es\/wp-content\/uploads\/2020\/07\/fs_campeones_050.jpg 598w, http:\/\/www.portaldelolleria.es\/wp-content\/uploads\/2020\/07\/fs_campeones_050-300x173.jpg 300w\" sizes=\"(max-width: 598px) 100vw, 598px\" \/><\/a><\/p>\n<p style=\"text-align: center;\">\/\/\/\/\/\/\/\/\/\/\/\/\/\/\/\/\/\/\/\/\/\/\/\/\/\/\/\/\/\/<\/p>\n<p style=\"text-align: center;\"><em>Por su partel el Portal,\u00a0 felicita a <strong>Javier Cebri\u00e1n<\/strong>, por su reportajes gr\u00e1ficos y el seguimiento del equipo durante toda la temporada, y gracias al cual hemos conocido un poco mejor la trayectoria de CFS L&#8217;Olleria<\/em><\/p>\n<p style=\"text-align: justify;\"><img loading=\"lazy\" class=\"aligncenter size-full wp-image-25500\" title=\"IMG_4421\" src=\"http:\/\/www.portaldelolleria.es\/wp-content\/uploads\/2020\/07\/IMG_4421.jpg\" alt=\"\" width=\"598\" height=\"369\" srcset=\"http:\/\/www.portaldelolleria.es\/wp-content\/uploads\/2020\/07\/IMG_4421.jpg 598w, http:\/\/www.portaldelolleria.es\/wp-content\/uploads\/2020\/07\/IMG_4421-300x185.jpg 300w\" sizes=\"(max-width: 598px) 100vw, 598px\" \/><\/p>\n","protected":false},"excerpt":{"rendered":"<p>Todos los componentes de CFS L&#8217;Olleria la Vall d&#8217;Albaida,\u00a0 celebraron este s\u00e1bado el campeonato obtenido en el Grupo I de Regional Preferente y el ascenso a tercera divisi\u00f3n para la pr\u00f3xima temporada. La comitiva comenz\u00f3 su recorrido desde el parque hasta la calle Sto. Tom\u00e1s,\u00a0 portando la ofrenda floral a la patrona. El pasacalles se [&hellip;]<\/p>\n","protected":false},"author":1,"featured_media":0,"comment_status":"closed","ping_status":"open","sticky":false,"template":"","format":"standard","meta":{"_monsterinsights_skip_tracking":false,"_monsterinsights_sitenote_active":false,"_monsterinsights_sitenote_note":"","_monsterinsights_sitenote_category":0},"categories":[9,12],"tags":[],"_links":{"self":[{"href":"http:\/\/www.portaldelolleria.es\/index.php?rest_route=\/wp\/v2\/posts\/25493"}],"collection":[{"href":"http:\/\/www.portaldelolleria.es\/index.php?rest_route=\/wp\/v2\/posts"}],"about":[{"href":"http:\/\/www.portaldelolleria.es\/index.php?rest_route=\/wp\/v2\/types\/post"}],"author":[{"embeddable":true,"href":"http:\/\/www.portaldelolleria.es\/index.php?rest_route=\/wp\/v2\/users\/1"}],"replies":[{"embeddable":true,"href":"http:\/\/www.portaldelolleria.es\/index.php?rest_route=%2Fwp%2Fv2%2Fcomments&post=25493"}],"version-history":[{"count":5,"href":"http:\/\/www.portaldelolleria.es\/index.php?rest_route=\/wp\/v2\/posts\/25493\/revisions"}],"predecessor-version":[{"id":25503,"href":"http:\/\/www.portaldelolleria.es\/index.php?rest_route=\/wp\/v2\/posts\/25493\/revisions\/25503"}],"wp:attachment":[{"href":"http:\/\/www.portaldelolleria.es\/index.php?rest_route=%2Fwp%2Fv2%2Fmedia&parent=25493"}],"wp:term":[{"taxonomy":"category","embeddable":true,"href":"http:\/\/www.portaldelolleria.es\/index.php?rest_route=%2Fwp%2Fv2%2Fcategories&post=25493"},{"taxonomy":"post_tag","embeddable":true,"href":"http:\/\/www.portaldelolleria.es\/index.php?rest_route=%2Fwp%2Fv2%2Ftags&post=25493"}],"curies":[{"name":"wp","href":"https:\/\/api.w.org\/{rel}","templated":true}]}}