{"id":25521,"date":"2020-07-08T12:10:35","date_gmt":"2020-07-08T10:10:35","guid":{"rendered":"http:\/\/www.portaldelolleria.es\/?p=25521"},"modified":"2020-07-08T12:11:08","modified_gmt":"2020-07-08T10:11:08","slug":"lolleria-cf-comienza-a-perfilar-su-plantilla-cara-a-la-temporada-202021","status":"publish","type":"post","link":"http:\/\/www.portaldelolleria.es\/?p=25521","title":{"rendered":"L&#8217;Olleria CF comienza a perfilar su plantilla cara a la temporada 2020\/21."},"content":{"rendered":"<p><a href=\"http:\/\/www.portaldelolleria.es\/wp-content\/uploads\/2020\/07\/PORTAL.jpg\"><img loading=\"lazy\" class=\"aligncenter size-full wp-image-25527\" title=\"PORTAL\" src=\"http:\/\/www.portaldelolleria.es\/wp-content\/uploads\/2020\/07\/PORTAL.jpg\" alt=\"\" width=\"598\" height=\"399\" srcset=\"http:\/\/www.portaldelolleria.es\/wp-content\/uploads\/2020\/07\/PORTAL.jpg 598w, http:\/\/www.portaldelolleria.es\/wp-content\/uploads\/2020\/07\/PORTAL-300x200.jpg 300w\" sizes=\"(max-width: 598px) 100vw, 598px\" \/><\/a><\/p>\n<p>L&#8217;Olleria CF comienza a perfilar su plantilla cara a la temporada 2020\/21.<\/p>\n<p>La \u00faltima campa\u00f1a finaliz\u00f3 en la s\u00e9ptima plaza, con un final precipitado de temporada por culpa del covid19.\u00a0\u00a0 El proyecto tanto en juego desplegado como en resultados, no hab\u00eda cuajado.\u00a0 En la pr\u00f3xima, <strong>Jos\u00e9 Jaime Alemany, y Roberto Carlos Navarro <\/strong>(2\u00baentrenador)<strong>, \u00a0 <\/strong>deber\u00e1n dise\u00f1ar una plantilla,\u00a0 que al menos propicie la vuelta de aficionados al campo de La Solana.<\/p>\n<p>&nbsp;<\/p>\n<p>&nbsp;<\/p>\n<p><a href=\"http:\/\/www.portaldelolleria.es\/wp-content\/uploads\/2020\/07\/emilio-ortola.jpg\"><img loading=\"lazy\" class=\"aligncenter size-full wp-image-25522\" title=\"emilio-ortola\" src=\"http:\/\/www.portaldelolleria.es\/wp-content\/uploads\/2020\/07\/emilio-ortola.jpg\" alt=\"\" width=\"598\" height=\"322\" srcset=\"http:\/\/www.portaldelolleria.es\/wp-content\/uploads\/2020\/07\/emilio-ortola.jpg 598w, http:\/\/www.portaldelolleria.es\/wp-content\/uploads\/2020\/07\/emilio-ortola-300x161.jpg 300w\" sizes=\"(max-width: 598px) 100vw, 598px\" \/><\/a><\/p>\n<p><strong>Emilio Ortol\u00e1<\/strong> <strong>Benavent<\/strong>,\u00a0 Llutxent (1992)\u00a0 El ex de Atzeneta lleg\u00f3 a l\u2019Olleria el 20 de julio de 2016,\u00a0 desde entonces ha sido una de las piezas principales para todos los entranadores que han pasado por el banquillo. Calidad y entrega sin limites,\u00a0 son sus principales virtudes.\u00a0 Su <span style=\"text-decoration: underline;\">renovaci\u00f3n<\/span> garantiza una pieza fundamental para el centro del campo.<\/p>\n<p>&nbsp;<\/p>\n<div id=\"attachment_25524\" style=\"width: 608px\" class=\"wp-caption aligncenter\"><a href=\"http:\/\/www.portaldelolleria.es\/wp-content\/uploads\/2020\/07\/85239293_2691190030950347_9122271496004173824_o.jpg\"><img aria-describedby=\"caption-attachment-25524\" loading=\"lazy\" class=\"size-full wp-image-25524\" title=\"85239293_2691190030950347_9122271496004173824_o\" src=\"http:\/\/www.portaldelolleria.es\/wp-content\/uploads\/2020\/07\/85239293_2691190030950347_9122271496004173824_o.jpg\" alt=\"\" width=\"598\" height=\"399\" srcset=\"http:\/\/www.portaldelolleria.es\/wp-content\/uploads\/2020\/07\/85239293_2691190030950347_9122271496004173824_o.jpg 598w, http:\/\/www.portaldelolleria.es\/wp-content\/uploads\/2020\/07\/85239293_2691190030950347_9122271496004173824_o-300x200.jpg 300w\" sizes=\"(max-width: 598px) 100vw, 598px\" \/><\/a><p id=\"caption-attachment-25524\" class=\"wp-caption-text\">foto: CF Bellreguard<\/p><\/div>\n<p><strong>Jean Paul Monta\u00f1o Balanta<\/strong> jugador procedente del C.F. Bellreguard donde fue un hombre clave en el ascenso a primera regional tambi\u00e9n particip\u00f3 en el ascenso del CF Gand\u00eda hace dos temporadas. Jugador de gran calidad y fuerza y con experiencia en regional preferente, en Colombia va jugar en Santos Palmira 3ra, Orsomarso SC 2\u00aa sean juvenil.<\/p>\n<p>&nbsp;<\/p>\n<div id=\"attachment_25525\" style=\"width: 608px\" class=\"wp-caption aligncenter\"><a href=\"http:\/\/www.portaldelolleria.es\/wp-content\/uploads\/2020\/07\/alex-md.jpg\"><img aria-describedby=\"caption-attachment-25525\" loading=\"lazy\" class=\"size-full wp-image-25525\" title=\"alex md\" src=\"http:\/\/www.portaldelolleria.es\/wp-content\/uploads\/2020\/07\/alex-md.jpg\" alt=\"\" width=\"598\" height=\"273\" srcset=\"http:\/\/www.portaldelolleria.es\/wp-content\/uploads\/2020\/07\/alex-md.jpg 598w, http:\/\/www.portaldelolleria.es\/wp-content\/uploads\/2020\/07\/alex-md-300x136.jpg 300w\" sizes=\"(max-width: 598px) 100vw, 598px\" \/><\/a><p id=\"caption-attachment-25525\" class=\"wp-caption-text\">foto: UD Montaverner<\/p><\/div>\n<p>&nbsp;<\/p>\n<p><strong>\u00c1lex Domingo \u00abDomi\u00bb<\/strong> un defensa central r\u00e1pido y con experiencia en el campo, procede de la UD Montaverner donde milit\u00f3 varias temporadas y obstentaba la capitan\u00eda del equipo.<\/p>\n<p>&nbsp;<\/p>\n<p>&nbsp;<\/p>\n<p><a href=\"http:\/\/www.portaldelolleria.es\/wp-content\/uploads\/2020\/07\/jonathan-colomer.jpg\"><img loading=\"lazy\" class=\"aligncenter size-full wp-image-25526\" title=\"jonathan colomer\" src=\"http:\/\/www.portaldelolleria.es\/wp-content\/uploads\/2020\/07\/jonathan-colomer.jpg\" alt=\"\" width=\"598\" height=\"324\" srcset=\"http:\/\/www.portaldelolleria.es\/wp-content\/uploads\/2020\/07\/jonathan-colomer.jpg 598w, http:\/\/www.portaldelolleria.es\/wp-content\/uploads\/2020\/07\/jonathan-colomer-300x162.jpg 300w\" sizes=\"(max-width: 598px) 100vw, 598px\" \/><\/a><\/p>\n<p><strong>Jonathan Colomer P\u00e9rez<\/strong> (1995) El de Salem, es un \u201cviejo\u201d conocido de la afici\u00f3n olleriense, ya que lleg\u00f3 al club en la navidad de 2014 y particip\u00f3 en los grandes momentos que el equipo vivi\u00f3 en estos \u00faltimos a\u00f1os.\u00a0 Sus compromisos laborales no le han permitido la continuidad deseada.\u00a0\u00a0 El ex de Benig\u00e0nim, Hurac\u00e1n o Levante (juveniles), se caracteriza como un jugador r\u00e1pido, t\u00e9cnico y desequilibrante.<\/p>\n","protected":false},"excerpt":{"rendered":"<p>L&#8217;Olleria CF comienza a perfilar su plantilla cara a la temporada 2020\/21. La \u00faltima campa\u00f1a finaliz\u00f3 en la s\u00e9ptima plaza, con un final precipitado de temporada por culpa del covid19.\u00a0\u00a0 El proyecto tanto en juego desplegado como en resultados, no hab\u00eda cuajado.\u00a0 En la pr\u00f3xima, Jos\u00e9 Jaime Alemany, y Roberto Carlos Navarro (2\u00baentrenador), \u00a0 deber\u00e1n [&hellip;]<\/p>\n","protected":false},"author":1,"featured_media":0,"comment_status":"closed","ping_status":"open","sticky":false,"template":"","format":"standard","meta":{"_monsterinsights_skip_tracking":false,"_monsterinsights_sitenote_active":false,"_monsterinsights_sitenote_note":"","_monsterinsights_sitenote_category":0},"categories":[9,12],"tags":[],"_links":{"self":[{"href":"http:\/\/www.portaldelolleria.es\/index.php?rest_route=\/wp\/v2\/posts\/25521"}],"collection":[{"href":"http:\/\/www.portaldelolleria.es\/index.php?rest_route=\/wp\/v2\/posts"}],"about":[{"href":"http:\/\/www.portaldelolleria.es\/index.php?rest_route=\/wp\/v2\/types\/post"}],"author":[{"embeddable":true,"href":"http:\/\/www.portaldelolleria.es\/index.php?rest_route=\/wp\/v2\/users\/1"}],"replies":[{"embeddable":true,"href":"http:\/\/www.portaldelolleria.es\/index.php?rest_route=%2Fwp%2Fv2%2Fcomments&post=25521"}],"version-history":[{"count":3,"href":"http:\/\/www.portaldelolleria.es\/index.php?rest_route=\/wp\/v2\/posts\/25521\/revisions"}],"predecessor-version":[{"id":25530,"href":"http:\/\/www.portaldelolleria.es\/index.php?rest_route=\/wp\/v2\/posts\/25521\/revisions\/25530"}],"wp:attachment":[{"href":"http:\/\/www.portaldelolleria.es\/index.php?rest_route=%2Fwp%2Fv2%2Fmedia&parent=25521"}],"wp:term":[{"taxonomy":"category","embeddable":true,"href":"http:\/\/www.portaldelolleria.es\/index.php?rest_route=%2Fwp%2Fv2%2Fcategories&post=25521"},{"taxonomy":"post_tag","embeddable":true,"href":"http:\/\/www.portaldelolleria.es\/index.php?rest_route=%2Fwp%2Fv2%2Ftags&post=25521"}],"curies":[{"name":"wp","href":"https:\/\/api.w.org\/{rel}","templated":true}]}}