{"id":25542,"date":"2020-07-10T12:54:18","date_gmt":"2020-07-10T10:54:18","guid":{"rendered":"http:\/\/www.portaldelolleria.es\/?p=25542"},"modified":"2020-07-10T12:54:18","modified_gmt":"2020-07-10T10:54:18","slug":"dani-cerda-renueva-y-javi-mompo-vuelve-a-casa","status":"publish","type":"post","link":"http:\/\/www.portaldelolleria.es\/?p=25542","title":{"rendered":"Dani Cerd\u00e0 renueva y Javi Momp\u00f3 \u00abvuelve a casa\u00bb"},"content":{"rendered":"<p><a href=\"http:\/\/www.portaldelolleria.es\/wp-content\/uploads\/2020\/07\/olleriacf_sesion21.jpg\"><img loading=\"lazy\" class=\"aligncenter size-full wp-image-25546\" title=\"olleriacf_sesion2\" src=\"http:\/\/www.portaldelolleria.es\/wp-content\/uploads\/2020\/07\/olleriacf_sesion21.jpg\" alt=\"\" width=\"598\" height=\"399\" srcset=\"http:\/\/www.portaldelolleria.es\/wp-content\/uploads\/2020\/07\/olleriacf_sesion21.jpg 598w, http:\/\/www.portaldelolleria.es\/wp-content\/uploads\/2020\/07\/olleriacf_sesion21-300x200.jpg 300w\" sizes=\"(max-width: 598px) 100vw, 598px\" \/><\/a><\/p>\n<p>L&#8217;Olleria CF,\u00a0 se asegura la incorporaci\u00f3n de dos nuevos efectivos de suma importancia para el equipo.\u00a0 Por un lado la renovaci\u00f3n de Dani Cerd\u00e0, con lo que se garantiza la \u00abtranquilidad\u00bb en la porteria y la reincorporaci\u00f3n de el gran capit\u00e1n,\u00a0 Javier Momp\u00f3\u00a0 que &#8230;&#8230;&#8230;..\u00bbvuelve a casa\u00bb.<\/p>\n<p><a href=\"http:\/\/www.portaldelolleria.es\/wp-content\/uploads\/2020\/07\/IMG_4592.jpg\"><img loading=\"lazy\" class=\"aligncenter size-full wp-image-25543\" title=\"IMG_4592\" src=\"http:\/\/www.portaldelolleria.es\/wp-content\/uploads\/2020\/07\/IMG_4592.jpg\" alt=\"\" width=\"598\" height=\"367\" srcset=\"http:\/\/www.portaldelolleria.es\/wp-content\/uploads\/2020\/07\/IMG_4592.jpg 598w, http:\/\/www.portaldelolleria.es\/wp-content\/uploads\/2020\/07\/IMG_4592-300x184.jpg 300w\" sizes=\"(max-width: 598px) 100vw, 598px\" \/><\/a><\/p>\n<p><strong>Dani Cerd\u00e0<\/strong> , natural de Montesa,\u00a0 como portero ha militado en equipos como el X\u00e1tiva FB, o el FC Porto Dragon Force Valencia, equipo de procedencia antes de su llegada el a\u00f1o pasado a l&#8217;Olleria, y con el que consigui\u00f3 ser nombrado mejor portero en el torneo internacional Copa Mallorca 2017 en la categor\u00eda de juveniles.\u00a0 En esta temporada ha demostrado ser una garant\u00eda bajo palos adem\u00e1s de un constante apoyo a sus compa\u00f1eros en el campo.\u00a0 Su presencia aporta tranquilidad al resto del\u00a0 equipo.\u00a0 Gran agilidad\u00a0 y buen posicionamiento en porteria.\u00a0 Es una renovaci\u00f3n muy importante para el equipo.<\/p>\n<p><a href=\"http:\/\/www.portaldelolleria.es\/wp-content\/uploads\/2020\/07\/IMG_4221.jpg\"><img loading=\"lazy\" class=\"aligncenter size-full wp-image-25544\" title=\"IMG_4221\" src=\"http:\/\/www.portaldelolleria.es\/wp-content\/uploads\/2020\/07\/IMG_4221.jpg\" alt=\"\" width=\"598\" height=\"403\" srcset=\"http:\/\/www.portaldelolleria.es\/wp-content\/uploads\/2020\/07\/IMG_4221.jpg 598w, http:\/\/www.portaldelolleria.es\/wp-content\/uploads\/2020\/07\/IMG_4221-300x202.jpg 300w\" sizes=\"(max-width: 598px) 100vw, 598px\" \/><\/a><\/p>\n<p><strong>Javier Momp\u00f3 Borr\u00e1s<\/strong>,\u00a0 olleriense\u00a0 y uno de los grandes capitanes del equipo en la \u00faltima d\u00e9cada.\u00a0\u00a0\u00a0 Particip\u00f3 de forma activa en la gesta del ascenso, es una pieza fundamental en el vestuario.\u00a0 Tras un a\u00f1o de \u00abautoexilio\u00bb en Ontinyent,\u00a0 retorna a \u00absu casa\u00bb.\u00a0 Es un jugador contundente y muy experimentado,\u00a0 condiciones fundamentales para la l\u00ednea defensiva del equipo.<\/p>\n<p>&nbsp;<\/p>\n<p>\/\/\/\/\/\/\/\/\/\/\/\/\/\/\/\/\/\/\/\/\/\/\/\/\/\/\/\/\/\/\/\/\/\/<\/p>\n<p>noticia relacionada:<\/p>\n<div id=\"attachment_25547\" style=\"width: 608px\" class=\"wp-caption aligncenter\"><a href=\"http:\/\/www.portaldelolleria.es\/2020\/07\/08\/lolleria-cf-comienza-a-perfilar-su-plantilla-cara-a-la-temporada-202021\/#.XwhG7SNS-Uk\" target=\"_blank\"><img aria-describedby=\"caption-attachment-25547\" loading=\"lazy\" class=\"size-full wp-image-25547 \" title=\"PORTAL\" src=\"http:\/\/www.portaldelolleria.es\/wp-content\/uploads\/2020\/07\/PORTAL1.jpg\" alt=\"\" width=\"598\" height=\"399\" srcset=\"http:\/\/www.portaldelolleria.es\/wp-content\/uploads\/2020\/07\/PORTAL1.jpg 598w, http:\/\/www.portaldelolleria.es\/wp-content\/uploads\/2020\/07\/PORTAL1-300x200.jpg 300w\" sizes=\"(max-width: 598px) 100vw, 598px\" \/><\/a><p id=\"caption-attachment-25547\" class=\"wp-caption-text\">L&#39;Olleria CF comienza a perfilar su plantilla cara a la pr\u00f3xima temporada<\/p><\/div>\n","protected":false},"excerpt":{"rendered":"<p>L&#8217;Olleria CF,\u00a0 se asegura la incorporaci\u00f3n de dos nuevos efectivos de suma importancia para el equipo.\u00a0 Por un lado la renovaci\u00f3n de Dani Cerd\u00e0, con lo que se garantiza la \u00abtranquilidad\u00bb en la porteria y la reincorporaci\u00f3n de el gran capit\u00e1n,\u00a0 Javier Momp\u00f3\u00a0 que &#8230;&#8230;&#8230;..\u00bbvuelve a casa\u00bb. Dani Cerd\u00e0 , natural de Montesa,\u00a0 como portero [&hellip;]<\/p>\n","protected":false},"author":1,"featured_media":0,"comment_status":"closed","ping_status":"open","sticky":false,"template":"","format":"standard","meta":{"_monsterinsights_skip_tracking":false,"_monsterinsights_sitenote_active":false,"_monsterinsights_sitenote_note":"","_monsterinsights_sitenote_category":0},"categories":[9,12],"tags":[],"_links":{"self":[{"href":"http:\/\/www.portaldelolleria.es\/index.php?rest_route=\/wp\/v2\/posts\/25542"}],"collection":[{"href":"http:\/\/www.portaldelolleria.es\/index.php?rest_route=\/wp\/v2\/posts"}],"about":[{"href":"http:\/\/www.portaldelolleria.es\/index.php?rest_route=\/wp\/v2\/types\/post"}],"author":[{"embeddable":true,"href":"http:\/\/www.portaldelolleria.es\/index.php?rest_route=\/wp\/v2\/users\/1"}],"replies":[{"embeddable":true,"href":"http:\/\/www.portaldelolleria.es\/index.php?rest_route=%2Fwp%2Fv2%2Fcomments&post=25542"}],"version-history":[{"count":1,"href":"http:\/\/www.portaldelolleria.es\/index.php?rest_route=\/wp\/v2\/posts\/25542\/revisions"}],"predecessor-version":[{"id":25549,"href":"http:\/\/www.portaldelolleria.es\/index.php?rest_route=\/wp\/v2\/posts\/25542\/revisions\/25549"}],"wp:attachment":[{"href":"http:\/\/www.portaldelolleria.es\/index.php?rest_route=%2Fwp%2Fv2%2Fmedia&parent=25542"}],"wp:term":[{"taxonomy":"category","embeddable":true,"href":"http:\/\/www.portaldelolleria.es\/index.php?rest_route=%2Fwp%2Fv2%2Fcategories&post=25542"},{"taxonomy":"post_tag","embeddable":true,"href":"http:\/\/www.portaldelolleria.es\/index.php?rest_route=%2Fwp%2Fv2%2Ftags&post=25542"}],"curies":[{"name":"wp","href":"https:\/\/api.w.org\/{rel}","templated":true}]}}