{"id":25550,"date":"2020-07-10T18:59:56","date_gmt":"2020-07-10T16:59:56","guid":{"rendered":"http:\/\/www.portaldelolleria.es\/?p=25550"},"modified":"2020-07-10T18:59:56","modified_gmt":"2020-07-10T16:59:56","slug":"pirotecnia-nadal-marti-ofrecera-una-mascleta-nocturna-este-sabado","status":"publish","type":"post","link":"http:\/\/www.portaldelolleria.es\/?p=25550","title":{"rendered":"Pirot\u00e9cnia Nadal Mart\u00ed ofrecer\u00e1 una masclet\u00e0 nocturna, este s\u00e1bado"},"content":{"rendered":"<p><a href=\"http:\/\/www.portaldelolleria.es\/wp-content\/uploads\/2020\/07\/mascleta.jpg\"><img loading=\"lazy\" class=\"aligncenter size-full wp-image-25551\" title=\"mascleta\" src=\"http:\/\/www.portaldelolleria.es\/wp-content\/uploads\/2020\/07\/mascleta.jpg\" alt=\"\" width=\"598\" height=\"399\" srcset=\"http:\/\/www.portaldelolleria.es\/wp-content\/uploads\/2020\/07\/mascleta.jpg 598w, http:\/\/www.portaldelolleria.es\/wp-content\/uploads\/2020\/07\/mascleta-300x200.jpg 300w\" sizes=\"(max-width: 598px) 100vw, 598px\" \/><\/a><\/p>\n<p>&nbsp;<\/p>\n<p style=\"text-align: justify;\"><strong>Masclet\u00e0 nocturna el s\u00e1bado 11 de julio a las 22 h<\/strong><\/p>\n<div style=\"text-align: justify;\">\n<p>El s\u00e1bado 11 de julio a las 22 h en el Parque Beat Pare Ferreres de L&#8217;Olleria tendr\u00e1 lugar una Masclet\u00e0 Nocturna de la mano de la Pirotecnia Nadal Mart\u00ed, gracias a la aportaci\u00f3n y afici\u00f3n\u00a0 de unos vecinos holandeses clientes de la pirot\u00e9cnia.<\/p>\n<\/div>\n<p style=\"text-align: justify;\">No se trata de un \u00abcastillo\u00bb de fuegos artificiales.\u00a0 Una masclet\u00e0 nocturna es una masclet\u00e0 disparada de noche, con colores y se diferencia de los fuegos artificiales en que tiene el ritmo de la mascleta diurna tradicional y su duraci\u00f3n es inferior a la de un castillo.<\/p>\n<p style=\"text-align: justify;\">_____________________________<\/p>\n<p style=\"text-align: justify;\"><span style=\"color: #003366;\"><strong>Masclet\u00e0 nocturna el dissabte 11 de juliol a les 22 h<\/strong><\/span><\/p>\n<p style=\"text-align: justify;\"><span style=\"color: #003366;\">El dissabte 11 de juliol a les 22 h al Parc Beat Pare Ferreres de l&#8217;Olleria tindr\u00e0 lloc una Masclet\u00e0 Nocturna de la m\u00e0 de la Pirot\u00e8cnia Nadal Mart\u00ed, gr\u00e0cies a l&#8217;aportaci\u00f3 i afici\u00f3 d&#8217;uns ve\u00efns holandesos clients de la pirot\u00e8cnia.<\/span><\/p>\n<p style=\"text-align: justify;\"><span style=\"color: #003366;\">No es tracta d&#8217;un \u00abcastell\u00bb de focs artificials. Una masclet\u00e0 nocturna \u00e9s una masclet\u00e0 disparada de nit, amb colors i es diferencia dels focs artificials en qu\u00e8 t\u00e9 el ritme de la mascleta di\u00fcrna tradicional i la seva durada \u00e9s inferior a la d&#8217;un castell.<\/span><\/p>\n<p>&nbsp;<\/p>\n<p>ejemplo de masclet\u00e0 nocturna<br \/>\n<iframe loading=\"lazy\" src=\"https:\/\/www.youtube.com\/embed\/BMm1a52THT0\" frameborder=\"0\" width=\"598\" height=\"369\"><\/iframe><\/p>\n","protected":false},"excerpt":{"rendered":"<p>&nbsp; Masclet\u00e0 nocturna el s\u00e1bado 11 de julio a las 22 h El s\u00e1bado 11 de julio a las 22 h en el Parque Beat Pare Ferreres de L&#8217;Olleria tendr\u00e1 lugar una Masclet\u00e0 Nocturna de la mano de la Pirotecnia Nadal Mart\u00ed, gracias a la aportaci\u00f3n y afici\u00f3n\u00a0 de unos vecinos holandeses clientes de la [&hellip;]<\/p>\n","protected":false},"author":1,"featured_media":0,"comment_status":"closed","ping_status":"open","sticky":false,"template":"","format":"standard","meta":{"_monsterinsights_skip_tracking":false,"_monsterinsights_sitenote_active":false,"_monsterinsights_sitenote_note":"","_monsterinsights_sitenote_category":0},"categories":[16,12],"tags":[],"_links":{"self":[{"href":"http:\/\/www.portaldelolleria.es\/index.php?rest_route=\/wp\/v2\/posts\/25550"}],"collection":[{"href":"http:\/\/www.portaldelolleria.es\/index.php?rest_route=\/wp\/v2\/posts"}],"about":[{"href":"http:\/\/www.portaldelolleria.es\/index.php?rest_route=\/wp\/v2\/types\/post"}],"author":[{"embeddable":true,"href":"http:\/\/www.portaldelolleria.es\/index.php?rest_route=\/wp\/v2\/users\/1"}],"replies":[{"embeddable":true,"href":"http:\/\/www.portaldelolleria.es\/index.php?rest_route=%2Fwp%2Fv2%2Fcomments&post=25550"}],"version-history":[{"count":1,"href":"http:\/\/www.portaldelolleria.es\/index.php?rest_route=\/wp\/v2\/posts\/25550\/revisions"}],"predecessor-version":[{"id":25552,"href":"http:\/\/www.portaldelolleria.es\/index.php?rest_route=\/wp\/v2\/posts\/25550\/revisions\/25552"}],"wp:attachment":[{"href":"http:\/\/www.portaldelolleria.es\/index.php?rest_route=%2Fwp%2Fv2%2Fmedia&parent=25550"}],"wp:term":[{"taxonomy":"category","embeddable":true,"href":"http:\/\/www.portaldelolleria.es\/index.php?rest_route=%2Fwp%2Fv2%2Fcategories&post=25550"},{"taxonomy":"post_tag","embeddable":true,"href":"http:\/\/www.portaldelolleria.es\/index.php?rest_route=%2Fwp%2Fv2%2Ftags&post=25550"}],"curies":[{"name":"wp","href":"https:\/\/api.w.org\/{rel}","templated":true}]}}