{"id":25571,"date":"2020-07-16T11:44:43","date_gmt":"2020-07-16T09:44:43","guid":{"rendered":"http:\/\/www.portaldelolleria.es\/?p=25571"},"modified":"2020-07-16T18:40:43","modified_gmt":"2020-07-16T16:40:43","slug":"manolo-vidal-manolet-renueva-y-eric-valiente-se-incorpora-al-nuevo-proyecto-de-lolleria-cf","status":"publish","type":"post","link":"http:\/\/www.portaldelolleria.es\/?p=25571","title":{"rendered":"Manolo Vidal (Manolet) renueva y Eric Valiente se incorpora al nuevo proyecto de l&#8217;Olleria CF"},"content":{"rendered":"<p><img loading=\"lazy\" class=\"aligncenter size-full wp-image-25576\" title=\"PORTAL3\" src=\"http:\/\/www.portaldelolleria.es\/wp-content\/uploads\/2020\/07\/PORTAL3.jpg\" alt=\"\" width=\"598\" height=\"399\" srcset=\"http:\/\/www.portaldelolleria.es\/wp-content\/uploads\/2020\/07\/PORTAL3.jpg 598w, http:\/\/www.portaldelolleria.es\/wp-content\/uploads\/2020\/07\/PORTAL3-300x200.jpg 300w\" sizes=\"(max-width: 598px) 100vw, 598px\" \/><\/p>\n<p>L&#8217;Olleria CF\u00a0 incorpora otros dos efectivos para la pr\u00f3xima campa\u00f1a,\u00a0 Manolo Vidal (renovaci\u00f3n), y Eric Valiente (UD Benig\u00e0nim).<\/p>\n<p>&nbsp;<\/p>\n<p>&nbsp;<\/p>\n<p><img loading=\"lazy\" class=\"aligncenter size-full wp-image-25572\" title=\"manuel_vidal_manolet\" src=\"http:\/\/www.portaldelolleria.es\/wp-content\/uploads\/2020\/07\/manuel_vidal_manolet.jpg\" alt=\"\" width=\"598\" height=\"301\" srcset=\"http:\/\/www.portaldelolleria.es\/wp-content\/uploads\/2020\/07\/manuel_vidal_manolet.jpg 598w, http:\/\/www.portaldelolleria.es\/wp-content\/uploads\/2020\/07\/manuel_vidal_manolet-300x151.jpg 300w\" sizes=\"(max-width: 598px) 100vw, 598px\" \/><\/p>\n<p>&nbsp;<\/p>\n<p><strong>Manolo Vidal Albi\u00f1ana<\/strong> (Olleria 11\/6\/1993),\u00a0\u00a0 \u00abManolet\u00bb,\u00a0 era una renovaci\u00f3n\u00a0 \u00abimprescindible\u00bb,\u00a0 hombre de la casa, formado en las escuelas deportivas de l&#8217;Olleria.\u00a0 Es un defensa de entrega y disciplinado adem\u00e1s de\u00a0 una persona muy valorada por el resto del vestuario.\u00a0\u00a0 Una pieza fundamental,\u00a0 es de esos jugadores, que dan sentido a la cantera de un club,\u00a0 y que propician que la afici\u00f3n se sienta identificada con su equipo.<\/p>\n<p>&nbsp;<\/p>\n<p>&nbsp;<\/p>\n<p><img loading=\"lazy\" class=\"aligncenter size-full wp-image-25579\" title=\"enric_valiente\" src=\"http:\/\/www.portaldelolleria.es\/wp-content\/uploads\/2020\/07\/enric_valiente1.jpg\" alt=\"\" width=\"598\" height=\"240\" srcset=\"http:\/\/www.portaldelolleria.es\/wp-content\/uploads\/2020\/07\/enric_valiente1.jpg 598w, http:\/\/www.portaldelolleria.es\/wp-content\/uploads\/2020\/07\/enric_valiente1-300x120.jpg 300w\" sizes=\"(max-width: 598px) 100vw, 598px\" \/><\/p>\n<div id=\"js_q1\" data-testid=\"post_message\" data-ft=\"{&quot;tn&quot;:&quot;K&quot;}\">\n<p><strong>Eric Valiente Moscard\u00f3\u00a0<\/strong> (Benig\u00e0nim 25\/3\/1998),\u00a0 Un joven talento formado en la cantera de la UD Benig\u00e0nim y que como juvenil debut\u00f3 en el primer equipo en tercera divisi\u00f3n.\u00a0 Habilidoso y con visi\u00f3n de juego.\u00a0 Tiene la virtud de \u00abromper\u00bb el juego cuando v\u00e9 una posibilidad de sorprender a las defensas.\u00a0 Sin duda una gran aportaci\u00f3n de calidad para la zona de ataque.<\/p>\n<p>noticias relacionadas:<\/p>\n<p>&nbsp;<\/p>\n<p style=\"text-align: center;\"><a href=\"http:\/\/www.portaldelolleria.es\/2020\/07\/10\/dani-cerda-renueva-y-javi-mompo-vuelve-a-casa\/#.XxAgLSNS-Uk\" target=\"_blank\"><strong>Dani Cerd\u00e0 renueva y Javi Momp\u00f3 vuelve a casa<\/strong><\/a><\/p>\n<p><a href=\"http:\/\/www.portaldelolleria.es\/2020\/07\/10\/dani-cerda-renueva-y-javi-mompo-vuelve-a-casa\/#.XxAgLSNS-Uk\" target=\"_blank\"><img loading=\"lazy\" class=\"aligncenter size-full wp-image-25574\" title=\"olleriacf_sesion2\" src=\"http:\/\/www.portaldelolleria.es\/wp-content\/uploads\/2020\/07\/olleriacf_sesion23.jpg\" alt=\"\" width=\"598\" height=\"399\" srcset=\"http:\/\/www.portaldelolleria.es\/wp-content\/uploads\/2020\/07\/olleriacf_sesion23.jpg 598w, http:\/\/www.portaldelolleria.es\/wp-content\/uploads\/2020\/07\/olleriacf_sesion23-300x200.jpg 300w\" sizes=\"(max-width: 598px) 100vw, 598px\" \/><\/a><\/p>\n<p style=\"text-align: center;\"><a href=\"http:\/\/www.portaldelolleria.es\/2020\/07\/08\/lolleria-cf-comienza-a-perfilar-su-plantilla-cara-a-la-temporada-202021\/#.XxAgjSNS-Ul\" target=\"_blank\"><br \/>\n<\/a><\/p>\n<p style=\"text-align: center;\"><a href=\"http:\/\/www.portaldelolleria.es\/2020\/07\/08\/lolleria-cf-comienza-a-perfilar-su-plantilla-cara-a-la-temporada-202021\/#.XxAgjSNS-Ul\" target=\"_blank\"><strong>L&#8217;Olleria comienza a perfilar la pr\u00f3xima temporada<\/strong><\/a><\/p>\n<p><a href=\"http:\/\/www.portaldelolleria.es\/2020\/07\/08\/lolleria-cf-comienza-a-perfilar-su-plantilla-cara-a-la-temporada-202021\/#.XxAgjSNS-Ul\" target=\"_blank\"><img loading=\"lazy\" class=\"aligncenter size-full wp-image-25575\" title=\"PORTAL\" src=\"http:\/\/www.portaldelolleria.es\/wp-content\/uploads\/2020\/07\/PORTAL2.jpg\" alt=\"\" width=\"598\" height=\"399\" srcset=\"http:\/\/www.portaldelolleria.es\/wp-content\/uploads\/2020\/07\/PORTAL2.jpg 598w, http:\/\/www.portaldelolleria.es\/wp-content\/uploads\/2020\/07\/PORTAL2-300x200.jpg 300w\" sizes=\"(max-width: 598px) 100vw, 598px\" \/><\/a><\/p>\n<\/div>\n","protected":false},"excerpt":{"rendered":"<p>L&#8217;Olleria CF\u00a0 incorpora otros dos efectivos para la pr\u00f3xima campa\u00f1a,\u00a0 Manolo Vidal (renovaci\u00f3n), y Eric Valiente (UD Benig\u00e0nim). &nbsp; &nbsp; &nbsp; Manolo Vidal Albi\u00f1ana (Olleria 11\/6\/1993),\u00a0\u00a0 \u00abManolet\u00bb,\u00a0 era una renovaci\u00f3n\u00a0 \u00abimprescindible\u00bb,\u00a0 hombre de la casa, formado en las escuelas deportivas de l&#8217;Olleria.\u00a0 Es un defensa de entrega y disciplinado adem\u00e1s de\u00a0 una persona muy valorada [&hellip;]<\/p>\n","protected":false},"author":1,"featured_media":0,"comment_status":"closed","ping_status":"open","sticky":false,"template":"","format":"standard","meta":{"_monsterinsights_skip_tracking":false,"_monsterinsights_sitenote_active":false,"_monsterinsights_sitenote_note":"","_monsterinsights_sitenote_category":0},"categories":[9,12],"tags":[],"_links":{"self":[{"href":"http:\/\/www.portaldelolleria.es\/index.php?rest_route=\/wp\/v2\/posts\/25571"}],"collection":[{"href":"http:\/\/www.portaldelolleria.es\/index.php?rest_route=\/wp\/v2\/posts"}],"about":[{"href":"http:\/\/www.portaldelolleria.es\/index.php?rest_route=\/wp\/v2\/types\/post"}],"author":[{"embeddable":true,"href":"http:\/\/www.portaldelolleria.es\/index.php?rest_route=\/wp\/v2\/users\/1"}],"replies":[{"embeddable":true,"href":"http:\/\/www.portaldelolleria.es\/index.php?rest_route=%2Fwp%2Fv2%2Fcomments&post=25571"}],"version-history":[{"count":8,"href":"http:\/\/www.portaldelolleria.es\/index.php?rest_route=\/wp\/v2\/posts\/25571\/revisions"}],"predecessor-version":[{"id":25586,"href":"http:\/\/www.portaldelolleria.es\/index.php?rest_route=\/wp\/v2\/posts\/25571\/revisions\/25586"}],"wp:attachment":[{"href":"http:\/\/www.portaldelolleria.es\/index.php?rest_route=%2Fwp%2Fv2%2Fmedia&parent=25571"}],"wp:term":[{"taxonomy":"category","embeddable":true,"href":"http:\/\/www.portaldelolleria.es\/index.php?rest_route=%2Fwp%2Fv2%2Fcategories&post=25571"},{"taxonomy":"post_tag","embeddable":true,"href":"http:\/\/www.portaldelolleria.es\/index.php?rest_route=%2Fwp%2Fv2%2Ftags&post=25571"}],"curies":[{"name":"wp","href":"https:\/\/api.w.org\/{rel}","templated":true}]}}