{"id":25587,"date":"2020-07-17T19:55:56","date_gmt":"2020-07-17T17:55:56","guid":{"rendered":"http:\/\/www.portaldelolleria.es\/?p=25587"},"modified":"2020-07-17T19:56:06","modified_gmt":"2020-07-17T17:56:06","slug":"la-solana-acoge-este-sabado-la-fase-de-ascenso-a-2%c2%aa-nacional-femenina-de-futbol-sala","status":"publish","type":"post","link":"http:\/\/www.portaldelolleria.es\/?p=25587","title":{"rendered":"La Solana acoge este s\u00e1bado la fase de ascenso a 2\u00aa nacional femenina de Futbol Sala"},"content":{"rendered":"<p><a href=\"http:\/\/www.portaldelolleria.es\/wp-content\/uploads\/2020\/07\/futsalfem.jpg\"><img loading=\"lazy\" class=\"aligncenter size-full wp-image-25589\" title=\"futsalfem\" src=\"http:\/\/www.portaldelolleria.es\/wp-content\/uploads\/2020\/07\/futsalfem.jpg\" alt=\"\" width=\"598\" height=\"399\" srcset=\"http:\/\/www.portaldelolleria.es\/wp-content\/uploads\/2020\/07\/futsalfem.jpg 598w, http:\/\/www.portaldelolleria.es\/wp-content\/uploads\/2020\/07\/futsalfem-300x200.jpg 300w\" sizes=\"(max-width: 598px) 100vw, 598px\" \/><\/a><\/p>\n<p>&nbsp;<\/p>\n<h3 style=\"text-align: justify;\">El pr\u00f3ximo s\u00e1bado arrancan los playoff del f\u00fatbol sala auton\u00f3mico<\/h3>\n<p style=\"text-align: justify;\">El s\u00e1bado 18 de julio dar\u00e1n comienzo las eliminatorias para cerrar la temporada 2019\/20 en un total de cuatro categor\u00edas del f\u00fatbol sala de la <strong>Comunitat<\/strong> <strong>Valenciana<\/strong>.<\/p>\n<p style=\"text-align: justify;\">El <strong>Comit\u00e9 T\u00e9cnico de Futbol Sala<\/strong> cerrar\u00e1 oficialmente esta at\u00edpica campa\u00f1a con la celebraci\u00f3n de los diferentes <strong>playoff de ascenso<\/strong> en diferentes categor\u00edas amateur, que se desarrollar\u00e1n en cinco poblaciones del territorio auton\u00f3mico.<\/p>\n<p style=\"text-align: justify;\">Una de ellas ser\u00e1<strong> l&#8217;Olleria<\/strong>,\u00a0 donde el pabell\u00f3n de La Solana acoger\u00e1 apartir de las 19:30h,\u00a0 la fase de ascenso a <strong>Segunda Divisi\u00f3n Femenina Nacional<\/strong>, que medir\u00e1 a <strong>Alboraya <\/strong>con<strong> Calpe<\/strong> y a<strong> Xaloc Alacant <\/strong>y<strong> Santa Ana. <\/strong>\u00a0 Pese a ser un evento de importancia, lamentablemente las eliminatorias se celebraran a puerta cerrada, por razones sanitarias.<strong><\/strong><\/p>\n<p style=\"text-align: justify;\">__________________________<\/p>\n<p style=\"text-align: justify;\"><span style=\"color: #003366;\">Dissabte que ve arrenquen els play-off de el futbol sala auton\u00f2mic<\/span><\/p>\n<p style=\"text-align: justify;\"><span style=\"color: #003366;\">El dissabte 18 de juliol comen\u00e7aran les eliminat\u00f2ries per tancar la temporada 2019\/20 en un total de quatre categories de futbol sala de la Comunitat Valenciana.<\/span><\/p>\n<p style=\"text-align: justify;\"><span style=\"color: #003366;\">El Comit\u00e8 T\u00e8cnic de Futbol Sala tancar\u00e0 oficialment aquesta at\u00edpica campanya amb la celebraci\u00f3 dels diferents playoff d&#8217;ascens en diferents categories amateur, que es desenvoluparan en cinc poblacions del territori auton\u00f2mic.<\/span><\/p>\n<p style=\"text-align: justify;\"><span style=\"color: #003366;\">Una d&#8217;elles ser\u00e0 l&#8217;Olleria, on el pavell\u00f3 de la Solana acollir\u00e0 a partir de les 19: 30h, la fase d&#8217;ascens a Segona Divisi\u00f3 Femenina Nacional, que mesurar\u00e0 a Alboraia amb Calp ja Xaloc Alacant i Santa Anna. Tot i ser un esdeveniment d&#8217;import\u00e0ncia, lamentablement les eliminat\u00f2ries tindran lloc a porta tancada, per raons sanit\u00e0ries.<\/span><strong><\/strong><\/p>\n<p>&nbsp;<\/p>\n<p><a href=\"http:\/\/www.portaldelolleria.es\/wp-content\/uploads\/2020\/07\/futsalfemenino.jpg\"><img loading=\"lazy\" class=\"aligncenter size-full wp-image-25588\" title=\"futsalfemenino\" src=\"http:\/\/www.portaldelolleria.es\/wp-content\/uploads\/2020\/07\/futsalfemenino.jpg\" alt=\"\" width=\"598\" height=\"336\" srcset=\"http:\/\/www.portaldelolleria.es\/wp-content\/uploads\/2020\/07\/futsalfemenino.jpg 598w, http:\/\/www.portaldelolleria.es\/wp-content\/uploads\/2020\/07\/futsalfemenino-300x168.jpg 300w\" sizes=\"(max-width: 598px) 100vw, 598px\" \/><\/a><\/p>\n<p>&nbsp;<\/p>\n<p>&nbsp;<\/p>\n<p>&nbsp;<\/p>\n<p>&nbsp;<\/p>\n<p>&nbsp;<\/p>\n<p>&nbsp;<\/p>\n<p style=\"text-align: center;\"><strong><a href=\"https:\/\/ffcv.es\/wp\/blog\/2020\/07\/12\/proximo-sabado-arrancan-playoff-futbol-sala-autonomico\/\" target=\"_blank\">VER TODAS LAS ELIMINATORIAS<\/a><br \/>\n<\/strong><\/p>\n","protected":false},"excerpt":{"rendered":"<p>&nbsp; El pr\u00f3ximo s\u00e1bado arrancan los playoff del f\u00fatbol sala auton\u00f3mico El s\u00e1bado 18 de julio dar\u00e1n comienzo las eliminatorias para cerrar la temporada 2019\/20 en un total de cuatro categor\u00edas del f\u00fatbol sala de la Comunitat Valenciana. El Comit\u00e9 T\u00e9cnico de Futbol Sala cerrar\u00e1 oficialmente esta at\u00edpica campa\u00f1a con la celebraci\u00f3n de los diferentes [&hellip;]<\/p>\n","protected":false},"author":1,"featured_media":0,"comment_status":"closed","ping_status":"open","sticky":false,"template":"","format":"standard","meta":{"_monsterinsights_skip_tracking":false,"_monsterinsights_sitenote_active":false,"_monsterinsights_sitenote_note":"","_monsterinsights_sitenote_category":0},"categories":[9,12],"tags":[],"_links":{"self":[{"href":"http:\/\/www.portaldelolleria.es\/index.php?rest_route=\/wp\/v2\/posts\/25587"}],"collection":[{"href":"http:\/\/www.portaldelolleria.es\/index.php?rest_route=\/wp\/v2\/posts"}],"about":[{"href":"http:\/\/www.portaldelolleria.es\/index.php?rest_route=\/wp\/v2\/types\/post"}],"author":[{"embeddable":true,"href":"http:\/\/www.portaldelolleria.es\/index.php?rest_route=\/wp\/v2\/users\/1"}],"replies":[{"embeddable":true,"href":"http:\/\/www.portaldelolleria.es\/index.php?rest_route=%2Fwp%2Fv2%2Fcomments&post=25587"}],"version-history":[{"count":2,"href":"http:\/\/www.portaldelolleria.es\/index.php?rest_route=\/wp\/v2\/posts\/25587\/revisions"}],"predecessor-version":[{"id":25591,"href":"http:\/\/www.portaldelolleria.es\/index.php?rest_route=\/wp\/v2\/posts\/25587\/revisions\/25591"}],"wp:attachment":[{"href":"http:\/\/www.portaldelolleria.es\/index.php?rest_route=%2Fwp%2Fv2%2Fmedia&parent=25587"}],"wp:term":[{"taxonomy":"category","embeddable":true,"href":"http:\/\/www.portaldelolleria.es\/index.php?rest_route=%2Fwp%2Fv2%2Fcategories&post=25587"},{"taxonomy":"post_tag","embeddable":true,"href":"http:\/\/www.portaldelolleria.es\/index.php?rest_route=%2Fwp%2Fv2%2Ftags&post=25587"}],"curies":[{"name":"wp","href":"https:\/\/api.w.org\/{rel}","templated":true}]}}