{"id":25607,"date":"2020-07-30T20:55:41","date_gmt":"2020-07-30T18:55:41","guid":{"rendered":"http:\/\/www.portaldelolleria.es\/?p=25607"},"modified":"2020-10-03T12:48:47","modified_gmt":"2020-10-03T10:48:47","slug":"lolleria-cf-continua-perfilando-la-proxima-temporada","status":"publish","type":"post","link":"http:\/\/www.portaldelolleria.es\/?p=25607","title":{"rendered":"L&#8217;Olleria CF, contin\u00faa perfilando la pr\u00f3xima temporada"},"content":{"rendered":"<p><a href=\"http:\/\/www.portaldelolleria.es\/wp-content\/uploads\/2020\/07\/PORTAL41.jpg\"><img loading=\"lazy\" class=\"aligncenter size-full wp-image-25660\" title=\"PORTAL4\" src=\"http:\/\/www.portaldelolleria.es\/wp-content\/uploads\/2020\/07\/PORTAL41.jpg\" alt=\"\" width=\"598\" height=\"399\" srcset=\"http:\/\/www.portaldelolleria.es\/wp-content\/uploads\/2020\/07\/PORTAL41.jpg 598w, http:\/\/www.portaldelolleria.es\/wp-content\/uploads\/2020\/07\/PORTAL41-300x200.jpg 300w\" sizes=\"(max-width: 598px) 100vw, 598px\" \/><\/a><\/p>\n<p>Otras cuatro nuevas incorporaciones, para la pr\u00f3xima temporada de l&#8217;Olleria CF,\u00a0\u00a0 <strong>Rafa Gil<\/strong> y<strong> Carlos Sanz<\/strong>, que renovaron a mediados de julio, un a\u00f1o m\u00e1s,\u00a0 a los que se suma la renovaci\u00f3n de <strong>Ricardo Gil<\/strong> y el fichaje de un nuevo portero, puesto que recae en el olleriense <strong>Aitor Vidal<\/strong>.<\/p>\n<p><a href=\"http:\/\/www.portaldelolleria.es\/wp-content\/uploads\/2020\/07\/rafa-gil-luaces.jpg\"><img loading=\"lazy\" class=\"aligncenter size-full wp-image-25656\" title=\"rafa gil luaces\" src=\"http:\/\/www.portaldelolleria.es\/wp-content\/uploads\/2020\/07\/rafa-gil-luaces.jpg\" alt=\"\" width=\"598\" height=\"291\" srcset=\"http:\/\/www.portaldelolleria.es\/wp-content\/uploads\/2020\/07\/rafa-gil-luaces.jpg 598w, http:\/\/www.portaldelolleria.es\/wp-content\/uploads\/2020\/07\/rafa-gil-luaces-300x145.jpg 300w\" sizes=\"(max-width: 598px) 100vw, 598px\" \/><\/a><\/p>\n<p><strong>Rafa Gil Luaces<\/strong>, (Agullent 1994).\u00a0 Delantero que lleg\u00f3 al Club en 2016.\u00a0 Ha sido pieza clave en el ascenso y destaca adem\u00e1s de por su capacidad goleadora, por su embergadura para \u00abhacerse sitio\u00bb\u00a0 en el \u00e1rea rival. Toda una garant\u00eda en la l\u00ednea de ataque olleriense.<\/p>\n<p>&nbsp;<\/p>\n<p><a href=\"http:\/\/www.portaldelolleria.es\/wp-content\/uploads\/2020\/07\/carlos-sainz.jpg\"><img loading=\"lazy\" class=\"aligncenter size-full wp-image-25608\" title=\"carlos-sainz\" src=\"http:\/\/www.portaldelolleria.es\/wp-content\/uploads\/2020\/07\/carlos-sainz.jpg\" alt=\"\" width=\"598\" height=\"259\" srcset=\"http:\/\/www.portaldelolleria.es\/wp-content\/uploads\/2020\/07\/carlos-sainz.jpg 598w, http:\/\/www.portaldelolleria.es\/wp-content\/uploads\/2020\/07\/carlos-sainz-300x129.jpg 300w\" sizes=\"(max-width: 598px) 100vw, 598px\" \/><\/a><\/p>\n<p><strong><strong>Carlos Sanz<\/strong><\/strong> (Pitu).(l\u2019Olleria 1993)\u00a0 Jugador de la casa. El olleriense pas\u00f3 en su formaci\u00f3n por el FEBO (Ontinyent),\u00a0 como centrocampista es una pieza b\u00e1sica del equipo. Suyos son los grandes pases y su amplia visi\u00f3n de juego.\u00a0 Otra pieza fundamental en este equipo que atesora mucha calidad<strong>.<\/strong><\/p>\n<p>&nbsp;<\/p>\n<p><a href=\"http:\/\/www.portaldelolleria.es\/wp-content\/uploads\/2020\/07\/ricardo-gil-2.jpg\"><img loading=\"lazy\" class=\"aligncenter size-full wp-image-25655\" title=\"ricardo-gil-2\" src=\"http:\/\/www.portaldelolleria.es\/wp-content\/uploads\/2020\/07\/ricardo-gil-2.jpg\" alt=\"\" width=\"598\" height=\"310\" srcset=\"http:\/\/www.portaldelolleria.es\/wp-content\/uploads\/2020\/07\/ricardo-gil-2.jpg 598w, http:\/\/www.portaldelolleria.es\/wp-content\/uploads\/2020\/07\/ricardo-gil-2-300x155.jpg 300w\" sizes=\"(max-width: 598px) 100vw, 598px\" \/><\/a><\/p>\n<p><strong>Ricardo Gil<\/strong> <strong>Mir\u00f3<\/strong>, (<em>el hombre de Godella<\/em>),\u00a0 el de Ontinyent,\u00a0 fu\u00e9 el que en aquel mitico minuto 94,\u00a0 consegu\u00eda el\u00a0 gol que pon\u00eda la guinda a toda la temporada del equipo y que val\u00eda un ascenso.\u00a0 Es uno de los defensas m\u00e1s fuertes y contundentes de los que dispone el equipo.\u00a0 Sin duda otro gran efectivo que inicia su tercera temporada.<\/p>\n<p>&nbsp;<\/p>\n<p><a href=\"http:\/\/www.portaldelolleria.es\/wp-content\/uploads\/2020\/07\/aitor-vidal1.jpg\"><img loading=\"lazy\" class=\"aligncenter size-full wp-image-25658\" title=\"aitor vidal\" src=\"http:\/\/www.portaldelolleria.es\/wp-content\/uploads\/2020\/07\/aitor-vidal1.jpg\" alt=\"\" width=\"598\" height=\"271\" srcset=\"http:\/\/www.portaldelolleria.es\/wp-content\/uploads\/2020\/07\/aitor-vidal1.jpg 598w, http:\/\/www.portaldelolleria.es\/wp-content\/uploads\/2020\/07\/aitor-vidal1-300x135.jpg 300w\" sizes=\"(max-width: 598px) 100vw, 598px\" \/><\/a><\/p>\n<p><strong>Aitor Vidal Vila<\/strong> (l&#8217;Olleria, 30\/3\/1998), proviene del FEBO de Ontinyent.\u00a0 Sus origenes proceden del futbol sala olleriense. Debut\u00f3 en el f\u00fatbol en Aielo, para fichar por el Valencia antes de jugar en el Cracks, desde donde se incorporar\u00eda a la Escuela de la FEBO ya en edad juvenil. Benig\u00e0nim y Alzira completar\u00edan su etapa previa a ser amateur, hasta debutar en el 2017 con el Canals UD.\u00a0 Adem\u00e1s de mucha experiencia, es un portero de grandes reflejos.<\/p>\n<p>&nbsp;<\/p>\n<h3 style=\"text-align: center;\"><strong>Noticias relacionadas:<\/strong><\/h3>\n<p>&nbsp;<\/p>\n<p><a href=\"http:\/\/www.portaldelolleria.es\/2020\/07\/16\/manolo-vidal-manolet-renueva-y-eric-valiente-se-incorpora-al-nuevo-proyecto-de-lolleria-cf\/#.XyMZIiNS-Uk\" target=\"_blank\">L\u2019Olleria CF\u00a0 incorpora otros dos efectivos para la pr\u00f3xima campa\u00f1a,\u00a0 <strong>Manolo Vidal<\/strong>\u00a0 y <strong>Eric Valiente<\/strong><\/a><\/p>\n<p><a href=\"http:\/\/www.portaldelolleria.es\/2020\/07\/16\/manolo-vidal-manolet-renueva-y-eric-valiente-se-incorpora-al-nuevo-proyecto-de-lolleria-cf\/#.XyMZIiNS-Uk\"><img loading=\"lazy\" class=\"aligncenter size-full wp-image-25666\" title=\"PORTAL3\" src=\"http:\/\/www.portaldelolleria.es\/wp-content\/uploads\/2020\/07\/PORTAL32.jpg\" alt=\"\" width=\"598\" height=\"399\" srcset=\"http:\/\/www.portaldelolleria.es\/wp-content\/uploads\/2020\/07\/PORTAL32.jpg 598w, http:\/\/www.portaldelolleria.es\/wp-content\/uploads\/2020\/07\/PORTAL32-300x200.jpg 300w\" sizes=\"(max-width: 598px) 100vw, 598px\" \/><\/a><\/p>\n<p><a href=\"http:\/\/www.portaldelolleria.es\/2020\/07\/10\/dani-cerda-renueva-y-javi-mompo-vuelve-a-casa\/#.XxAgLSNS-Uk\" target=\"_blank\"><strong>Dani Cerd\u00e0 renueva y Javi Momp\u00f3 vuelve a casa<\/strong><\/a><\/p>\n<p><a href=\"http:\/\/www.portaldelolleria.es\/2020\/07\/10\/dani-cerda-renueva-y-javi-mompo-vuelve-a-casa\/#.XyMZrSNS-Ul\"><img loading=\"lazy\" class=\"aligncenter size-full wp-image-25665\" title=\"olleriacf_sesion2\" src=\"http:\/\/www.portaldelolleria.es\/wp-content\/uploads\/2020\/07\/olleriacf_sesion24.jpg\" alt=\"\" width=\"598\" height=\"399\" srcset=\"http:\/\/www.portaldelolleria.es\/wp-content\/uploads\/2020\/07\/olleriacf_sesion24.jpg 598w, http:\/\/www.portaldelolleria.es\/wp-content\/uploads\/2020\/07\/olleriacf_sesion24-300x200.jpg 300w\" sizes=\"(max-width: 598px) 100vw, 598px\" \/><\/a><\/p>\n<p>&nbsp;<\/p>\n<p><strong><\/strong><a href=\"http:\/\/www.portaldelolleria.es\/2020\/07\/08\/lolleria-cf-comienza-a-perfilar-su-plantilla-cara-a-la-temporada-202021\/#.XxAgjSNS-Ul\" target=\"_blank\"><strong>L\u2019Olleria comienza a perfilar la pr\u00f3xima temporada<\/strong><\/a><\/p>\n<p><a href=\"http:\/\/www.portaldelolleria.es\/2020\/07\/08\/lolleria-cf-comienza-a-perfilar-su-plantilla-cara-a-la-temporada-202021\/#.XyMZaiNS-Um\"><img loading=\"lazy\" class=\"aligncenter size-full wp-image-25664\" title=\"PORTAL\" src=\"http:\/\/www.portaldelolleria.es\/wp-content\/uploads\/2020\/07\/PORTAL5.jpg\" alt=\"\" width=\"598\" height=\"399\" srcset=\"http:\/\/www.portaldelolleria.es\/wp-content\/uploads\/2020\/07\/PORTAL5.jpg 598w, http:\/\/www.portaldelolleria.es\/wp-content\/uploads\/2020\/07\/PORTAL5-300x200.jpg 300w\" sizes=\"(max-width: 598px) 100vw, 598px\" \/><\/a><\/p>\n","protected":false},"excerpt":{"rendered":"<p>Otras cuatro nuevas incorporaciones, para la pr\u00f3xima temporada de l&#8217;Olleria CF,\u00a0\u00a0 Rafa Gil y Carlos Sanz, que renovaron a mediados de julio, un a\u00f1o m\u00e1s,\u00a0 a los que se suma la renovaci\u00f3n de Ricardo Gil y el fichaje de un nuevo portero, puesto que recae en el olleriense Aitor Vidal. Rafa Gil Luaces, (Agullent 1994).\u00a0 [&hellip;]<\/p>\n","protected":false},"author":1,"featured_media":0,"comment_status":"closed","ping_status":"open","sticky":false,"template":"","format":"standard","meta":{"_monsterinsights_skip_tracking":false,"_monsterinsights_sitenote_active":false,"_monsterinsights_sitenote_note":"","_monsterinsights_sitenote_category":0},"categories":[9,12],"tags":[],"_links":{"self":[{"href":"http:\/\/www.portaldelolleria.es\/index.php?rest_route=\/wp\/v2\/posts\/25607"}],"collection":[{"href":"http:\/\/www.portaldelolleria.es\/index.php?rest_route=\/wp\/v2\/posts"}],"about":[{"href":"http:\/\/www.portaldelolleria.es\/index.php?rest_route=\/wp\/v2\/types\/post"}],"author":[{"embeddable":true,"href":"http:\/\/www.portaldelolleria.es\/index.php?rest_route=\/wp\/v2\/users\/1"}],"replies":[{"embeddable":true,"href":"http:\/\/www.portaldelolleria.es\/index.php?rest_route=%2Fwp%2Fv2%2Fcomments&post=25607"}],"version-history":[{"count":8,"href":"http:\/\/www.portaldelolleria.es\/index.php?rest_route=\/wp\/v2\/posts\/25607\/revisions"}],"predecessor-version":[{"id":25905,"href":"http:\/\/www.portaldelolleria.es\/index.php?rest_route=\/wp\/v2\/posts\/25607\/revisions\/25905"}],"wp:attachment":[{"href":"http:\/\/www.portaldelolleria.es\/index.php?rest_route=%2Fwp%2Fv2%2Fmedia&parent=25607"}],"wp:term":[{"taxonomy":"category","embeddable":true,"href":"http:\/\/www.portaldelolleria.es\/index.php?rest_route=%2Fwp%2Fv2%2Fcategories&post=25607"},{"taxonomy":"post_tag","embeddable":true,"href":"http:\/\/www.portaldelolleria.es\/index.php?rest_route=%2Fwp%2Fv2%2Ftags&post=25607"}],"curies":[{"name":"wp","href":"https:\/\/api.w.org\/{rel}","templated":true}]}}