{"id":25695,"date":"2020-08-24T18:56:18","date_gmt":"2020-08-24T16:56:18","guid":{"rendered":"http:\/\/www.portaldelolleria.es\/?p=25695"},"modified":"2020-08-24T19:20:46","modified_gmt":"2020-08-24T17:20:46","slug":"lolleria-cf-suspende-preventivamente-todas-las-actividades-deportivas-del-primer-equipo-y-el-filial","status":"publish","type":"post","link":"http:\/\/www.portaldelolleria.es\/?p=25695","title":{"rendered":"L&#8217;Olleria CF, suspende preventivamente, todas las actividades deportivas del primer equipo y el filial"},"content":{"rendered":"<p style=\"text-align: justify;\"><a href=\"http:\/\/www.portaldelolleria.es\/wp-content\/uploads\/2020\/08\/OLLERIACF.jpg\"><img loading=\"lazy\" class=\"aligncenter size-full wp-image-25696\" title=\"OLLERIACF\" src=\"http:\/\/www.portaldelolleria.es\/wp-content\/uploads\/2020\/08\/OLLERIACF.jpg\" alt=\"\" width=\"598\" height=\"399\" srcset=\"http:\/\/www.portaldelolleria.es\/wp-content\/uploads\/2020\/08\/OLLERIACF.jpg 598w, http:\/\/www.portaldelolleria.es\/wp-content\/uploads\/2020\/08\/OLLERIACF-300x200.jpg 300w\" sizes=\"(max-width: 598px) 100vw, 598px\" \/><\/a><\/p>\n<p style=\"text-align: justify;\"><strong>La Directiva de l&#8217;Olleria CF, ha decido este lunes, suspender toda actividad deportiva tanto en el primer equipo, como en el equipo filial.<\/strong><\/p>\n<p style=\"text-align: justify;\">Por motivos estrictamente sanitarios y ante la incertidumbre sobre la evoluci\u00f3n de los brotes de contagio del Covid19,\u00a0 el club toma esta decisi\u00f3n como medida preventiva dado que al no ser una actividad esencial considera innecesario exponer a un hipot\u00e9tico contagio tanto a los jugadores de la plantilla como el resto de miembros relacionados con el equipo.\u00a0 Por ello desde este 24 de agosto,\u00a0 suspende la pretemporada, asi como los entrenamientos tanto del primer equipo como del equipo filial.<\/p>\n<p style=\"text-align: justify;\">El club entiende la situaci\u00f3n excepcional que vivimos, pero queda a la espera de que la Federaci\u00f3n concrete de forma explicita tanto el protocolo en materia de prevenci\u00f3n, as\u00ed como la normativa que en esta materia se debe seguir para garantizar la salud de todos los integrantes del club,\u00a0 con el \u00fanico fin de poder reanudar con ciertas garantias,\u00a0 las rutinas deportivas propias de un equipo de futbol.<\/p>\n<p style=\"text-align: justify;\">_______________________<\/p>\n<p style=\"text-align: justify;\"><strong><span style=\"color: #003366;\">La Directiva de l&#8217;Olleria CF, ha decidit aquest dilluns, suspendre tota activitat esportiva tant en el primer equip, com en l&#8217;equip filial.<\/span><\/strong><\/p>\n<p style=\"text-align: justify;\"><span style=\"color: #003366;\">Per motius estrictament sanitaris i davant la incertesa sobre l&#8217;evoluci\u00f3 dels brots de contagi del Covid19, el club pren aquesta decisi\u00f3 com a mesura preventiva.\u00a0 Al no ser una activitat essencial considera innecessari exposar a un hipot\u00e8tic contagi tant als jugadors de la plantilla com la resta de membres relacionats amb l&#8217;equip. Per aix\u00f2 des d&#8217;aquest 24 d&#8217;agost, susp\u00e8n la pretemporada, aix\u00ed com els entrenaments tant del primer equip com de l&#8217;equip filial.<\/span><\/p>\n<p style=\"text-align: justify;\"><span style=\"color: #003366;\">El club ent\u00e9n que la situaci\u00f3 excepcional que vivim, per\u00f2 queda a l&#8217;espera que la Federaci\u00f3 concrete de forma explicita tant el protocol en mat\u00e8ria de prevenci\u00f3, com la normativa en aquesta mat\u00e8ria que s&#8217;ha de seguir per garantir la salut de tots els integrants de l&#8217; club per poder reprendre les rutines esportives pr\u00f2pies d&#8217;un equip de futbol.<\/span><\/p>\n","protected":false},"excerpt":{"rendered":"<p>La Directiva de l&#8217;Olleria CF, ha decido este lunes, suspender toda actividad deportiva tanto en el primer equipo, como en el equipo filial. Por motivos estrictamente sanitarios y ante la incertidumbre sobre la evoluci\u00f3n de los brotes de contagio del Covid19,\u00a0 el club toma esta decisi\u00f3n como medida preventiva dado que al no ser una [&hellip;]<\/p>\n","protected":false},"author":1,"featured_media":0,"comment_status":"closed","ping_status":"open","sticky":false,"template":"","format":"standard","meta":{"_monsterinsights_skip_tracking":false,"_monsterinsights_sitenote_active":false,"_monsterinsights_sitenote_note":"","_monsterinsights_sitenote_category":0},"categories":[9,12],"tags":[],"_links":{"self":[{"href":"http:\/\/www.portaldelolleria.es\/index.php?rest_route=\/wp\/v2\/posts\/25695"}],"collection":[{"href":"http:\/\/www.portaldelolleria.es\/index.php?rest_route=\/wp\/v2\/posts"}],"about":[{"href":"http:\/\/www.portaldelolleria.es\/index.php?rest_route=\/wp\/v2\/types\/post"}],"author":[{"embeddable":true,"href":"http:\/\/www.portaldelolleria.es\/index.php?rest_route=\/wp\/v2\/users\/1"}],"replies":[{"embeddable":true,"href":"http:\/\/www.portaldelolleria.es\/index.php?rest_route=%2Fwp%2Fv2%2Fcomments&post=25695"}],"version-history":[{"count":5,"href":"http:\/\/www.portaldelolleria.es\/index.php?rest_route=\/wp\/v2\/posts\/25695\/revisions"}],"predecessor-version":[{"id":25702,"href":"http:\/\/www.portaldelolleria.es\/index.php?rest_route=\/wp\/v2\/posts\/25695\/revisions\/25702"}],"wp:attachment":[{"href":"http:\/\/www.portaldelolleria.es\/index.php?rest_route=%2Fwp%2Fv2%2Fmedia&parent=25695"}],"wp:term":[{"taxonomy":"category","embeddable":true,"href":"http:\/\/www.portaldelolleria.es\/index.php?rest_route=%2Fwp%2Fv2%2Fcategories&post=25695"},{"taxonomy":"post_tag","embeddable":true,"href":"http:\/\/www.portaldelolleria.es\/index.php?rest_route=%2Fwp%2Fv2%2Ftags&post=25695"}],"curies":[{"name":"wp","href":"https:\/\/api.w.org\/{rel}","templated":true}]}}