{"id":25712,"date":"2020-08-31T11:50:30","date_gmt":"2020-08-31T09:50:30","guid":{"rendered":"http:\/\/www.portaldelolleria.es\/?p=25712"},"modified":"2020-08-31T11:56:11","modified_gmt":"2020-08-31T09:56:11","slug":"la-poblacion-de-beniganim-confinada-durante-14-dias","status":"publish","type":"post","link":"http:\/\/www.portaldelolleria.es\/?p=25712","title":{"rendered":"La poblaci\u00f3n de Benig\u00e0nim, confinada durante 14 d\u00edas a partir de hoy"},"content":{"rendered":"<p><a href=\"http:\/\/www.portaldelolleria.es\/wp-content\/uploads\/2020\/08\/beniganim.jpg\"><img loading=\"lazy\" class=\"aligncenter size-full wp-image-25713\" title=\"beniganim\" src=\"http:\/\/www.portaldelolleria.es\/wp-content\/uploads\/2020\/08\/beniganim.jpg\" alt=\"\" width=\"600\" height=\"409\" srcset=\"http:\/\/www.portaldelolleria.es\/wp-content\/uploads\/2020\/08\/beniganim.jpg 600w, http:\/\/www.portaldelolleria.es\/wp-content\/uploads\/2020\/08\/beniganim-300x204.jpg 300w\" sizes=\"(max-width: 600px) 100vw, 600px\" \/><\/a><span style=\"color: #888888;\"><em>Agencia EFE,\u00a0 31 de agosto de 2020<\/em><\/span><\/p>\n<div id=\"div_texto\" style=\"text-align: justify;\" data-gtm-vis-recent-on-screen-10811847_10=\"529\" data-gtm-vis-first-on-screen-10811847_10=\"529\" data-gtm-vis-total-visible-time-10811847_10=\"4000\" data-gtm-vis-has-fired-10811847_10=\"1\">\n<p>La Conselleria de Sanidad ha decidido confinar el municipio valenciano de Benig\u00e0nim durante 14 d\u00edas por el incremento de casos de covid-19 en la \u00faltima semana, por lo que se suspende la actividad educativa presencial y se cierran centros de tercera edad, gimnasios y restauraci\u00f3n.<\/p>\n<p>Estas medidas excepcionales responden a un incremento exponencial de la incidencia de la enfermedad, que ha pasado de ser de 34,24 por cada 100.000 habitantes en la semana que finaliz\u00f3 el 16 de agosto, a una incidencia de 994,46 en los \u00faltimos siete d\u00edas, en los que se ha producido la p\u00e9rdida de trazabilidad de los casos.<\/p>\n<\/div>\n<p style=\"text-align: justify;\">La situaci\u00f3n actual epidemiol\u00f3gica en el municipio de Benig\u00e0nim, de acuerdo con los informes emitidos desde la Direcci\u00f3n General de Salud P\u00fablica y Adicciones, evidencia un <strong>aumento de la propagaci\u00f3n del virus en la localidad<\/strong>, donde se ha producido un incremento exponencial en la incidencia de esta enfermedad, muy superior al esperado (se ha pasado de una incidencia acumulada de 34,24 por 100.000 habitantes en la semana que finaliz\u00f3 el 16 de agosto, a una incidencia de 994,46 en los \u00faltimos 7 d\u00edas), y se ha producido la p\u00e9rdida de trazabilidad de los casos.<\/p>\n<p style=\"text-align: justify;\"><strong>Las limitaciones entran en vigor esta misma tarde y comportan el confinamiento del municipi<\/strong>o, es decir, se restringe la entrada y salida de personas salvo en varios supuestos: ir al m\u00e9dico, ir a trabajar, regresar al lugar de residencia habitual, cuidar de personas mayores, menores o dependientes, fuerza mayor o cualquier otra actividad de an\u00e1loga naturaleza.<\/p>\n<p style=\"text-align: justify;\"><strong>La circulaci\u00f3n por carretera y viales<\/strong> que transcurran o atraviesen el territorio de Benig\u00e0nim estar\u00e1 <strong>permitida<\/strong>, siempre y cuando tengan origen y destino fuera del mismo.<\/p>\n<p style=\"text-align: justify;\"><strong>Se suspende as\u00ed mismo la actividad educativa y formativa presencial<\/strong> en todos los centros y niveles, incluidas las escuelas infantiles.<\/p>\n<p style=\"text-align: justify;\">Adem\u00e1s, durante los pr\u00f3ximos 14 d\u00edas, se acuerda el <strong>cierre de centros sociales, casinos, clubes y establecimientos de an\u00e1loga naturaleza; centros de d\u00eda para personas mayores y otros colectivos de car\u00e1cter social; bares, restaurantes y otros establecimientos de ocio del municipio<\/strong>, salvo que en los mismos se preste el servicio de comidas para llevar o a domicilio; gimnasios y centros deportivos de todo tipo, as\u00ed como parques y jardines.<\/p>\n<p style=\"text-align: justify;\">Las medidas excepcionales contemplan tambi\u00e9n la <strong>supresi\u00f3n de espect\u00e1culos deportivos con p\u00fablico<\/strong>; las bodas, bautizos, comuniones o cualquier otro evento social con personas invitadas; la asistencia a lugares de culto excepto si carecen de p\u00fablico o se trata de funerales.<\/p>\n","protected":false},"excerpt":{"rendered":"<p>Agencia EFE,\u00a0 31 de agosto de 2020 La Conselleria de Sanidad ha decidido confinar el municipio valenciano de Benig\u00e0nim durante 14 d\u00edas por el incremento de casos de covid-19 en la \u00faltima semana, por lo que se suspende la actividad educativa presencial y se cierran centros de tercera edad, gimnasios y restauraci\u00f3n. Estas medidas excepcionales [&hellip;]<\/p>\n","protected":false},"author":1,"featured_media":0,"comment_status":"closed","ping_status":"open","sticky":false,"template":"","format":"standard","meta":{"_monsterinsights_skip_tracking":false,"_monsterinsights_sitenote_active":false,"_monsterinsights_sitenote_note":"","_monsterinsights_sitenote_category":0},"categories":[3,12],"tags":[],"_links":{"self":[{"href":"http:\/\/www.portaldelolleria.es\/index.php?rest_route=\/wp\/v2\/posts\/25712"}],"collection":[{"href":"http:\/\/www.portaldelolleria.es\/index.php?rest_route=\/wp\/v2\/posts"}],"about":[{"href":"http:\/\/www.portaldelolleria.es\/index.php?rest_route=\/wp\/v2\/types\/post"}],"author":[{"embeddable":true,"href":"http:\/\/www.portaldelolleria.es\/index.php?rest_route=\/wp\/v2\/users\/1"}],"replies":[{"embeddable":true,"href":"http:\/\/www.portaldelolleria.es\/index.php?rest_route=%2Fwp%2Fv2%2Fcomments&post=25712"}],"version-history":[{"count":4,"href":"http:\/\/www.portaldelolleria.es\/index.php?rest_route=\/wp\/v2\/posts\/25712\/revisions"}],"predecessor-version":[{"id":25717,"href":"http:\/\/www.portaldelolleria.es\/index.php?rest_route=\/wp\/v2\/posts\/25712\/revisions\/25717"}],"wp:attachment":[{"href":"http:\/\/www.portaldelolleria.es\/index.php?rest_route=%2Fwp%2Fv2%2Fmedia&parent=25712"}],"wp:term":[{"taxonomy":"category","embeddable":true,"href":"http:\/\/www.portaldelolleria.es\/index.php?rest_route=%2Fwp%2Fv2%2Fcategories&post=25712"},{"taxonomy":"post_tag","embeddable":true,"href":"http:\/\/www.portaldelolleria.es\/index.php?rest_route=%2Fwp%2Fv2%2Ftags&post=25712"}],"curies":[{"name":"wp","href":"https:\/\/api.w.org\/{rel}","templated":true}]}}