{"id":25748,"date":"2020-09-03T11:58:28","date_gmt":"2020-09-03T09:58:28","guid":{"rendered":"http:\/\/www.portaldelolleria.es\/?p=25748"},"modified":"2020-09-03T12:00:02","modified_gmt":"2020-09-03T10:00:02","slug":"tres-equipos-se-suman-a-lolleria-cf-y-detienen-su-pretemporada","status":"publish","type":"post","link":"http:\/\/www.portaldelolleria.es\/?p=25748","title":{"rendered":"Tres equipos se suman a l&#8217;Olleria CF y detienen su pretemporada"},"content":{"rendered":"<h3 style=\"text-align: justify;\"><a href=\"http:\/\/www.portaldelolleria.es\/wp-content\/uploads\/2020\/09\/IMG_0031.jpg\"><img loading=\"lazy\" class=\"aligncenter size-full wp-image-25749\" title=\"IMG_0031\" src=\"http:\/\/www.portaldelolleria.es\/wp-content\/uploads\/2020\/09\/IMG_0031.jpg\" alt=\"\" width=\"598\" height=\"399\" srcset=\"http:\/\/www.portaldelolleria.es\/wp-content\/uploads\/2020\/09\/IMG_0031.jpg 598w, http:\/\/www.portaldelolleria.es\/wp-content\/uploads\/2020\/09\/IMG_0031-300x200.jpg 300w\" sizes=\"(max-width: 598px) 100vw, 598px\" \/><\/a><\/h3>\n<p>&nbsp;<\/p>\n<h3>Tres equipos se suman a l&#8217;Olleria CF y detienen su pretemporada ante la covid-19<\/h3>\n<p style=\"text-align: justify;\">El coronavirus sigue azotando las categor\u00edas m\u00e1s modestas del f\u00fatbol espa\u00f1ol. La semana pasada, <strong>L\u2019Olleria CF<\/strong> detuvo su pretemporada al considerar que su actividad no es esencial y que el protocolo de la Federaci\u00f3 de Futbol de la Comunitat Valenciana (FFCV) no re\u00fane las garant\u00edas necesarias para continuar con los entrenamientos. Ahora, <strong>otros tres clubes tambi\u00e9n han decidido suspender la pretemporada<\/strong>.<\/p>\n<p style=\"text-align: justify;\">Tres clubes de Segunda Regional han decidido tomar la misma decisi\u00f3n y suspender los entrenamientos de pretemporada hasta nueva orden. Destaca el caso de la <strong>PD Ayorense<\/strong>, club que milit\u00f3 la campa\u00f1a pasada en el grupo XI de Segunda y que ha decidido <strong>no inscribir a ning\u00fan equipo<\/strong> ya que, seg\u00fan el club valenciano, el protocolo de la FFCV \u201cno re\u00fane las suficientes garant\u00edas\u201d para desarrollar una actividad considerada como \u201cno esencial\u201d.<\/p>\n<p style=\"text-align: justify;\">Tampoco iniciar\u00e1n la pretemporada otros clubes de la provincia de Valencia como el <strong>CF Aielo<\/strong>, que pertenec\u00eda al grupo XI de Segunda Regional; o el <strong>EMFB Manuel-L\u2019\u00c9nova<\/strong>, que compet\u00eda en el grupo IX. Ambos comparten argumentos sobre la detenci\u00f3n de su actividad deportiva: la falta de medidas sanitarias en el protocolo de la FFCV. Otras entidades de la misma categor\u00eda como la <strong>UD Rocafort<\/strong> han suspendido moment\u00e1neamente los entrenamientos solo para hoy lunes, pero todav\u00eda deben tomar una decisi\u00f3n sobre las sesiones de los pr\u00f3ximos d\u00edas&#8230;.<\/p>\n<p style=\"text-align: justify;\"><strong><em><a href=\"https:\/\/golsmedia.com\/tres-nuevos-clubes-detienen-su-pretemporada-por-motivos-sanitarios\/\" target=\"_blank\">leer noticia completa en Golsmedia<\/a><\/em><\/strong><\/p>\n<p style=\"text-align: justify;\">________________________<\/p>\n<p style=\"text-align: justify;\"><strong><em><\/em><span style=\"color: #003366;\">Tres equips se sumen a l&#8217;Olleria CF i detenen la seua pretemporada davant la covid-19<\/span><\/strong><\/p>\n<p style=\"text-align: justify;\"><span style=\"color: #003366;\">El coronavirus segueix assotant les categories m\u00e9s modestes de el futbol espanyol. La setmana passada, l&#8217;Olleria CF va detenir la seva pretemporada a l&#8217;considerar que la seva activitat no \u00e9s essencial i que el protocol de la Federaci\u00f3 de Futbol de la Comunitat Valenciana (FFCV) no reuneix les garanties necess\u00e0ries per a continuar amb els entrenaments. Ara, tres clubs han decidit suspendre la pretemporada.<\/span><\/p>\n<p><span style=\"color: #003366;\">Tres clubs de Segona Regional han decidit prendre la mateixa decisi\u00f3 i suspendre els entrenaments de pretemporada fins a nova ordre. Destaca el cas de la PD Ayorense, club que va militar la campanya passada en el grup XI de Segona i que ha decidit no inscriure a cap equip ja que, segons el club valenci\u00e0, el protocol de la FFCV \u00abno reuneix les suficients garanties\u00bb per desenvolupar una activitat considerada com \u00abno essencial\u00bb.<\/span><\/p>\n<p><span style=\"color: #003366;\">Tampoc iniciaran la pretemporada altres clubs de la prov\u00edncia de Val\u00e8ncia com el CF Aielo, que pertanyia a el grup XI de Segona Regional; o el EMFB Manuel-L&#8217;\u00c8nova, que competia en el grup IX. Tots dos comparteixen arguments sobre la detenci\u00f3 de la seva activitat esportiva: la falta de mesures sanit\u00e0ries en el protocol de la FFCV. Altres entitats de la mateixa categoria com la UD Rocafort s&#8217;han susp\u00e8s moment\u00e0niament els entrenaments nom\u00e9s per avui dilluns, per\u00f2 encara han de prendre una decisi\u00f3 sobre les sessions dels propers dies &#8230;.<\/span><strong><\/strong><\/p>\n<p style=\"text-align: justify;\"><strong><strong><em><a href=\"https:\/\/golsmedia.com\/tres-nuevos-clubes-detienen-su-pretemporada-por-motivos-sanitarios\/\" target=\"_blank\">leer noticia completa en Golsmedia<\/a><\/em><\/strong><br \/>\n<\/strong><\/p>\n","protected":false},"excerpt":{"rendered":"<p>&nbsp; Tres equipos se suman a l&#8217;Olleria CF y detienen su pretemporada ante la covid-19 El coronavirus sigue azotando las categor\u00edas m\u00e1s modestas del f\u00fatbol espa\u00f1ol. La semana pasada, L\u2019Olleria CF detuvo su pretemporada al considerar que su actividad no es esencial y que el protocolo de la Federaci\u00f3 de Futbol de la Comunitat Valenciana [&hellip;]<\/p>\n","protected":false},"author":1,"featured_media":0,"comment_status":"closed","ping_status":"open","sticky":false,"template":"","format":"standard","meta":{"_monsterinsights_skip_tracking":false,"_monsterinsights_sitenote_active":false,"_monsterinsights_sitenote_note":"","_monsterinsights_sitenote_category":0},"categories":[9,12],"tags":[],"_links":{"self":[{"href":"http:\/\/www.portaldelolleria.es\/index.php?rest_route=\/wp\/v2\/posts\/25748"}],"collection":[{"href":"http:\/\/www.portaldelolleria.es\/index.php?rest_route=\/wp\/v2\/posts"}],"about":[{"href":"http:\/\/www.portaldelolleria.es\/index.php?rest_route=\/wp\/v2\/types\/post"}],"author":[{"embeddable":true,"href":"http:\/\/www.portaldelolleria.es\/index.php?rest_route=\/wp\/v2\/users\/1"}],"replies":[{"embeddable":true,"href":"http:\/\/www.portaldelolleria.es\/index.php?rest_route=%2Fwp%2Fv2%2Fcomments&post=25748"}],"version-history":[{"count":3,"href":"http:\/\/www.portaldelolleria.es\/index.php?rest_route=\/wp\/v2\/posts\/25748\/revisions"}],"predecessor-version":[{"id":25752,"href":"http:\/\/www.portaldelolleria.es\/index.php?rest_route=\/wp\/v2\/posts\/25748\/revisions\/25752"}],"wp:attachment":[{"href":"http:\/\/www.portaldelolleria.es\/index.php?rest_route=%2Fwp%2Fv2%2Fmedia&parent=25748"}],"wp:term":[{"taxonomy":"category","embeddable":true,"href":"http:\/\/www.portaldelolleria.es\/index.php?rest_route=%2Fwp%2Fv2%2Fcategories&post=25748"},{"taxonomy":"post_tag","embeddable":true,"href":"http:\/\/www.portaldelolleria.es\/index.php?rest_route=%2Fwp%2Fv2%2Ftags&post=25748"}],"curies":[{"name":"wp","href":"https:\/\/api.w.org\/{rel}","templated":true}]}}